{"id":86163,"date":"2025-04-07T10:02:51","date_gmt":"2025-04-07T08:02:51","guid":{"rendered":"https:\/\/jugulajm.net\/?p=86163"},"modified":"2025-04-07T10:05:17","modified_gmt":"2025-04-07T08:05:17","slug":"emri-itali-vritet-me-arme-zjarri-shqiptari-kishte-dale-per","status":"publish","type":"post","link":"https:\/\/jugulajm.net\/?p=86163","title":{"rendered":"EMRI\/ Itali, vritet me arm\u00eb zjarri shqiptari, kishte dal\u00eb p\u00ebr&#8230;"},"content":{"rendered":"<p>Nj\u00eb ngjarje e r\u00ebnd\u00eb ndodhi mbr\u00ebmjen e djeshme n\u00eb Pordenone, Itali, ku nj\u00eb shtetas shqiptar humbi jet\u00ebn, pasi u q\u00ebllua me arm\u00eb zjarri nga nj\u00eb bashk\u00ebatdhetar.<\/p>\n<p>Sipas raportimit t\u00eb\u00a0<a href=\"https:\/\/www.laprimapagina.it\/2025\/04\/07\/vladimir-topjana-residente-a-cordenons-ucciso-a-fontanafredda-nel-parcheggio-di-due-negozi-spari-dopo-una-lite\/?fbclid=IwY2xjawJgV7dleHRuA2FlbQIxMQABHhU-7D2ApOEwxukpHtEwBlfBV_AqKmKpHKI8Rl4XeXyyVL5Awuix27jPAqsK_aem_JK8UyUlJ6KN_sre9MkIpIQ\">medieve italiane,<\/a> shqiptari i identifikuar si Vladimir Topjana, u q\u00ebllua me arm\u00eb zjarri nga nj\u00eb shqiptar tjet\u00ebr.<\/p>\n<p>E gjith\u00eb ngjarja ndodhi pran\u00eb nj\u00eb lokali ku njer\u00ebzit ishin mbledhur p\u00ebr t\u00eb shikuar ndeshjen e Serie A, Roma-Juventus, nd\u00ebrsa shoq\u00ebrohej nga djali i tij.<\/p>\n<p>52-vje\u00e7ari Topjana ka qen\u00eb duke folur me nj\u00eb t\u00eb af\u00ebrm n\u00eb vendin e parkimit para lokalit. Biseda e tyre u nd\u00ebrpre nga nj\u00eb &#8220;Audi&#8221; i bardh\u00eb q\u00eb erdhi me shpejt\u00ebsi.<\/p>\n<p>Nga aty dol\u00ebn dy persona t\u00eb tjer\u00eb, gjithashtu shqiptar\u00eb. Mes t\u00eb kat\u00ebrve m\u00eb pas ka nisur nj\u00eb debat i ashp\u00ebr i cili ka shkuar deri n\u00eb ngritje z\u00ebri. Kjo ka t\u00ebrhequr v\u00ebmendjen e disa klient\u00ebve, t\u00eb cil\u00ebt tentuan t\u00eb rikthejn\u00eb qet\u00ebsin\u00eb, por nuk ia dol\u00ebn.<\/p>\n<p>M\u00eb pas, shqiptar\u00ebt kan\u00eb l\u00ebvizur n\u00eb nj\u00eb hap\u00ebsir\u00eb mes dy bizneseve, ku debati verbal u shnd\u00ebrrua n\u00eb vrasje. Nj\u00ebri nga personat nxorri arm\u00ebn dhe q\u00eblloi t\u00eb pakt\u00ebn tre her\u00eb. Nj\u00eb nga plumbat e kap\u00ebn Topjan\u00ebn n\u00eb kok\u00eb duke i marr\u00eb jet\u00ebn menj\u00ebher\u00eb.<\/p>\n<p>Policia njoftoi se pran\u00eb vendit t\u00eb ngjarjes ka qen\u00eb rast\u00ebsisht kunati i tij, i cili n\u00eb fillim nuk ka kuptuar se \u00e7far\u00eb po ndodhte. Pak pas tij ka mb\u00ebrritur edhe djali i viktim\u00ebs.<\/p>\n<p>52-vje\u00e7ari, sipas\u00a0mediave, e frekuentonte shpesh zon\u00ebn pasi kishte disa t\u00eb af\u00ebrm q\u00eb jetonin aty.<\/p>\n<p>\u201cPo parkoja dhe sapo dola nga makina d\u00ebgjova \u201cBam! Bam!\u201d. T\u00eb sht\u00ebna. Shkova me vrap dhe pash\u00eb kunatin n\u00eb tok\u00eb, kishte gjak. K\u00ebrkova ndihm\u00eb. Nuk m\u00eb ka ndodhur kurr\u00eb di\u00e7ka e till\u00eb\u201d, tha kunati i tij.<\/p>\n<p>Autoritetet kan\u00eb nisur hetimet p\u00ebr zbardhjen e plot\u00eb t\u00eb ngjarjes, si dhe kapjen e autor\u00ebve.<\/p>\n","protected":false},"excerpt":{"rendered":"<p>Nj\u00eb ngjarje e r\u00ebnd\u00eb ndodhi mbr\u00ebmjen e djeshme n\u00eb Pordenone, Itali, ku nj\u00eb shtetas shqiptar humbi jet\u00ebn, pasi u q\u00ebllua me arm\u00eb zjarri nga nj\u00eb bashk\u00ebatdhetar. Sipas raportimit t\u00eb\u00a0medieve italiane, shqiptari i identifikuar si Vladimir Topjana, u q\u00ebllua me arm\u00eb zjarri nga nj\u00eb shqiptar tjet\u00ebr. E gjith\u00eb ngjarja ndodhi pran\u00eb nj\u00eb lokali ku njer\u00ebzit ishin [&hellip;]<\/p>\n","protected":false},"author":5,"featured_media":60126,"comment_status":"closed","ping_status":"closed","sticky":false,"template":"","format":"standard","meta":{"footnotes":""},"categories":[1,7664,6332],"tags":[23636,35681,35680],"class_list":{"0":"post-86163","1":"post","2":"type-post","3":"status-publish","4":"format-standard","5":"has-post-thumbnail","7":"category-aktualitet","8":"category-bota","9":"category-te-fundit","10":"tag-emri-itali","11":"tag-kishte-dale-per","12":"tag-vritet-me-arme-zjarri-shqiptari"},"_links":{"self":[{"href":"https:\/\/jugulajm.net\/index.php?rest_route=\/wp\/v2\/posts\/86163","targetHints":{"allow":["GET"]}}],"collection":[{"href":"https:\/\/jugulajm.net\/index.php?rest_route=\/wp\/v2\/posts"}],"about":[{"href":"https:\/\/jugulajm.net\/index.php?rest_route=\/wp\/v2\/types\/post"}],"author":[{"embeddable":true,"href":"https:\/\/jugulajm.net\/index.php?rest_route=\/wp\/v2\/users\/5"}],"replies":[{"embeddable":true,"href":"https:\/\/jugulajm.net\/index.php?rest_route=%2Fwp%2Fv2%2Fcomments&post=86163"}],"version-history":[{"count":2,"href":"https:\/\/jugulajm.net\/index.php?rest_route=\/wp\/v2\/posts\/86163\/revisions"}],"predecessor-version":[{"id":86165,"href":"https:\/\/jugulajm.net\/index.php?rest_route=\/wp\/v2\/posts\/86163\/revisions\/86165"}],"wp:featuredmedia":[{"embeddable":true,"href":"https:\/\/jugulajm.net\/index.php?rest_route=\/wp\/v2\/media\/60126"}],"wp:attachment":[{"href":"https:\/\/jugulajm.net\/index.php?rest_route=%2Fwp%2Fv2%2Fmedia&parent=86163"}],"wp:term":[{"taxonomy":"category","embeddable":true,"href":"https:\/\/jugulajm.net\/index.php?rest_route=%2Fwp%2Fv2%2Fcategories&post=86163"},{"taxonomy":"post_tag","embeddable":true,"href":"https:\/\/jugulajm.net\/index.php?rest_route=%2Fwp%2Fv2%2Ftags&post=86163"}],"curies":[{"name":"wp","href":"https:\/\/api.w.org\/{rel}","templated":true}]}}