{"id":86146,"date":"2025-04-06T14:18:30","date_gmt":"2025-04-06T12:18:30","guid":{"rendered":"https:\/\/jugulajm.net\/?p=86146"},"modified":"2025-04-06T14:18:30","modified_gmt":"2025-04-06T12:18:30","slug":"dokumenti-kroacia-kthen-pas-edhe-specat-shqiptare-per-shkak-te-pesticideve","status":"publish","type":"post","link":"https:\/\/jugulajm.net\/?p=86146","title":{"rendered":"DOKUMENTI\/ Kroacia kthen pas edhe specat shqiptar\u00eb p\u00ebr shkak t\u00eb pesticideve"},"content":{"rendered":"<p>M\u00eb 12 Mars, p\u00ebrmes sistemit t\u00eb alarmeve t\u00eb shpejta t\u00eb BE-s\u00eb (RASFF), nj\u00eb ngarkes\u00eb me speca nga Shqip\u00ebria, q\u00eb kishte nivele t\u00eb larta pesticid\u00ebsh, u ndalua n\u00eb Kroaci.<\/p>\n<p>Specat u klasifikuan me rrezik t\u00eb lart\u00eb p\u00ebr konsumatorin, p\u00ebr shkak t\u00eb p\u00ebrmbajtjes shum\u00eb t\u00eb lart\u00eb t\u00eb pesticideve. RASFF njoftoi se shqet\u00ebsimi ishte serioz.<\/p>\n<p>Ngarkesa p\u00ebrmbante flonicamid, nj\u00eb insekticid q\u00eb p\u00ebrdoret p\u00ebr kontrollin e d\u00ebmtuesve n\u00eb fusha dhe sera. Ky pesticid ka nj\u00eb tretshm\u00ebri t\u00eb lart\u00eb n\u00eb uj\u00eb dhe mund t\u00eb shkaktoj\u00eb efekte negative tek gjitar\u00ebt, p\u00ebrfshir\u00eb njer\u00ebzit, ve\u00e7an\u00ebrisht n\u00eb m\u00ebl\u00e7i dhe veshka.<\/p>\n<p>Pavar\u00ebsisht alarmit t\u00eb d\u00ebrguar nga RASFF, ende nuk ka pasur ndonj\u00eb njoftim zyrtar nga Ministria e Bujq\u00ebsis\u00eb p\u00ebr trajtimin e ngarkes\u00ebs. Pothuajse nj\u00eb muaj pas k\u00ebtij njoftimi, mbetet e paqart\u00eb se ku ka p\u00ebrfunduar ngarkesa \u2013 n\u00ebse \u00ebsht\u00eb asgjesuar apo shp\u00ebrndar\u00eb n\u00eb tregun shqiptar, si\u00e7 ndodhi me mandarinat q\u00eb u refuzuan nga Kroacia dhe m\u00eb pas u shitur n\u00eb vendin ton\u00eb.<\/p>\n<p>Asnj\u00eb p\u00ebrgjigje nga autoritetet p\u00ebr k\u00ebto pyetje. Nd\u00ebrkoh\u00eb, p\u00ebr rastin e mandarinave, u arrestuan disa individ\u00eb, por p\u00ebr \u00e7\u00ebshtjen e specave nuk ka ende asnj\u00eb informacion zyrtar.<\/p>\n<div class=\"fotogaleri\">\n<div class=\"bx-wrapper\">\n<div class=\"bx-viewport\">\n<ul class=\"read-slider\">\n<li><a href=\"https:\/\/www.syri.net\/fotogaleria\/777262\/pas-mandarinave-kroacia-kthen-pas-edhe-specat-shqiptare-per-shkak-te-pesticideve-asnje-reagim-nga-institucionet\/\"><img decoding=\"async\" src=\"https:\/\/www.syri.net\/uploads\/syri.net\/images\/2025\/April\/06\/auto_img_9152-11743940778.jpg\" \/><\/a>&nbsp;\n<div class=\"fotogaleri\">\n<div class=\"bx-wrapper\">\n<div class=\"bx-viewport\">\n<ul class=\"read-slider\">\n<li><a href=\"https:\/\/www.syri.net\/fotogaleria\/777262\/pas-mandarinave-kroacia-kthen-pas-edhe-specat-shqiptare-per-shkak-te-pesticideve-asnje-reagim-nga-institucionet\/\"><img decoding=\"async\" src=\"https:\/\/www.syri.net\/uploads\/syri.net\/images\/2025\/April\/06\/auto_22221743940806.jpg\" \/><\/a><\/li>\n<\/ul>\n<\/div>\n<\/div>\n<\/div>\n<\/li>\n<\/ul>\n<\/div>\n<\/div>\n<\/div>\n","protected":false},"excerpt":{"rendered":"<p>M\u00eb 12 Mars, p\u00ebrmes sistemit t\u00eb alarmeve t\u00eb shpejta t\u00eb BE-s\u00eb (RASFF), nj\u00eb ngarkes\u00eb me speca nga Shqip\u00ebria, q\u00eb kishte nivele t\u00eb larta pesticid\u00ebsh, u ndalua n\u00eb Kroaci. Specat u klasifikuan me rrezik t\u00eb lart\u00eb p\u00ebr konsumatorin, p\u00ebr shkak t\u00eb p\u00ebrmbajtjes shum\u00eb t\u00eb lart\u00eb t\u00eb pesticideve. RASFF njoftoi se shqet\u00ebsimi ishte serioz. Ngarkesa p\u00ebrmbante flonicamid, [&hellip;]<\/p>\n","protected":false},"author":5,"featured_media":86147,"comment_status":"closed","ping_status":"closed","sticky":false,"template":"","format":"standard","meta":{"footnotes":""},"categories":[1,7652,6332],"tags":[35673],"class_list":{"0":"post-86146","1":"post","2":"type-post","3":"status-publish","4":"format-standard","5":"has-post-thumbnail","7":"category-aktualitet","8":"category-shendetesi","9":"category-te-fundit","10":"tag-kroacia-kthen-pas-edhe-specat-shqiptare-per-shkak-te-pesticideve"},"_links":{"self":[{"href":"https:\/\/jugulajm.net\/index.php?rest_route=\/wp\/v2\/posts\/86146","targetHints":{"allow":["GET"]}}],"collection":[{"href":"https:\/\/jugulajm.net\/index.php?rest_route=\/wp\/v2\/posts"}],"about":[{"href":"https:\/\/jugulajm.net\/index.php?rest_route=\/wp\/v2\/types\/post"}],"author":[{"embeddable":true,"href":"https:\/\/jugulajm.net\/index.php?rest_route=\/wp\/v2\/users\/5"}],"replies":[{"embeddable":true,"href":"https:\/\/jugulajm.net\/index.php?rest_route=%2Fwp%2Fv2%2Fcomments&post=86146"}],"version-history":[{"count":1,"href":"https:\/\/jugulajm.net\/index.php?rest_route=\/wp\/v2\/posts\/86146\/revisions"}],"predecessor-version":[{"id":86148,"href":"https:\/\/jugulajm.net\/index.php?rest_route=\/wp\/v2\/posts\/86146\/revisions\/86148"}],"wp:featuredmedia":[{"embeddable":true,"href":"https:\/\/jugulajm.net\/index.php?rest_route=\/wp\/v2\/media\/86147"}],"wp:attachment":[{"href":"https:\/\/jugulajm.net\/index.php?rest_route=%2Fwp%2Fv2%2Fmedia&parent=86146"}],"wp:term":[{"taxonomy":"category","embeddable":true,"href":"https:\/\/jugulajm.net\/index.php?rest_route=%2Fwp%2Fv2%2Fcategories&post=86146"},{"taxonomy":"post_tag","embeddable":true,"href":"https:\/\/jugulajm.net\/index.php?rest_route=%2Fwp%2Fv2%2Ftags&post=86146"}],"curies":[{"name":"wp","href":"https:\/\/api.w.org\/{rel}","templated":true}]}}