{"id":86038,"date":"2025-04-03T20:38:15","date_gmt":"2025-04-03T18:38:15","guid":{"rendered":"https:\/\/jugulajm.net\/?p=86038"},"modified":"2025-04-04T11:41:32","modified_gmt":"2025-04-04T09:41:32","slug":"video-drama-e-pambaruar-e-erlindes-gruas-nga-dragoti-qe-dhunohej-sistematikisht-nga-ish-bashkeshorti","status":"publish","type":"post","link":"https:\/\/jugulajm.net\/?p=86038","title":{"rendered":"VIDEO\/ Drama e pambaruar e Erlind\u00ebs, gruas nga Dragoti q\u00eb dhunohej sistematikisht nga ish-bashk\u00ebshorti"},"content":{"rendered":"<p>Kjo \u00ebsht\u00eb Erlinda Haska, n\u00ebn\u00eb e tre f\u00ebmij\u00ebve e dhunuar sistematikisht brutalisht nga ish-bashk\u00ebshorti i saj, i cili sot gjendet n\u00eb qeli.<\/p>\n<p>Erlinda theu heshtjen disa vje\u00e7are, q\u00eb e brrente p\u00ebrdit\u00eb dhe vendosi t\u00eb shprehej p\u00ebr kalvarin e vuajtjeve t\u00eb p\u00ebrjetuara p\u00ebrgjat\u00eb viteve t\u00eb martes\u00ebs me ish-baban\u00eb e tre vajzave.<\/p>\n<p>Erlinda ka vite q\u00eb \u00ebsht\u00eb kthyer n\u00eb fshatin e saj t\u00eb lindjes, qysh kur vendosi q\u00eb t\u00eb largohej nga banesa e t\u00eb shoqit n\u00eb Libohov\u00eb. Dhuna sistematike ndaj saj, p\u00ebrbuzjet q\u00eb p\u00ebrjetonte, dhuna ndaj vajzave minorene q\u00eb ushtronte ish i shoqi, trajtim \u00e7njer\u00ebzor me buk\u00ebn e goj\u00ebs q\u00eb i b\u00ebnte ai, e detyruan at\u00eb q\u00eb t\u00eb merrte rrug\u00ebn p\u00ebr t\u2019u kthyer n\u00eb Dragot, tek fshati i saj i lindjes.<\/p>\n<p>Sot Erlinda s\u00eb bashku me f\u00ebmij\u00ebt e saj jetojn\u00eb n\u00eb k\u00ebt\u00eb banes\u00eb p\u00ebrdhese, q\u00eb vet\u00ebm e till\u00eb nuk mund t\u00eb quhet.<\/p>\n<p>P\u00ebr nga vet\u00eb pamjet duket nj\u00eb ngrehin\u00eb, ku nga momenti n\u00eb moment mund t\u00eb z\u00ebr\u00eb brenda vet\u00eb Erlind\u00ebn, f\u00ebmij\u00ebt e saj, dy v\u00ebllez\u00ebrit, veti i pest\u00eb dhe n\u00ebn\u00ebn e saj t\u00eb s\u00ebmur\u00eb.<\/p>\n<p>Situata ekonomike \u00ebsht\u00eb m\u00eb shum\u00eb se e keqe. Trajtimi financiar prej 12 mij\u00eb lek\u00ebsh q\u00eb merr e \u00ebma nuk arrijn\u00eb as p\u00ebr barnat q\u00eb kurohet nga disa s\u00ebmundje.<\/p>\n<p>Vet\u00eb kryefamiljarja e sht\u00ebpis\u00eb e dergjur n\u00eb shtrat, flet p\u00ebr gjendjen shum\u00eb t\u00eb r\u00ebnduar ekonomike q\u00eb p\u00ebrjeton kjo familje.<\/p>\n<p>Nga ana e vet Administratori i Nj\u00ebsis\u00eb Qend\u00ebr, Tepelen\u00eb, Leonidha Shumeli, premton trajtim financiar p\u00ebr Erlind\u00ebn e dhunuar dhe kjo n\u00eb kufijt\u00eb e lejimit t\u00eb ligjit, nd\u00ebrkoh\u00eb q\u00eb egzistojn\u00eb mund\u00ebsi q\u00eb Erlinda t\u00eb nis\u00eb nj\u00eb pun\u00eb p\u00ebr t\u00eb siguruar t\u00eb holla t\u00eb mjaftueshme p\u00ebr t\u00eb mbajtur frym\u00ebn gjall\u00eb ajo dhe vajzat e s\u00ebmura.<\/p>\n<p><strong>\u00a0<\/strong><\/p>\n","protected":false},"excerpt":{"rendered":"<p>Kjo \u00ebsht\u00eb Erlinda Haska, n\u00ebn\u00eb e tre f\u00ebmij\u00ebve e dhunuar sistematikisht brutalisht nga ish-bashk\u00ebshorti i saj, i cili sot gjendet n\u00eb qeli. Erlinda theu heshtjen disa vje\u00e7are, q\u00eb e brrente p\u00ebrdit\u00eb dhe vendosi t\u00eb shprehej p\u00ebr kalvarin e vuajtjeve t\u00eb p\u00ebrjetuara p\u00ebrgjat\u00eb viteve t\u00eb martes\u00ebs me ish-baban\u00eb e tre vajzave. Erlinda ka vite q\u00eb \u00ebsht\u00eb [&hellip;]<\/p>\n","protected":false},"author":5,"featured_media":86040,"comment_status":"closed","ping_status":"closed","sticky":false,"template":"","format":"video","meta":{"footnotes":""},"categories":[1,6332,29228,26832],"tags":[29137,35635,20204],"class_list":{"0":"post-86038","1":"post","2":"type-post","3":"status-publish","4":"format-video","5":"has-post-thumbnail","7":"category-aktualitet","8":"category-te-fundit","9":"category-vendi","10":"category-video","11":"tag-dragot","12":"tag-erlinda-haskaj","13":"tag-tepelene","14":"post_format-post-format-video"},"_links":{"self":[{"href":"https:\/\/jugulajm.net\/index.php?rest_route=\/wp\/v2\/posts\/86038","targetHints":{"allow":["GET"]}}],"collection":[{"href":"https:\/\/jugulajm.net\/index.php?rest_route=\/wp\/v2\/posts"}],"about":[{"href":"https:\/\/jugulajm.net\/index.php?rest_route=\/wp\/v2\/types\/post"}],"author":[{"embeddable":true,"href":"https:\/\/jugulajm.net\/index.php?rest_route=\/wp\/v2\/users\/5"}],"replies":[{"embeddable":true,"href":"https:\/\/jugulajm.net\/index.php?rest_route=%2Fwp%2Fv2%2Fcomments&post=86038"}],"version-history":[{"count":2,"href":"https:\/\/jugulajm.net\/index.php?rest_route=\/wp\/v2\/posts\/86038\/revisions"}],"predecessor-version":[{"id":86049,"href":"https:\/\/jugulajm.net\/index.php?rest_route=\/wp\/v2\/posts\/86038\/revisions\/86049"}],"wp:featuredmedia":[{"embeddable":true,"href":"https:\/\/jugulajm.net\/index.php?rest_route=\/wp\/v2\/media\/86040"}],"wp:attachment":[{"href":"https:\/\/jugulajm.net\/index.php?rest_route=%2Fwp%2Fv2%2Fmedia&parent=86038"}],"wp:term":[{"taxonomy":"category","embeddable":true,"href":"https:\/\/jugulajm.net\/index.php?rest_route=%2Fwp%2Fv2%2Fcategories&post=86038"},{"taxonomy":"post_tag","embeddable":true,"href":"https:\/\/jugulajm.net\/index.php?rest_route=%2Fwp%2Fv2%2Ftags&post=86038"}],"curies":[{"name":"wp","href":"https:\/\/api.w.org\/{rel}","templated":true}]}}