{"id":86016,"date":"2025-04-03T13:53:50","date_gmt":"2025-04-03T11:53:50","guid":{"rendered":"https:\/\/jugulajm.net\/?p=86016"},"modified":"2025-04-03T13:53:50","modified_gmt":"2025-04-03T11:53:50","slug":"dokumenti-belinda-urdheron-me-lani-makinen-1-dite-po-1-dite-jo-sepse-ndryshe","status":"publish","type":"post","link":"https:\/\/jugulajm.net\/?p=86016","title":{"rendered":"DOKUMENTI\/ Belinda urdh\u00ebron: M\u00eb lani makin\u00ebn 1 dit\u00eb po, 1 dit\u00eb jo, sepse ndryshe&#8230;"},"content":{"rendered":"<p>Ministrja e Infrastruktur\u00ebs dhe Energjis\u00eb, Belinda Balluku, \u00ebsht\u00eb aktualisht njeriu i dyt\u00eb m\u00eb i pushtetsh\u00ebm politikisht n\u00eb Shqip\u00ebri, pas kryeministrit, Edi Rama.<\/p>\n<p>Nd\u00ebrkoh\u00eb, aparati i ministris\u00eb q\u00eb ajo drejton sa vjen e shtohet, teksa kan\u00eb ardhur edhe benefitet.<\/p>\n<p>Sipas dokumenteve q\u00eb disponon mediat, Balluku ka urdh\u00ebruar vart\u00ebsit e saj q\u00eb t\u00eb b\u00ebjn\u00eb nj\u00eb tender p\u00ebr t\u2019i lar\u00eb makin\u00ebn e shtetit me t\u00eb cil\u00ebn l\u00ebviz, nj\u00eb Audi A8.<\/p>\n<p>Dokumenti i m\u00ebsip\u00ebrm \u00ebsht\u00eb njoftimi i tenderit q\u00eb ka shpallur Ministria e Infrastruktur\u00ebs.<\/p>\n<p>Objekti \u00ebsht\u00eb \u201csh\u00ebrbim larje autovetura, tapiceri\u201d, teksa fondi \u00ebsht\u00eb n\u00ebn 10 mij\u00eb euro. Procedura \u00ebsht\u00eb b\u00ebr\u00eb n\u00eb dat\u00ebn 28 mars 2025.<\/p>\n<p>Sipas dokumenteve q\u00eb disponon media, k\u00ebrkohet q\u00eb t\u00eb lahen 10 automjete. S\u2019do mend q\u00eb t\u00eb gjitha mjetet e listuara jan\u00eb t\u00eb titullar\u00ebve. E para \u00ebsht\u00eb mjeti AUDI A8, q\u00eb l\u00ebviz Balluku.<\/p>\n<figure class=\"wp-block-image size-full\"><img loading=\"lazy\" loading=\"lazy\" decoding=\"async\" class=\"wp-image-337005 td-animation-stack-type0-2\" src=\"https:\/\/faktor.al\/wp-content\/uploads\/2025\/04\/x1000086235.jpg.pagespeed.ic.t4cXudY8pl.webp\" sizes=\"auto, (max-width: 640px) 100vw, 640px\" srcset=\"https:\/\/faktor.al\/wp-content\/uploads\/2025\/04\/x1000086235.jpg.pagespeed.ic.t4cXudY8pl.webp 640w, https:\/\/faktor.al\/wp-content\/uploads\/2025\/04\/x1000086235-271x300.jpg.pagespeed.ic.epHcZLRWFB.webp 271w, https:\/\/faktor.al\/wp-content\/uploads\/2025\/04\/x1000086235-150x166.jpg.pagespeed.ic.baYAF80b-Z.webp 150w, https:\/\/faktor.al\/wp-content\/uploads\/2025\/04\/x1000086235-300x332.jpg.pagespeed.ic.VHi7A4w4vg.webp 300w\" alt=\"\" width=\"640\" height=\"708\" data-pagespeed-url-hash=\"3877596208\" \/><\/figure>\n","protected":false},"excerpt":{"rendered":"<p>Ministrja e Infrastruktur\u00ebs dhe Energjis\u00eb, Belinda Balluku, \u00ebsht\u00eb aktualisht njeriu i dyt\u00eb m\u00eb i pushtetsh\u00ebm politikisht n\u00eb Shqip\u00ebri, pas kryeministrit, Edi Rama. Nd\u00ebrkoh\u00eb, aparati i ministris\u00eb q\u00eb ajo drejton sa vjen e shtohet, teksa kan\u00eb ardhur edhe benefitet. Sipas dokumenteve q\u00eb disponon mediat, Balluku ka urdh\u00ebruar vart\u00ebsit e saj q\u00eb t\u00eb b\u00ebjn\u00eb nj\u00eb tender p\u00ebr [&hellip;]<\/p>\n","protected":false},"author":5,"featured_media":42986,"comment_status":"closed","ping_status":"closed","sticky":false,"template":"","format":"standard","meta":{"footnotes":""},"categories":[6326,6332,29228],"tags":[35628,35627,35629],"class_list":{"0":"post-86016","1":"post","2":"type-post","3":"status-publish","4":"format-standard","5":"has-post-thumbnail","7":"category-politike","8":"category-te-fundit","9":"category-vendi","10":"tag-1-dite-jo","11":"tag-dokumenti-belinda-urdheron-me-lani-makinen-1-dite-po","12":"tag-sepse-ndryshe"},"_links":{"self":[{"href":"https:\/\/jugulajm.net\/index.php?rest_route=\/wp\/v2\/posts\/86016","targetHints":{"allow":["GET"]}}],"collection":[{"href":"https:\/\/jugulajm.net\/index.php?rest_route=\/wp\/v2\/posts"}],"about":[{"href":"https:\/\/jugulajm.net\/index.php?rest_route=\/wp\/v2\/types\/post"}],"author":[{"embeddable":true,"href":"https:\/\/jugulajm.net\/index.php?rest_route=\/wp\/v2\/users\/5"}],"replies":[{"embeddable":true,"href":"https:\/\/jugulajm.net\/index.php?rest_route=%2Fwp%2Fv2%2Fcomments&post=86016"}],"version-history":[{"count":1,"href":"https:\/\/jugulajm.net\/index.php?rest_route=\/wp\/v2\/posts\/86016\/revisions"}],"predecessor-version":[{"id":86017,"href":"https:\/\/jugulajm.net\/index.php?rest_route=\/wp\/v2\/posts\/86016\/revisions\/86017"}],"wp:featuredmedia":[{"embeddable":true,"href":"https:\/\/jugulajm.net\/index.php?rest_route=\/wp\/v2\/media\/42986"}],"wp:attachment":[{"href":"https:\/\/jugulajm.net\/index.php?rest_route=%2Fwp%2Fv2%2Fmedia&parent=86016"}],"wp:term":[{"taxonomy":"category","embeddable":true,"href":"https:\/\/jugulajm.net\/index.php?rest_route=%2Fwp%2Fv2%2Fcategories&post=86016"},{"taxonomy":"post_tag","embeddable":true,"href":"https:\/\/jugulajm.net\/index.php?rest_route=%2Fwp%2Fv2%2Ftags&post=86016"}],"curies":[{"name":"wp","href":"https:\/\/api.w.org\/{rel}","templated":true}]}}