{"id":85966,"date":"2025-04-01T20:44:36","date_gmt":"2025-04-01T18:44:36","guid":{"rendered":"https:\/\/jugulajm.net\/?p=85966"},"modified":"2025-04-01T20:45:05","modified_gmt":"2025-04-01T18:45:05","slug":"sarande-babai-i-17-vjecarit-te-plagosur-rrefen-ngjarjen-tronditese-gjakun-e-djalit-tim-nuk-e-shes","status":"publish","type":"post","link":"https:\/\/jugulajm.net\/?p=85966","title":{"rendered":"Sarand\u00eb\/ Babai i 17-vje\u00e7arit t\u00eb plagosur rr\u00ebfen ngjarjen trondit\u00ebse: Gjakun e djalit tim nuk e shes"},"content":{"rendered":"<h3><span style=\"vertical-align: inherit;\"><span style=\"vertical-align: inherit;\">\u201cGjakun e djalit tim nuk e shes\u201d \u2013 Babai i 17-vje\u00e7arit t\u00eb plagosur n\u00eb Sarand\u00eb rr\u00ebfen ngjarjen trondit\u00ebse.<\/span><\/span><\/h3>\n<p><span style=\"vertical-align: inherit;\"><span style=\"vertical-align: inherit;\">&#8220;Gjendja e djalit tim \u00ebsht\u00eb shum\u00eb e r\u00ebnd\u00eb. Ai \u00ebsht\u00eb goditur brutalisht dhe tani po lufton p\u00ebr sh\u00ebndetin e tij.&#8221;<\/span><\/span><\/p>\n<p><span style=\"vertical-align: inherit;\"><span style=\"vertical-align: inherit;\">K\u00ebshtu e nis rr\u00ebfimin babai i 17-vje\u00e7arit t\u00eb plagosur me nj\u00eb 18-vje\u00e7ar n\u00eb Sarand\u00eb. Ai tregon se ky nuk \u00ebsht\u00eb konflikti i par\u00eb mes t\u00eb rinjve dhe se m\u00eb par\u00eb djali i tij kishte fshehur t\u00eb v\u00ebrtet\u00ebn nga frika.<\/span><\/span><\/p>\n<p><span style=\"vertical-align: inherit;\"><span style=\"vertical-align: inherit;\">&#8220;Ky \u00ebsht\u00eb sherri i dyt\u00eb. I pari ndodhi m\u00eb 22 mars, por at\u00ebher\u00eb djali im nuk n\u00eb at\u00eb q\u00eb kishte ndodhur. Ai nuk kishte r\u00ebn\u00eb n\u00eb shkall\u00ebn e tij, por n\u00eb fakt ishte ai i nj\u00eb personi.<\/span><\/span><\/p>\n<p><span style=\"vertical-align: inherit;\"><span style=\"vertical-align: inherit;\">Sipas tij, e gjith\u00eb ngjarja nisi p\u00ebr nj\u00eb arsye absurde.<\/span><\/span><\/p>\n<p><span style=\"vertical-align: inherit;\"><span style=\"vertical-align: inherit;\">&#8220;Im bir po kalon rrug\u00ebt me shokun e tij kur nj\u00eb vajz\u00eb i buz\u00ebqeshi. Ata nuk e njihnin djalin e djalit, nuk e ka. Por autori nga xhelozia ose di\u00e7ka tjet\u00ebr, e sulmon tim.&#8221;<\/span><\/span><\/p>\n<p><strong><span style=\"vertical-align: inherit;\"><span style=\"vertical-align: inherit;\">\u201cThik\u00ebn ia ngarkuan djalit tim\u201d<\/span><\/span><\/strong><\/p>\n<p><span style=\"vertical-align: inherit;\"><span style=\"vertical-align: inherit;\">Babai i miturit shprehin se djalit t\u00eb tij po ndodh edhe pas ngjarjes.<\/span><\/span><\/p>\n<p><span style=\"vertical-align: inherit;\"><span style=\"vertical-align: inherit;\">\u201cThika e gjith\u00eb kjo \u00ebsht\u00eb gjetur, por ia kan\u00eb ngarkuar djalin tim. N\u00eb momentin q\u00eb ka pasur n\u00eb dor\u00eb, ata jan\u00eb m\u00eb t\u00eb prekurit dhe tani po e b\u00ebjn\u00eb fajtor at\u00eb.\u201d<\/span><\/span><\/p>\n<p><span style=\"vertical-align: inherit;\"><span style=\"vertical-align: inherit;\">Ai rr\u00ebfen se pas ngjarjes, dashuri e autorit kan\u00eb shkuar n\u00eb sht\u00ebpin\u00eb e tij dhe kan\u00eb tentuar t\u00eb zgjedhin \u00e7\u00ebshtjen me para.<\/span><\/span><\/p>\n<p><span style=\"vertical-align: inherit;\"><span style=\"vertical-align: inherit;\">\u201cPrind\u00ebrit e tij erdh\u00ebn bashk\u00eb me djalin tjet\u00ebr n\u00eb sht\u00ebpi m\u00eb k\u00ebrkuan t\u00eb gjenim nj\u00eb zgjidhje. M\u00eb ofruan para, por un\u00eb nuk e ka gjakun e djalit tim.<\/span><\/span><\/p>\n<p><strong><span style=\"vertical-align: inherit;\"><span style=\"vertical-align: inherit;\">N\u00ebna: \u201cDjalin tim nuk e ndihmoi askush\u201d<\/span><\/span><\/strong><\/p>\n<p><span style=\"vertical-align: inherit;\"><span style=\"vertical-align: inherit;\">N\u00eb k\u00ebt\u00eb rr\u00ebfim rr\u00ebqeth\u00ebs nd\u00ebrhyn edhe n\u00ebna e 17-vje\u00e7arit, e cila mes lot\u00ebsh tregon momentin kur mori vesh p\u00ebr plagosjen e t\u00eb birit.<\/span><\/span><\/p>\n<p><span style=\"vertical-align: inherit;\"><span style=\"vertical-align: inherit;\">&#8220;Ne nuk e dinim \u00e7far\u00eb ndodhi. Ishte shoku i tij ai q\u00eb na lajm\u00ebroi dhe na tha se ishte n\u00eb spitalin e Sarand\u00ebs. Kur shkuam atje, pam\u00eb gjendjen e tij dhe na than\u00eb se duhej t\u00eb d\u00ebrgonte n\u00eb Vlor\u00eb p\u00ebr operacion. Kur djali n\u00eb Vlor\u00eb, mjek\u00ebt na than\u00eb se nuk kishte nevoj\u00eb p\u00ebr operim, por ai nuk mir\u00eb!&#8221;<\/span><\/span><\/p>\n<p><span style=\"vertical-align: inherit;\"><span style=\"vertical-align: inherit;\">Ajo shpreh zem\u00ebrim p\u00ebr indiferenc\u00ebn e njer\u00ebzve q\u00eb ishin aty n\u00eb momentin e ngjarjeve.<\/span><\/span><\/p>\n<p><span style=\"vertical-align: inherit;\"><span style=\"vertical-align: inherit;\">Ai u rr\u00ebzua n\u00eb tok\u00eb dhe nuk e ndihmoi askush! Ai mund t\u00eb kishte vdekur aty!<\/span><\/span><\/p>\n<p><strong><span style=\"vertical-align: inherit;\"><span style=\"vertical-align: inherit;\">\u201cDua t\u00eb hapen kamerat, duaja\u201d<\/span><\/span><\/strong><\/p>\n<p><span style=\"vertical-align: inherit;\"><span style=\"vertical-align: inherit;\">Babai i 17-vje\u00e7arit b\u00ebn fjal\u00eb q\u00eb ngjarja t\u00eb zbardhet dhe t\u00eb merren masa ndaj autorit.<\/span><\/span><\/p>\n<p><span style=\"vertical-align: inherit;\"><span style=\"vertical-align: inherit;\">Nuk dua q\u00eb kjo \u00e7\u00ebshtje t\u00eb mbuloj\u00eb.<\/span><\/span><\/p>\n<p><span style=\"vertical-align: inherit;\"><span style=\"vertical-align: inherit;\">Ngjarja ka tronditur qytetin e Sarand\u00ebs, ku nuk ka nevoj\u00eb p\u00ebr masa t\u00eb menj\u00ebhershme p\u00ebr t\u00eb luftuar dhun\u00ebn e rinjve dhe familjeve marrin pjes\u00eb p\u00ebr 17-vje\u00e7arin e plagosur.<\/span><\/span><\/p>\n","protected":false},"excerpt":{"rendered":"<p>\u201cGjakun e djalit tim nuk e shes\u201d \u2013 Babai i 17-vje\u00e7arit t\u00eb plagosur n\u00eb Sarand\u00eb rr\u00ebfen ngjarjen trondit\u00ebse. &#8220;Gjendja e djalit tim \u00ebsht\u00eb shum\u00eb e r\u00ebnd\u00eb. Ai \u00ebsht\u00eb goditur brutalisht dhe tani po lufton p\u00ebr sh\u00ebndetin e tij.&#8221; K\u00ebshtu e nis rr\u00ebfimin babai i 17-vje\u00e7arit t\u00eb plagosur me nj\u00eb 18-vje\u00e7ar n\u00eb Sarand\u00eb. Ai tregon se [&hellip;]<\/p>\n","protected":false},"author":5,"featured_media":85967,"comment_status":"closed","ping_status":"closed","sticky":false,"template":"","format":"standard","meta":{"footnotes":""},"categories":[1,6332,29228],"tags":[35604],"class_list":{"0":"post-85966","1":"post","2":"type-post","3":"status-publish","4":"format-standard","5":"has-post-thumbnail","7":"category-aktualitet","8":"category-te-fundit","9":"category-vendi","10":"tag-sarande-babai-i-17-vjecarit-te-plagosur-rrefen-ngjarjen-tronditese-gjakun-e-djalit-tim-nuk-e-shes"},"_links":{"self":[{"href":"https:\/\/jugulajm.net\/index.php?rest_route=\/wp\/v2\/posts\/85966","targetHints":{"allow":["GET"]}}],"collection":[{"href":"https:\/\/jugulajm.net\/index.php?rest_route=\/wp\/v2\/posts"}],"about":[{"href":"https:\/\/jugulajm.net\/index.php?rest_route=\/wp\/v2\/types\/post"}],"author":[{"embeddable":true,"href":"https:\/\/jugulajm.net\/index.php?rest_route=\/wp\/v2\/users\/5"}],"replies":[{"embeddable":true,"href":"https:\/\/jugulajm.net\/index.php?rest_route=%2Fwp%2Fv2%2Fcomments&post=85966"}],"version-history":[{"count":2,"href":"https:\/\/jugulajm.net\/index.php?rest_route=\/wp\/v2\/posts\/85966\/revisions"}],"predecessor-version":[{"id":85969,"href":"https:\/\/jugulajm.net\/index.php?rest_route=\/wp\/v2\/posts\/85966\/revisions\/85969"}],"wp:featuredmedia":[{"embeddable":true,"href":"https:\/\/jugulajm.net\/index.php?rest_route=\/wp\/v2\/media\/85967"}],"wp:attachment":[{"href":"https:\/\/jugulajm.net\/index.php?rest_route=%2Fwp%2Fv2%2Fmedia&parent=85966"}],"wp:term":[{"taxonomy":"category","embeddable":true,"href":"https:\/\/jugulajm.net\/index.php?rest_route=%2Fwp%2Fv2%2Fcategories&post=85966"},{"taxonomy":"post_tag","embeddable":true,"href":"https:\/\/jugulajm.net\/index.php?rest_route=%2Fwp%2Fv2%2Ftags&post=85966"}],"curies":[{"name":"wp","href":"https:\/\/api.w.org\/{rel}","templated":true}]}}