{"id":85960,"date":"2025-04-01T15:45:32","date_gmt":"2025-04-01T13:45:32","guid":{"rendered":"https:\/\/jugulajm.net\/?p=85960"},"modified":"2025-04-01T15:45:32","modified_gmt":"2025-04-01T13:45:32","slug":"sarande-prangoset-55-vjecari-dje-plagosi-me-thike-bashkeshorten","status":"publish","type":"post","link":"https:\/\/jugulajm.net\/?p=85960","title":{"rendered":"Sarand\u00eb, prangoset 55-vje\u00e7ari, dje plagosi me thik\u00eb bashk\u00ebshorten"},"content":{"rendered":"<p>Policia e Sarand\u00ebs ka arrestuar nj\u00eb 55-vje\u00e7ar i cili plagosi me thik\u00eb bashk\u00ebshorten e tij dit\u00ebn e djeshme.<\/p>\n<p>Uniformat blu b\u00ebjn\u00eb me dije se ai \u00ebsht\u00eb arrestuar n\u00eb zon\u00ebn e quajtur \u201cKthesa e Kokom\u00ebs\u201d.<\/p>\n<p>Nd\u00ebrkoh\u00eb 51-vje\u00e7arja ndodhet n\u00eb spital, jasht\u00eb rrezikut p\u00ebr jet\u00ebn.<\/p>\n<p><em>\u201cSarand\u00eb\/Kapet dhe vihet n\u00eb pranga brenda 24 or\u00ebve autori i dyshuar q\u00eb plagosi me thik\u00eb bashk\u00ebshorten.<\/em><\/p>\n<p><em>N\u00eb vijim t\u00eb informacionit paraprak t\u00eb dh\u00ebn\u00eb dit\u00ebn e djeshme, lidhur me ngjarjen e ndodhur rreth or\u00ebs 17:40, n\u00eb lagjen nr. 4, Sarand\u00eb, ku dyshohet se shtetasi A. B., 55 vje\u00e7, gjat\u00eb nj\u00eb konflikti p\u00ebr motive t\u00eb dob\u00ebta n\u00eb banes\u00eb, plagosi me mjet prer\u00ebs (thik\u00eb) bashk\u00ebshorten e tij, shtetasen M. B., 51 vje\u00e7e, ju informojm\u00eb se:<\/em><\/p>\n<p><em>Fal\u00eb pun\u00ebs s\u00eb pand\u00ebrprer\u00eb dhe veprimeve t\u00eb shpejta hetimore e operacionale, sh\u00ebrbimet e Komisariatit t\u00eb Policis\u00eb Sarand\u00eb b\u00ebn\u00eb t\u00eb mundur lokalizimin dhe arrestimin e autorit t\u00eb dyshuar, shtetasit A. B., brenda 24 or\u00ebve nga momenti i ngjarjes, n\u00eb vendin e quajtur \u201cKthesa e Kakomes\u201d, n\u00eb kushtet kur ishte b\u00ebr\u00eb i pamundur largimi i tij, si rezultat i kontrolleve t\u00eb shumta policore n\u00eb terren.<\/em><\/p>\n<p><em>Shtetasja e d\u00ebmtuar, M. B., ndodhet e shtruar n\u00eb spital, n\u00ebn kujdesin e mjek\u00ebve\u201d, njofton policia.<\/em><\/p>\n<p>Materialet do t\u2019i referohen Prokuroris\u00eb pran\u00eb Gjykat\u00ebs s\u00eb Shkall\u00ebs s\u00eb Par\u00eb t\u00eb Juridiksionit t\u00eb P\u00ebrgjithsh\u00ebm Sarand\u00eb, p\u00ebr veprime t\u00eb m\u00ebtejshme procedurale.<\/p>\n","protected":false},"excerpt":{"rendered":"<p>Policia e Sarand\u00ebs ka arrestuar nj\u00eb 55-vje\u00e7ar i cili plagosi me thik\u00eb bashk\u00ebshorten e tij dit\u00ebn e djeshme. Uniformat blu b\u00ebjn\u00eb me dije se ai \u00ebsht\u00eb arrestuar n\u00eb zon\u00ebn e quajtur \u201cKthesa e Kokom\u00ebs\u201d. Nd\u00ebrkoh\u00eb 51-vje\u00e7arja ndodhet n\u00eb spital, jasht\u00eb rrezikut p\u00ebr jet\u00ebn. \u201cSarand\u00eb\/Kapet dhe vihet n\u00eb pranga brenda 24 or\u00ebve autori i dyshuar q\u00eb [&hellip;]<\/p>\n","protected":false},"author":5,"featured_media":51993,"comment_status":"closed","ping_status":"closed","sticky":false,"template":"","format":"standard","meta":{"footnotes":""},"categories":[1,6332,29228],"tags":[35600,28120,20523],"class_list":{"0":"post-85960","1":"post","2":"type-post","3":"status-publish","4":"format-standard","5":"has-post-thumbnail","7":"category-aktualitet","8":"category-te-fundit","9":"category-vendi","10":"tag-dje-plagosi-me-thike-bashkeshorten","11":"tag-prangoset-55-vjecari","12":"tag-sarande"},"_links":{"self":[{"href":"https:\/\/jugulajm.net\/index.php?rest_route=\/wp\/v2\/posts\/85960","targetHints":{"allow":["GET"]}}],"collection":[{"href":"https:\/\/jugulajm.net\/index.php?rest_route=\/wp\/v2\/posts"}],"about":[{"href":"https:\/\/jugulajm.net\/index.php?rest_route=\/wp\/v2\/types\/post"}],"author":[{"embeddable":true,"href":"https:\/\/jugulajm.net\/index.php?rest_route=\/wp\/v2\/users\/5"}],"replies":[{"embeddable":true,"href":"https:\/\/jugulajm.net\/index.php?rest_route=%2Fwp%2Fv2%2Fcomments&post=85960"}],"version-history":[{"count":1,"href":"https:\/\/jugulajm.net\/index.php?rest_route=\/wp\/v2\/posts\/85960\/revisions"}],"predecessor-version":[{"id":85961,"href":"https:\/\/jugulajm.net\/index.php?rest_route=\/wp\/v2\/posts\/85960\/revisions\/85961"}],"wp:featuredmedia":[{"embeddable":true,"href":"https:\/\/jugulajm.net\/index.php?rest_route=\/wp\/v2\/media\/51993"}],"wp:attachment":[{"href":"https:\/\/jugulajm.net\/index.php?rest_route=%2Fwp%2Fv2%2Fmedia&parent=85960"}],"wp:term":[{"taxonomy":"category","embeddable":true,"href":"https:\/\/jugulajm.net\/index.php?rest_route=%2Fwp%2Fv2%2Fcategories&post=85960"},{"taxonomy":"post_tag","embeddable":true,"href":"https:\/\/jugulajm.net\/index.php?rest_route=%2Fwp%2Fv2%2Ftags&post=85960"}],"curies":[{"name":"wp","href":"https:\/\/api.w.org\/{rel}","templated":true}]}}