{"id":85912,"date":"2025-03-30T20:30:41","date_gmt":"2025-03-30T18:30:41","guid":{"rendered":"https:\/\/jugulajm.net\/?p=85912"},"modified":"2025-03-30T20:30:41","modified_gmt":"2025-03-30T18:30:41","slug":"emri-foto-vr%ce%b1sja-e-shqiptarit-ne-burgun-grek-dhe-m%ce%b1fia-e-ndertimit-ne-mykonos","status":"publish","type":"post","link":"https:\/\/jugulajm.net\/?p=85912","title":{"rendered":"EMRI-FOTO\/ Vr\u03b1sja e shqiptarit n\u00eb burgun grek dhe m\u03b1fia e nd\u00ebrtimit n\u00eb Mykonos"},"content":{"rendered":"<p>Nj\u00eb regjistrim audio n\u00eb lidhje me t\u00eb ashtuquajtur\u00ebn \u201cmafia e nd\u00ebrtimit\u201d n\u00eb Mykonos ka 1 vit e gjysm\u00eb ka mbetur i paprekur nga policia greke. Sipas informacioneve t\u00eb portalit \u201c<a href=\"https:\/\/www.datajournalists.co.uk\/2025\/03\/23\/mykonos-i-mafia-tis-oikodomis-kai-to-exafanismeno-ichitiko-ntokoymento-tis-el-as\/\">DataJournalists<\/a>\u201d, b\u00ebhet fjal\u00eb p\u00ebr nj\u00eb bised\u00eb 5-or\u00ebshe mes Alfons Do\u00e7it, i vrar\u00eb n\u00eb burgun e Korydallos dhe nj\u00eb kryekontraktori nga Mykonos, t\u00eb cilin ai e kishte denoncuar si autor t\u00eb porositjes s\u00eb nj\u00eb vrasjeje ndaj nj\u00eb agjenti t\u00eb njohur t\u00eb pasurive t\u00eb paluajtshme nga Mykonosi, t\u00eb cil\u00ebn e kishte marr\u00eb p\u00ebrsip\u00ebr vet\u00eb Do\u00e7i.<\/p>\n<div class=\"jeg_ad jeg_ad_article jnews_content_inline_ads  \">\n<div class=\"ads-wrapper align-center \">\n<div class=\"ads_code\">Biseda n\u00eb fjal\u00eb \u00ebsht\u00eb regjistruar fshehurazi nga Do\u00e7i, n\u00eb t\u00eb cil\u00ebn sipas t\u00eb nj\u00ebjtave burime p\u00ebrmenden persona dhe veprime t\u00eb lidhura me \u201cmafian e nd\u00ebrtimit\u201d n\u00eb Mykonos. Do\u00e7i e kishte dor\u00ebzuar audion n\u00eb Policin\u00eb Helenike n\u00eb qershor 2023, pas nj\u00eb arrestimi aventuresk n\u00eb qend\u00ebr t\u00eb Athin\u00ebs. M\u00eb pas ajo i \u00ebsht\u00eb p\u00ebrcjell\u00eb Drejtoris\u00eb s\u00eb Hetimeve Kriminale t\u00eb Policis\u00eb Helenike p\u00ebr p\u00ebrpunimin dhe p\u00ebr transkriptimin e bisedave. Megjithat\u00eb, deri m\u00eb sot nuk dihet fati i saj, pavar\u00ebsisht se dyshohet se p\u00ebrmban informacione t\u00eb vlefshme n\u00eb lidhje me aktivitetet e grupeve kriminale n\u00eb Mykonos. Por le t\u00eb fillojm\u00eb nga e para.<\/div>\n<div><\/div>\n<\/div>\n<\/div>\n<div class=\"jeg_ad jeg_ad_article jnews_content_inline_2_ads  \">\n<div class=\"ads-wrapper align-center \">\n<div class=\"ads_code\"><strong>Vrasja n\u00eb burgun e Korydallos<\/strong><\/div>\n<\/div>\n<\/div>\n<p>N\u00eb fund t\u00eb qershorit 2024, Alfons Do\u00e7i, me origjin\u00eb shqiptare, u vra brenda burgut t\u00eb Korydallos. Ai ishte nj\u00eb person i njohur p\u00ebr autoritetet me nj\u00eb t\u00eb kaluar t\u00eb r\u00ebnd\u00eb kriminale. M\u00eb 12 mars 2015, Do\u00e7i kishte vrar\u00eb me gjakftoht\u00ebsi nj\u00eb 53-vje\u00e7ar, pronar t\u00eb nj\u00eb dyqani n\u00eb Elefsin\u00eb, nd\u00ebrsa kishte grabitur edhe gruan e viktim\u00ebs.<\/p>\n<p>M\u00eb 6 tetor 2015, gjat\u00eb nj\u00eb grabitjeje n\u00eb nj\u00eb sht\u00ebpi n\u00eb Aspropirgos, nj\u00eb 75-vje\u00e7are u godit n\u00eb kok\u00eb, e cila nd\u00ebrroi jet\u00eb pak dit\u00eb m\u00eb von\u00eb.<\/p>\n<p>M\u00eb 30 mars 2016 u zb\u00ebrthye banda ku ai b\u00ebnte pjes\u00eb, e cila p\u00ebrve\u00e7 dy vrasjeve kishte kryer t\u00eb pakt\u00ebn 5 grabitje sht\u00ebpish.<\/p>\n<p>M\u00eb 9 maj 2018, 35-vje\u00e7ari arriti t\u00eb arratisej gjat\u00eb transferimit t\u00eb tij n\u00eb Kret\u00eb s\u00eb bashku me 3 t\u00eb burgosur t\u00eb tjer\u00eb. Nj\u00eb prej tyre ishte njeriu q\u00eb e vrau n\u00eb burgun e Korydallos.<\/p>\n<p>Nga hetimet e policis\u00eb rezulton se sherri n\u00eb Korydallos ka nisur p\u00ebr nj\u00eb arsye t\u00eb par\u00ebnd\u00ebsishme, mes viktim\u00ebs dhe nj\u00eb t\u00eb burgosuri tjet\u00ebr. Gjith\u00e7ka filloi kur oficer\u00ebt e burgut i fut\u00ebn t\u00eb burgosurit n\u00eb qelit\u00eb e tyre. Mir\u00ebpo, disa prej tyre kan\u00eb reaguar p\u00ebr shkak t\u00eb vap\u00ebs s\u00eb madhe. M\u00eb pas ka shp\u00ebrthyer nj\u00eb sherr dhe ka pasur nj\u00eb p\u00ebrleshje.<\/p>\n<p>Si\u00e7 tregohet n\u00eb nj\u00eb video q\u00eb u b\u00eb publike, dy t\u00eb burgosur iu afruan 35-vje\u00e7arit Do\u00e7i dhe filluan ta rrahin. M\u00eb pas nj\u00ebri prej tyre nisi ta godiste me thik\u00eb duke b\u00ebr\u00eb q\u00eb Do\u00e7i t\u00eb humb\u00eb jet\u00ebn. Vrasja e 35-vje\u00e7arit ndodhi vet\u00ebm nj\u00eb jav\u00eb para vrasjes gjakftoht\u00eb t\u00eb inxhinierit topograf, 54-vje\u00e7arit Panagiotis Stathis n\u00eb Psychiko.<\/p>\n<p>Ky ishte nj\u00eb person q\u00eb vitet e fundit ishte aktivizuar profesionalisht n\u00eb Mykonos. Vrasja e topografit solli edhe nj\u00eb her\u00eb n\u00eb v\u00ebmendje \u00e7\u00ebshtjen e nxeht\u00eb t\u00eb mafies s\u00eb nd\u00ebrtimit n\u00eb Mykonos, e cila vazhdon t\u00eb veproj\u00eb e pakontrolluar. Tashm\u00eb \u00ebsht\u00eb arrestuar autori i dyshuar i k\u00ebsaj vrasjeje, por jo porosit\u00ebsi i vrasjes.<\/p>\n<p><strong>Do\u00e7i dhe kontraktori i madh i Mykonos<\/strong><\/p>\n<p>Vitet e fundit para vrasjes s\u00eb tij, Do\u00e7i jetonte n\u00eb Mykonos, ku kryente pun\u00eb n\u00eb nd\u00ebrtim. N\u00eb fakt, ai ishte i lidhur ngusht\u00eb me nj\u00eb kontraktor t\u00eb madh t\u00eb njohur n\u00eb Mykonos, i cili n\u00eb t\u00eb kaluar\u00ebn ishte p\u00ebrfshir\u00eb edhe n\u00eb nj\u00eb rast vrasjeje, p\u00ebr t\u00eb cil\u00ebn m\u00eb pas u shpall i pafajsh\u00ebm nd\u00ebrsa kufoma nuk u gjet kurr\u00eb.<\/p>\n<p>P\u00ebr nj\u00eb arsye t\u00eb panjohur, n\u00eb nj\u00eb moment t\u00eb dy burrat kan\u00eb pasur nj\u00eb konflikt. N\u00eb n\u00ebntor 2022, Do\u00e7i u p\u00ebrfshi n\u00eb nj\u00eb rast grabitjeje dhe nj\u00eb sulmi ndaj kontraktorit kryesor, s\u00eb bashku me dy bashkatdhetar\u00eb t\u00eb tjer\u00eb. Autor\u00ebt hyn\u00eb n\u00eb zyr\u00ebn e kontraktorit dhe filluan ta rrahin.<br \/>\nMir\u00ebpo, nj\u00ebri prej tyre harroi arm\u00ebn q\u00eb kishte me vete n\u00eb tavolin\u00ebn e kontraktorit. Ky i fundit, sapo gjeti rastin, rr\u00ebmbeu arm\u00ebn dhe filloi t\u2019i k\u00ebrc\u00ebnonte. Autor\u00ebt u larguan, por kan\u00eb arritur t\u00eb zhvatin 30 mij\u00eb euro. Kontraktori i madh ngriti nj\u00eb padi p\u00ebr sulm. N\u00eb qershor 2023, autor\u00ebt u arrestuan n\u00eb qend\u00ebr t\u00eb Athin\u00ebs pas nj\u00eb ndjekjeje aventureske. Mes tyre ishte edhe Alfons Do\u00e7i.<\/p>\n<p><strong>Audioja q\u00eb injorohet edhe sot<\/strong><\/p>\n<p>Pas arrestimit, Do\u00e7i \u00ebsht\u00eb transferuar n\u00eb Departamentin e Arm\u00ebve t\u00eb Policis\u00eb Helenike. Aty, sipas informacioneve t\u00eb DataJournalists\u201d, ai ka njoftuar policin\u00eb se posedonte nj\u00eb audio. Ky ishte, si\u00e7 pretendonte Do\u00e7i, nj\u00eb audio-incizim n\u00eb t\u00eb cilin dyshohet se regjistronte n\u00eb celular kontraktorin, gjat\u00eb nj\u00eb bisede 5-or\u00ebshe mes tyre. Audioja dyshohet se p\u00ebrmbante, sipas t\u00eb nj\u00ebjtave burime, referenca p\u00ebr persona t\u00eb ve\u00e7ant\u00eb dhe veprime t\u00eb lidhura me mafian e nd\u00ebrtimit n\u00eb Mykonos.<\/p>\n<p>Audioja i \u00ebsht\u00eb p\u00ebrcjell\u00eb Drejtoris\u00eb s\u00eb Hetimeve Kriminale t\u00eb Policis\u00eb Helenike (EL.AS) p\u00ebr p\u00ebrpunim dhe transkriptim t\u00eb bisedave. Megjithat\u00eb, deri m\u00eb sot fati i saj nuk dihet. Sipas informacioneve t\u00eb \u201cDataJournalists\u201d, audio nuk i \u00ebsht\u00eb p\u00ebrcjell\u00eb Departamentit t\u00eb Krimeve Kund\u00ebr Jet\u00ebs, i cili ka marr\u00eb p\u00ebrsip\u00ebr hetimet si p\u00ebr vrasjen e Do\u00e7it ashtu edhe p\u00ebr inxhinierin topograf 54-vje\u00e7ar.<\/p>\n<p>Nuk dihet pse. Edhe pse ka t\u00eb ngjar\u00eb t\u00eb ket\u00eb t\u00eb dh\u00ebna t\u00eb vlefshme n\u00eb hetimet e autoriteteve policore p\u00ebr goditjen e t\u00eb ashtuquajtur\u00ebs mafia e nd\u00ebrtimit n\u00eb Mykonos.<br \/>\nEkzistenca e audios \u00ebsht\u00eb p\u00ebrmendur nga vet\u00eb Do\u00e7i gjat\u00eb gjyqit n\u00eb Syros n\u00eb mars 2024, kur akuzohej p\u00ebr sulmin dhe grabitjen ndaj kontraktorit t\u00eb Mykonos. Ishte nj\u00eb gjyq q\u00eb i ngjante nj\u00eb fortese nga frika e incidenteve mes dy pal\u00ebve. Procedurat u monitoruan personalisht nga kreu i Prokuroris\u00eb s\u00eb Apelit t\u00eb Rajonit t\u00eb Egjet. Prokurori me p\u00ebrvoj\u00eb kishte urdh\u00ebruar pranin\u00eb e forcave t\u00eb forta policore me asistenc\u00ebn edhe t\u00eb efektiv\u00ebve t\u00eb policis\u00eb EKAM nga Athina.<\/p>\n<p><strong>Kontrata ndaj nj\u00eb nd\u00ebrmjet\u00ebsi dhe denoncimi ndaj Do\u00e7it<\/strong><\/p>\n<p>Doci kishte denoncuar edhe di\u00e7ka tjet\u00ebr pran\u00eb autoriteteve. Ekzistenca e nj\u00eb kontrate vdekjeje ndaj nj\u00eb agjenti t\u00eb njohur imobiliar n\u00eb Mykonos, me urdh\u00ebr t\u00eb kontraktorit t\u00eb cilin ai e kishte regjistruar fshehurazi. Ngjarja ka ndodhur n\u00eb vitin 2020. Agjenti imobiliar u sulmua jasht\u00eb sht\u00ebpis\u00eb s\u00eb tij. Nj\u00eb burr\u00eb i kishte ngritur nj\u00eb prit\u00eb, duke mbajtur nj\u00eb shuf\u00ebr hekuri. Kur u shfaq nd\u00ebrmjet\u00ebsi, ai filloi ta godiste n\u00eb krah\u00eb dhe k\u00ebmb\u00eb, duke i shkaktuar fraktura t\u00eb r\u00ebnda. Nd\u00ebrmjet\u00ebsi foli publikisht p\u00ebr at\u00eb q\u00eb kishte ndodhur. Ai vuri n\u00eb dukje \u201carbitraritetin e ishullit\u201d, si\u00e7 i quajti ai, si nxit\u00ebsit moral\u00eb t\u00eb sulmit kund\u00ebr tij.<\/p>\n<p>Sipas raportimeve, ka pasur mbi 100 raste abuzimi n\u00eb vila, hotele dhe dyqane n\u00eb t\u00eb cilat dyshohet se jan\u00eb p\u00ebrfshir\u00eb emra t\u00eb r\u00ebnd\u00ebsish\u00ebm n\u00eb ishull. Nd\u00ebrmjet\u00ebsi kishte b\u00ebr\u00eb ankesa me shkrim si n\u00eb organet kompetente ashtu edhe n\u00eb rrjetet sociale. Autori i atentatit ishte Alfons Do\u00e7i, si\u00e7 ka pranuar para autoriteteve dy vite m\u00eb von\u00eb.<\/p>\n<p>Sipas asaj q\u00eb ai kishte d\u00ebshmuar, sulmi \u00ebsht\u00eb kryer me urdh\u00ebr t\u00eb dh\u00ebn\u00eb nga kontraktori i Mykonos me t\u00eb cilin ai bashk\u00ebpunonte n\u00eb at\u00eb koh\u00eb. Ndaj Do\u00e7it u ngrit nj\u00eb procedim penal p\u00ebr tentativ\u00eb vrasje ndaj nd\u00ebrmjet\u00ebsit, nd\u00ebrsa zhvilluesi i Mykonos u procedua penalisht p\u00ebr nxitje t\u00eb vrasjes s\u00eb mbetur n\u00eb tentativ\u00eb.<\/p>\n<p>Dy burrat ishin planifikuar t\u00eb dilnin n\u00eb gjyq n\u00eb Naxos m\u00eb 14 qershor 2024, megjithat\u00eb, pas\u00a0nj\u00eb k\u00ebrkese nga pala e Do\u00e7it, \u00e7\u00ebshtja u shty. Ky gjyq tani ka filluar. N\u00eb fakt, n\u00eb nj\u00eb seanc\u00eb d\u00ebgjimore t\u00eb fundit, pala e nd\u00ebrmjet\u00ebsit thuhet se argumentoi p\u00ebr ekzistenc\u00ebn e nj\u00eb regjistrimi t\u00eb dyt\u00eb audio n\u00eb t\u00eb cilin ishte regjistruar nj\u00eb kontraktor. K\u00ebt\u00eb her\u00eb nga nd\u00ebrmjet\u00ebsi.<\/p>\n<p><strong>Celular\u00ebt \u201ce fikur\u201d t\u00eb autor\u00ebve t\u00eb vrasjes s\u00eb Do\u00e7it<\/strong><\/p>\n<p>N\u00eb lidhje me vrasjen e Do\u00e7it, tashm\u00eb jan\u00eb ngritur procedime ndaj dy personave, nj\u00ebri p\u00ebr vrasje dhe tjetri p\u00ebr bashk\u00ebpunim. Nj\u00ebri prej tyre ishte nj\u00eb bashk\u00ebkomb\u00ebs i Do\u00e7it, me t\u00eb cilin ishin arratisur s\u00eb bashku m\u00eb 9 maj 2018, gjat\u00eb transferimit t\u00eb tyre n\u00eb Kret\u00eb, pak p\u00ebrpara portit t\u00eb Pireut. Autori i vrasjes s\u00eb Do\u00e7it ishte i p\u00ebrfshir\u00eb n\u00eb nj\u00eb kontrat\u00eb vdekjeje ndaj nj\u00eb greku n\u00eb Kalamat\u00eb n\u00eb vitin 2011. N\u00eb momentin e vrasjes viktima ishte me f\u00ebmij\u00ebn e tij 2 vje\u00e7, t\u00eb cilin autori e vrau edhe duke i prer\u00eb fytin me thik\u00eb.<\/p>\n<p>Gjat\u00eb hetimeve p\u00ebr vrasjen e Do\u00e7it nga organet e hetuesis\u00eb, u b\u00eb nj\u00eb k\u00ebrkes\u00eb p\u00ebr hapjen e celular\u00ebve t\u00eb autor\u00ebve p\u00ebr t\u00eb par\u00eb se me k\u00eb kishin folur para dhe pas vrasjes. Q\u00ebllimi ishte t\u00eb shihej n\u00ebse vrasja e Do\u00e7it ishte nj\u00eb ngjarje e rast\u00ebsishme apo ishte nj\u00eb vrasje e urdh\u00ebruar nga nj\u00eb person ndoshta i lidhur me mafian e Mykonos. Megjithat\u00eb, k\u00ebrkesa nuk u pranua. Telefonat nuk u ndez\u00ebn kurr\u00eb.<\/p>\n","protected":false},"excerpt":{"rendered":"<p>Nj\u00eb regjistrim audio n\u00eb lidhje me t\u00eb ashtuquajtur\u00ebn \u201cmafia e nd\u00ebrtimit\u201d n\u00eb Mykonos ka 1 vit e gjysm\u00eb ka mbetur i paprekur nga policia greke. Sipas informacioneve t\u00eb portalit \u201cDataJournalists\u201d, b\u00ebhet fjal\u00eb p\u00ebr nj\u00eb bised\u00eb 5-or\u00ebshe mes Alfons Do\u00e7it, i vrar\u00eb n\u00eb burgun e Korydallos dhe nj\u00eb kryekontraktori nga Mykonos, t\u00eb cilin ai e kishte [&hellip;]<\/p>\n","protected":false},"author":5,"featured_media":85914,"comment_status":"closed","ping_status":"closed","sticky":false,"template":"","format":"standard","meta":{"footnotes":""},"categories":[1,6332],"tags":[35579],"class_list":{"0":"post-85912","1":"post","2":"type-post","3":"status-publish","4":"format-standard","5":"has-post-thumbnail","7":"category-aktualitet","8":"category-te-fundit","9":"tag-emri-foto-vrsja-e-shqiptarit-ne-burgun-grek-dhe-mfia-e-ndertimit-ne-mykonos"},"_links":{"self":[{"href":"https:\/\/jugulajm.net\/index.php?rest_route=\/wp\/v2\/posts\/85912","targetHints":{"allow":["GET"]}}],"collection":[{"href":"https:\/\/jugulajm.net\/index.php?rest_route=\/wp\/v2\/posts"}],"about":[{"href":"https:\/\/jugulajm.net\/index.php?rest_route=\/wp\/v2\/types\/post"}],"author":[{"embeddable":true,"href":"https:\/\/jugulajm.net\/index.php?rest_route=\/wp\/v2\/users\/5"}],"replies":[{"embeddable":true,"href":"https:\/\/jugulajm.net\/index.php?rest_route=%2Fwp%2Fv2%2Fcomments&post=85912"}],"version-history":[{"count":1,"href":"https:\/\/jugulajm.net\/index.php?rest_route=\/wp\/v2\/posts\/85912\/revisions"}],"predecessor-version":[{"id":85915,"href":"https:\/\/jugulajm.net\/index.php?rest_route=\/wp\/v2\/posts\/85912\/revisions\/85915"}],"wp:featuredmedia":[{"embeddable":true,"href":"https:\/\/jugulajm.net\/index.php?rest_route=\/wp\/v2\/media\/85914"}],"wp:attachment":[{"href":"https:\/\/jugulajm.net\/index.php?rest_route=%2Fwp%2Fv2%2Fmedia&parent=85912"}],"wp:term":[{"taxonomy":"category","embeddable":true,"href":"https:\/\/jugulajm.net\/index.php?rest_route=%2Fwp%2Fv2%2Fcategories&post=85912"},{"taxonomy":"post_tag","embeddable":true,"href":"https:\/\/jugulajm.net\/index.php?rest_route=%2Fwp%2Fv2%2Ftags&post=85912"}],"curies":[{"name":"wp","href":"https:\/\/api.w.org\/{rel}","templated":true}]}}