{"id":85896,"date":"2025-03-30T13:41:08","date_gmt":"2025-03-30T11:41:08","guid":{"rendered":"https:\/\/jugulajm.net\/?p=85896"},"modified":"2025-03-30T13:48:07","modified_gmt":"2025-03-30T11:48:07","slug":"zgjedhjet-e-11-majit-flet-drejtori-i-rendit-publik-agron-celi-6500-police-do-te-garantojne-1-proces-te-qete-elektoral","status":"publish","type":"post","link":"https:\/\/jugulajm.net\/?p=85896","title":{"rendered":"Zgjedhjet e 11-majit, flet Drejtori i Rendit Publik, Agron \u00c7eli: 6500 polic\u00eb do t\u00eb garantojn\u00eb 1 proces t\u00eb qet\u00eb elektoral"},"content":{"rendered":"<p>T\u00eb gjitha strukturat e policis\u00eb, q\u00ebndrore dhe vendore prej muajit shkurt kan\u00eb nisur trajnimin p\u00ebr mbar\u00ebvajtjen e procesit zgjedhor. M\u00eb dat\u00ebn 11 maj shqiptar\u00ebt do t\u00eb votojn\u00eb p\u00ebr parlamentin e ri, n\u00eb nj\u00eb proces ku jan\u00eb angazhuar afro 6500 efektiv\u00eb n\u00eb kuad\u00ebr t\u00eb planit t\u00eb masave.<\/p>\n<p><em>\u201cKemi filluar me trajnimet me drejtuesit e policis\u00eb t\u00eb strukturave q\u00ebndrore dhe strukturave vendore, i cili u krye q\u00eb n\u00eb muajin shkurt. M\u00eb pas kemi vazhduar me trajner\u00ebt dhe gjat\u00eb mujait mars \u00ebsht\u00eb organizuar trajnimi me t\u00eb gjitha strukturat vendore dhe jemi n\u00eb p\u00ebrfundim t\u00eb tyre. Jan\u00eb trajnuar afro 6.500 punonj\u00ebs policie, t\u00eb cil\u00ebt do t\u00eb angazhohen n\u00eb procesin zgjehdor dhe n\u00eb ruajtjen e objekteve zgjedhore\u201d, tha drejtori i rendit publik Agron \u00c7ela.<\/em><\/p>\n<p>Fokusi do t\u00eb jet\u00eb tek krimet zgjedhore dhe policia n\u00eb bashk\u00ebpunim me SPAK do punojn\u00eb p\u00ebr parandalimin e tyre.<\/p>\n<p><em>\u201cDo t\u2019i kushtohet v\u00ebmendje e ve\u00e7ant\u00eb goditjes t\u00eb krimeve zgjedhore. S\u00ebbashku me Prokurorin\u00eb e P\u00ebrgjithshme ne zhvilluar nj\u00eb trajnim me drejtuesit e strukturaver q\u00ebndrore dher vendore. Bashk\u00ebpunim me SPAK dhe Prokurorin\u00eb e P\u00ebrgjithshme do t\u00eb jet\u00eb pand\u00ebrprerje, kryesisht n\u00eb dit\u00ebn e procesit zgjedhor\u201d, tha \u00c7eli.<\/em><\/p>\n<p><em>P\u00ebrgatitja e policis\u00eb s\u00eb shtetit p\u00ebr zgjedhjet parlamentare \u00ebsht\u00eb ndar\u00eb n\u00eb tre faza: \u00a0M\u00eb dat\u00ebn 10 do t\u00eb filloj\u00eb faza e fushat\u00ebs zgjedhore ku policia e shtetit do t\u00eb marr\u00eb t\u00eb gjitha detyrimet, do t\u00eb kryej\u00eb sh\u00ebrbime n\u00eb t\u00eb gjitha aktivitetet q\u00eb do t\u00eb zhvillojn\u00eb subjektet politike dhe i garantojm\u00eb p\u00ebr paansh\u00ebmri p\u00ebr t\u00eb gjitha subjektet zgjedhore.<\/em><\/p>\n<p>Trajnimet e policis\u00eb po kryhen n\u00eb bashk\u00ebpunim me Komisionin Q\u00ebndror t\u00eb Zgjedhjeve ku efektiv\u00ebt do t\u00eb ken\u00eb t\u00eb p\u00ebrcaktuara rolet e tyre nga procesi i votimit,<\/p>\n<p>tek shp\u00ebrndarja e kutive t\u00eb votimit e deri n\u00eb p\u00ebrfundim t\u00eb num\u00ebrimit t\u00eb votave.<\/p>\n","protected":false},"excerpt":{"rendered":"<p>T\u00eb gjitha strukturat e policis\u00eb, q\u00ebndrore dhe vendore prej muajit shkurt kan\u00eb nisur trajnimin p\u00ebr mbar\u00ebvajtjen e procesit zgjedhor. M\u00eb dat\u00ebn 11 maj shqiptar\u00ebt do t\u00eb votojn\u00eb p\u00ebr parlamentin e ri, n\u00eb nj\u00eb proces ku jan\u00eb angazhuar afro 6500 efektiv\u00eb n\u00eb kuad\u00ebr t\u00eb planit t\u00eb masave. \u201cKemi filluar me trajnimet me drejtuesit e policis\u00eb t\u00eb [&hellip;]<\/p>\n","protected":false},"author":5,"featured_media":75562,"comment_status":"closed","ping_status":"closed","sticky":false,"template":"","format":"standard","meta":{"footnotes":""},"categories":[1,6332,29228],"tags":[35571,35573,35572,34945],"class_list":{"0":"post-85896","1":"post","2":"type-post","3":"status-publish","4":"format-standard","5":"has-post-thumbnail","7":"category-aktualitet","8":"category-te-fundit","9":"category-vendi","10":"tag-6500-efektive-behen-gati-te-garantojne-nje-proces-te-qete-elektoral","11":"tag-agron-celi-6500-police-do-te-garantojne-1-proces-te-qete-elektoral","12":"tag-flet-drejtori-i-rendit-publik","13":"tag-zgjedhjet-e-11-majit"},"_links":{"self":[{"href":"https:\/\/jugulajm.net\/index.php?rest_route=\/wp\/v2\/posts\/85896","targetHints":{"allow":["GET"]}}],"collection":[{"href":"https:\/\/jugulajm.net\/index.php?rest_route=\/wp\/v2\/posts"}],"about":[{"href":"https:\/\/jugulajm.net\/index.php?rest_route=\/wp\/v2\/types\/post"}],"author":[{"embeddable":true,"href":"https:\/\/jugulajm.net\/index.php?rest_route=\/wp\/v2\/users\/5"}],"replies":[{"embeddable":true,"href":"https:\/\/jugulajm.net\/index.php?rest_route=%2Fwp%2Fv2%2Fcomments&post=85896"}],"version-history":[{"count":5,"href":"https:\/\/jugulajm.net\/index.php?rest_route=\/wp\/v2\/posts\/85896\/revisions"}],"predecessor-version":[{"id":85901,"href":"https:\/\/jugulajm.net\/index.php?rest_route=\/wp\/v2\/posts\/85896\/revisions\/85901"}],"wp:featuredmedia":[{"embeddable":true,"href":"https:\/\/jugulajm.net\/index.php?rest_route=\/wp\/v2\/media\/75562"}],"wp:attachment":[{"href":"https:\/\/jugulajm.net\/index.php?rest_route=%2Fwp%2Fv2%2Fmedia&parent=85896"}],"wp:term":[{"taxonomy":"category","embeddable":true,"href":"https:\/\/jugulajm.net\/index.php?rest_route=%2Fwp%2Fv2%2Fcategories&post=85896"},{"taxonomy":"post_tag","embeddable":true,"href":"https:\/\/jugulajm.net\/index.php?rest_route=%2Fwp%2Fv2%2Ftags&post=85896"}],"curies":[{"name":"wp","href":"https:\/\/api.w.org\/{rel}","templated":true}]}}