{"id":85882,"date":"2025-03-29T21:28:28","date_gmt":"2025-03-29T20:28:28","guid":{"rendered":"https:\/\/jugulajm.net\/?p=85882"},"modified":"2025-03-29T21:30:45","modified_gmt":"2025-03-29T20:30:45","slug":"36-vjecari-plagoset-me-thike","status":"publish","type":"post","link":"https:\/\/jugulajm.net\/?p=85882","title":{"rendered":"36-vje\u00e7ari plagoset me thik\u00eb"},"content":{"rendered":"<p>Nj\u00eb 36-vje\u00e7ar \u00ebsht\u00eb plagosur me mjet prer\u00ebs\u00a0 nga personi me iniciale L.O.<\/p>\n<p>Sipas asaj q\u00eb b\u00ebn t\u00eb ditur policia ngjarja ka ndodhur n\u00eb lagjen nr 3, n\u00eb Pogradec, rreth or\u00ebs 20:20, teksa i d\u00ebmtuari \u00ebsht\u00eb d\u00ebrguar n\u00eb spital p\u00ebr ndihm\u00eb mjeksore.<\/p>\n<p>Sh\u00ebrbimet e Policis\u00eb vijojn\u00eb kontrollet p\u00ebr kapjen e autorit L. O.<\/p>\n<p><em>\u201cN\u00eb lagjen nr 3, rreth or\u00ebs 20.20, gjat\u00eb nj\u00eb konflikti fizik, shtetasi L. O, dyshohet se ka d\u00ebmtuar me mjet prer\u00ebs\u00a0 shtetasin M. T., 36 vje\u00e7, i cili \u00ebsht\u00eb d\u00ebrguar n\u00eb spital p\u00ebr ndihm\u00eb mjeksore. Sh\u00ebrbimet e Policis\u00eb\u00a0 vijojn\u00eb kontrollet p\u00ebr kapjen e shtetasit L. O. Grupi hetimor n\u00ebn drejtimin e Prokuroris\u00eb po punon p\u00ebr sqarimin e rrethanave dhe dokumentimin ligjor t\u00eb rastit\u201d, <\/em>njofton policia.<\/p>\n","protected":false},"excerpt":{"rendered":"<p>Nj\u00eb 36-vje\u00e7ar \u00ebsht\u00eb plagosur me mjet prer\u00ebs\u00a0 nga personi me iniciale L.O. Sipas asaj q\u00eb b\u00ebn t\u00eb ditur policia ngjarja ka ndodhur n\u00eb lagjen nr 3, n\u00eb Pogradec, rreth or\u00ebs 20:20, teksa i d\u00ebmtuari \u00ebsht\u00eb d\u00ebrguar n\u00eb spital p\u00ebr ndihm\u00eb mjeksore. Sh\u00ebrbimet e Policis\u00eb vijojn\u00eb kontrollet p\u00ebr kapjen e autorit L. O. \u201cN\u00eb lagjen nr [&hellip;]<\/p>\n","protected":false},"author":5,"featured_media":51534,"comment_status":"closed","ping_status":"closed","sticky":false,"template":"","format":"standard","meta":{"footnotes":""},"categories":[1,6332,29228],"tags":[35564],"class_list":{"0":"post-85882","1":"post","2":"type-post","3":"status-publish","4":"format-standard","5":"has-post-thumbnail","7":"category-aktualitet","8":"category-te-fundit","9":"category-vendi","10":"tag-36-vjecari-plagoset-me-thike"},"_links":{"self":[{"href":"https:\/\/jugulajm.net\/index.php?rest_route=\/wp\/v2\/posts\/85882","targetHints":{"allow":["GET"]}}],"collection":[{"href":"https:\/\/jugulajm.net\/index.php?rest_route=\/wp\/v2\/posts"}],"about":[{"href":"https:\/\/jugulajm.net\/index.php?rest_route=\/wp\/v2\/types\/post"}],"author":[{"embeddable":true,"href":"https:\/\/jugulajm.net\/index.php?rest_route=\/wp\/v2\/users\/5"}],"replies":[{"embeddable":true,"href":"https:\/\/jugulajm.net\/index.php?rest_route=%2Fwp%2Fv2%2Fcomments&post=85882"}],"version-history":[{"count":2,"href":"https:\/\/jugulajm.net\/index.php?rest_route=\/wp\/v2\/posts\/85882\/revisions"}],"predecessor-version":[{"id":85884,"href":"https:\/\/jugulajm.net\/index.php?rest_route=\/wp\/v2\/posts\/85882\/revisions\/85884"}],"wp:featuredmedia":[{"embeddable":true,"href":"https:\/\/jugulajm.net\/index.php?rest_route=\/wp\/v2\/media\/51534"}],"wp:attachment":[{"href":"https:\/\/jugulajm.net\/index.php?rest_route=%2Fwp%2Fv2%2Fmedia&parent=85882"}],"wp:term":[{"taxonomy":"category","embeddable":true,"href":"https:\/\/jugulajm.net\/index.php?rest_route=%2Fwp%2Fv2%2Fcategories&post=85882"},{"taxonomy":"post_tag","embeddable":true,"href":"https:\/\/jugulajm.net\/index.php?rest_route=%2Fwp%2Fv2%2Ftags&post=85882"}],"curies":[{"name":"wp","href":"https:\/\/api.w.org\/{rel}","templated":true}]}}