{"id":85837,"date":"2025-03-28T19:07:30","date_gmt":"2025-03-28T18:07:30","guid":{"rendered":"https:\/\/jugulajm.net\/?p=85837"},"modified":"2025-03-28T19:07:30","modified_gmt":"2025-03-28T18:07:30","slug":"u-zhduk-ne-2-mars-gjendet-15-vjecarja-jam-me-te-dashurin-u-largova-sepse","status":"publish","type":"post","link":"https:\/\/jugulajm.net\/?p=85837","title":{"rendered":"U zhduk n\u00eb 2 mars, gjendet 15-vje\u00e7arja: Jam me t\u00eb dashurin, u largova sepse&#8230;"},"content":{"rendered":"<p>\u00cbsht\u00eb gjendur pas m\u00eb shum\u00eb se tre jav\u00ebsh 15-vje\u00e7arja nga Kor\u00e7a, shtetasha V. Hoxha, teksa i v\u00ebllai i sak pak dit\u00eb m\u00eb par\u00eb k\u00ebrkoi ndihm\u00eb nga emisioni \u201cPa Gjurm\u00eb\u201d.<\/p>\n<p><img loading=\"lazy\" loading=\"lazy\" decoding=\"async\" src=\"https:\/\/ads.adsense.al\/www\/delivery\/lg.php?bannerid=0&amp;campaignid=0&amp;zoneid=145&amp;loc=https%3A%2F%2Fboldnews.al%2F2025%2F03%2F28%2Fe-zhdukur-qe-prej-2-marsit-gjendet-15-vjecarja-nga-korca-jam-me-te-dashurin-ja-pse-u-largova%2F%3Ffbclid%3DIwY2xjawJTw7xleHRuA2FlbQIxMQABHRhWoSc4aM3Y3r-rqAfa50L4cSoUrtUdQJ049w5Pz_1KDDn3OKvoQAhapg_aem_0kD09OOWcDHAQwLDfUyvKQ&amp;referer=https%3A%2F%2Fl.facebook.com%2F&amp;cb=f224b1ccfb\" alt=\"\" width=\"0\" height=\"0\" \/>N\u00eb nj\u00eb video-call me moderatoren Odeta Dume, 15-vje\u00e7arja tregoi arsyet e largimit nga sht\u00ebpia nd\u00ebrsa ndodhej me t\u00eb dashurin por nuk tregoi nj\u00eb vendndodhje t\u00eb saj.<\/p>\n<p>Ajo u shpreh se pas vdekjes s\u00eb babait, kishte patur konflikte me t\u00eb v\u00ebllan\u00eb, Serxhio Hoxh\u00ebn dhe se ishte detyruar q\u00eb t\u00eb merrte k\u00ebt\u00eb vendim p\u00ebr t\u2019u larguar pa gjurm\u00eb.<\/p>\n<p><strong>Odeta Dume<\/strong>: V\u2026 p\u00ebrsh\u00ebndetje!<\/p>\n<p><strong>V.H:<\/strong>\u00a0P\u00ebrsh\u00ebndetje si je ti?<\/p>\n<p><strong>Odeta Dume:<\/strong>\u00a0Po \u00e7far\u00eba ka ndodhur, pse ke ikur k\u00ebshtu nga sht\u00ebpia dhe i ke b\u00ebr\u00eb merak t\u00eb gjith\u00eb?<\/p>\n<p><strong>V.H:<\/strong>\u00a0Si erdhi vdekja e babait tim, un\u00eb e kisha pik\u00eb t\u00eb dob\u00ebt dhe v\u00ebllai m\u00eb largonte. Dita-dit\u00ebs m\u00eb thoshte: \u201cTi nuk ke sht\u00ebpi k\u00ebtu\u201d. Ndaj un\u00eb e detyrova djalin q\u00eb kam sot q\u00eb t\u00eb m\u00eb merrte se nuk kisha ku t\u00eb jetoja.<\/p>\n<p><strong>Odeta Dume:<\/strong>\u00a0Ju keni b\u00ebr\u00eb konflikte, debate me nj\u00ebri-tjetrin?<\/p>\n<p><strong>V.H:<\/strong>\u00a0Po, un\u00eb dita-dit\u00ebs futesha gjithmon\u00eb n\u00eb stres, e shqet\u00ebsoja veten time me k\u00ebto fjal\u00eb.<\/p>\n<p><strong>Odeta Dume:<\/strong>\u00a0Por ti aktualisht n\u00eb \u00e7far\u00eb vendi ndodhesh?<\/p>\n<p><strong>V.H:<\/strong>\u00a0Vendin s\u2019mundem q\u00eb ta tregoj!<\/p>\n<p><strong>Odeta Dume:<\/strong>\u00a0N\u00ebse ti je me nj\u00eb person q\u00eb t\u00eb do, p\u00ebrse ke frik\u00eb t\u00eb tregosh vendin ku je?<\/p>\n<p><strong>V.H:<\/strong>\u00a0Po se jan\u00eb hapur probleme, jan\u00eb b\u00ebr\u00eb m\u00eb t\u00eb m\u00ebdha. I hap probleme edhe djalit q\u00eb kam n\u00eb krah. E dua shum\u00eb se m\u00eb ka p\u00ebrkrahur n\u00eb at\u00eb moment q\u00eb s\u2019kisha p\u00ebrkrahje prej asnj\u00eb njeriu. N\u00eb qoft\u00eb se shkoj n\u00eb sht\u00ebpin\u00eb time dhe takoj v\u00ebllan\u00eb, a mbyllen k\u00ebto muhabete?<\/p>\n<p><strong>Odeta Dume:<\/strong>\u00a0Po sigurisht V\u2026 Ma jep fjal\u00ebn q\u00eb do shkosh tek vellai?<\/p>\n<p><strong>V.H:<\/strong>\u00a0Ta jap fjal\u00ebn si n\u00ebn\u00ebn time!<\/p>\n<p>Gjithashtu gjat\u00eb bised\u00ebs foli edhe partneri i adoleshentes, i cili k\u00ebrkoi q\u00eb t\u00eb t\u00ebrhiqej denoncimi i b\u00ebr\u00eb nga i v\u00ebllai n\u00eb m\u00ebnyr\u00eb q\u00eb ai t\u2019i kthente t\u00eb motr\u00ebn n\u00eb sht\u00ebpi.<\/p>\n<p><strong>Odeta Dume:<\/strong>\u00a0P\u00ebrsh\u00ebndetje!<\/p>\n<p><strong>Partneri i 15-vje\u00e7ares:<\/strong>\u00a0P\u00ebrsh\u00ebndetje!<\/p>\n<p><strong>Odeta Dume:<\/strong>\u00a0Un\u00eb nuk dua t\u00eb t\u00eb tremb, por thjesht fakti q\u00eb kjo vajz\u00eb q\u00eb ti mban n\u00eb sht\u00ebpi k\u00ebrkohet nga policia, edhe ti pun\u00ebt nuk i ke fort mir\u00eb.<\/p>\n<p><strong>Partneri i 15-vje\u00e7ares:<\/strong>\u00a0N\u00eb qoft\u00eb se un\u00eb shkoj n\u00eb polici e di q\u00eb do jem brenda. Edhe brenda t\u00eb shkoj p\u00ebr k\u00ebt\u00eb vajz\u00eb, un\u00eb prap\u00eb nuk e l\u00eb. Se un\u00eb p\u00ebrderisa e mora, nuk e kam marr\u00eb ta l\u00eb rrug\u00ebve, por e kam marr\u00eb p\u00ebr sht\u00ebpi. N\u00eb qoft\u00eb se v\u00ebllai e t\u00ebrheq denoncimin, do ta \u00e7oj n\u00eb sht\u00ebpi.<\/p>\n<p><strong>Odeta Dume:<\/strong>\u00a0Zoteri \u2026 ke marr\u00eb nj\u00eb 15-vje\u00e7are dhe d\u00ebnohesh p\u00ebr k\u00ebt\u00eb gj\u00eb. \u00cbsht\u00eb nj\u00eb v\u00eblla q\u00eb e ka motr\u00ebn e humbur dhe ti e ke p\u00ebr detyr\u00eb t\u00eb shkosh tek dera, t\u2019i trokas\u00ebsh edhe t\u2019ja dor\u00ebzosh motr\u00ebn. Dhe motra t\u00eb flas\u00eb me v\u00ebllan\u00eb e m\u00eb pas t\u00eb vendosni se \u00e7fare do b\u00ebni. Por jo ti t\u00eb vesh kusht: \u201cHiq denoncimin\u201d.<\/p>\n<p>V.H rezultonte e zhdukur q\u00eb prej dat\u00ebs 2 mars t\u00eb k\u00ebtij viti. Ajo ishte larguar nga sht\u00ebpia pas vdekjes s\u00eb babait nd\u00ebrsa kishte braktisur edhe bashk\u00ebshortin e saj, me t\u00eb cilin ishte martuar n\u00eb nj\u00eb mosh\u00eb t\u00eb vog\u00ebl, 13 vje\u00e7e. Fatmir\u00ebsisht pasditen e sotme (28 mars) ajo premtoi se do t\u00eb kthehej n\u00eb sht\u00ebpi dhe do t\u00eb ribashkohej me t\u00eb v\u00ebllan\u00eb i cili prej nj\u00eb muaji ishte n\u00eb merak p\u00ebr fatin e saj.<\/p>\n","protected":false},"excerpt":{"rendered":"<p>\u00cbsht\u00eb gjendur pas m\u00eb shum\u00eb se tre jav\u00ebsh 15-vje\u00e7arja nga Kor\u00e7a, shtetasha V. Hoxha, teksa i v\u00ebllai i sak pak dit\u00eb m\u00eb par\u00eb k\u00ebrkoi ndihm\u00eb nga emisioni \u201cPa Gjurm\u00eb\u201d. N\u00eb nj\u00eb video-call me moderatoren Odeta Dume, 15-vje\u00e7arja tregoi arsyet e largimit nga sht\u00ebpia nd\u00ebrsa ndodhej me t\u00eb dashurin por nuk tregoi nj\u00eb vendndodhje t\u00eb saj. [&hellip;]<\/p>\n","protected":false},"author":5,"featured_media":85838,"comment_status":"closed","ping_status":"closed","sticky":false,"template":"","format":"standard","meta":{"footnotes":""},"categories":[1,6332,29228],"tags":[35544,35545,35543],"class_list":{"0":"post-85837","1":"post","2":"type-post","3":"status-publish","4":"format-standard","5":"has-post-thumbnail","7":"category-aktualitet","8":"category-te-fundit","9":"category-vendi","10":"tag-gjendet-15-vjecarja-jam-me-te-dashurin","11":"tag-u-largova-sepse","12":"tag-u-zhduk-ne-2-mars"},"_links":{"self":[{"href":"https:\/\/jugulajm.net\/index.php?rest_route=\/wp\/v2\/posts\/85837","targetHints":{"allow":["GET"]}}],"collection":[{"href":"https:\/\/jugulajm.net\/index.php?rest_route=\/wp\/v2\/posts"}],"about":[{"href":"https:\/\/jugulajm.net\/index.php?rest_route=\/wp\/v2\/types\/post"}],"author":[{"embeddable":true,"href":"https:\/\/jugulajm.net\/index.php?rest_route=\/wp\/v2\/users\/5"}],"replies":[{"embeddable":true,"href":"https:\/\/jugulajm.net\/index.php?rest_route=%2Fwp%2Fv2%2Fcomments&post=85837"}],"version-history":[{"count":1,"href":"https:\/\/jugulajm.net\/index.php?rest_route=\/wp\/v2\/posts\/85837\/revisions"}],"predecessor-version":[{"id":85839,"href":"https:\/\/jugulajm.net\/index.php?rest_route=\/wp\/v2\/posts\/85837\/revisions\/85839"}],"wp:featuredmedia":[{"embeddable":true,"href":"https:\/\/jugulajm.net\/index.php?rest_route=\/wp\/v2\/media\/85838"}],"wp:attachment":[{"href":"https:\/\/jugulajm.net\/index.php?rest_route=%2Fwp%2Fv2%2Fmedia&parent=85837"}],"wp:term":[{"taxonomy":"category","embeddable":true,"href":"https:\/\/jugulajm.net\/index.php?rest_route=%2Fwp%2Fv2%2Fcategories&post=85837"},{"taxonomy":"post_tag","embeddable":true,"href":"https:\/\/jugulajm.net\/index.php?rest_route=%2Fwp%2Fv2%2Ftags&post=85837"}],"curies":[{"name":"wp","href":"https:\/\/api.w.org\/{rel}","templated":true}]}}