{"id":85834,"date":"2025-03-28T17:24:47","date_gmt":"2025-03-28T16:24:47","guid":{"rendered":"https:\/\/jugulajm.net\/?p=85834"},"modified":"2025-03-28T17:24:47","modified_gmt":"2025-03-28T16:24:47","slug":"emri-foto-video-shqiptari-merr-komanden-e-luftanijes-amerikane","status":"publish","type":"post","link":"https:\/\/jugulajm.net\/?p=85834","title":{"rendered":"EMRI-FOTO (VIDEO) Shqiptari merr komand\u00ebn e luftanijes amerikane&#8230;"},"content":{"rendered":"<p>Ambasada e Shteteve t\u00eb Bashkuara n\u00eb Tiran\u00eb ka njoftuar dit\u00ebn e sotme se shqiptaro-amerikani Alban Dervishi, do t\u00eb marr\u00eb komand\u00ebn e nj\u00eb luftanijeje amerikane.<\/p>\n<div class=\"jeg_ad jeg_ad_article jnews_content_inline_ads  \">\n<div class=\"ads-wrapper align-center \">\n<div class=\"ads_code\"><ins id=\"revive-0-3\" data-revive-zoneid=\"102\" data-revive-id=\"2581c650fb61ab0cf7e084114e7ddb41\" data-revive-seq=\"3\" data-revive-loaded=\"1\"><\/p>\n<div id=\"beacon_b1ac94628b\"><img loading=\"lazy\" loading=\"lazy\" decoding=\"async\" src=\"https:\/\/ads.adsense.al\/www\/delivery\/lg.php?bannerid=0&amp;campaignid=0&amp;zoneid=102&amp;loc=https%3A%2F%2Fopinion.al%2Fnje-tirons-qe-merr-komanden-e-nje-luftanijeje-amerikane-ambasada-e-shba-njofton-komandant-alban-dervishi-do-te-drejtoje-uss-pearl-harbor-ne-qershor%2F%3Ffbclid%3DIwY2xjawJTqxZleHRuA2FlbQIxMQABHS0-t0aVVU8VPdsw2n7Y-w9Q75fmB-FT1dCkcBMvk1C8SWUYP60wmOUkaw_aem_rRgtVLxZ-h7ZQRCHmdIoFw&amp;referer=https%3A%2F%2Fl.facebook.com%2F&amp;cb=b1ac94628b\" alt=\"\" width=\"0\" height=\"0\" \/>P\u00ebrmes nj\u00eb postimi n\u00eb rrjete sociale, ambasada shkruan se ai do ta marr\u00eb n\u00eb qershor t\u00eb k\u00ebtij viti komand\u00ebn e USS Pearl Harbor.<\/div>\n<p><\/ins><\/div>\n<\/div>\n<\/div>\n<p><em>\u201cNj\u00eb \u2018Tirons\u2019 q\u00eb merr komand\u00ebn e nj\u00eb luftanijeje amerikane! Njihuni me Komandant Alban Dervishin, shqiptaro-amerikani\u00a0 i cili do t\u00eb marr\u00eb komand\u00ebn e USS Pearl Harbor n\u00eb qershor t\u00eb 2025-\u00ebs. <\/em><\/p>\n<p><em>I lindur n\u00eb Tiran\u00eb dhe me origjin\u00eb nga nj\u00eb familje ushtarake, Albani dhe prind\u00ebrit e tij emigruan n\u00eb Shtetet e Bashkuara 25 vjet m\u00eb par\u00eb p\u00ebr t\u00eb ndjekur \u00ebndrr\u00ebn amerikane\u201d,<\/em>\u00a0njofton Ambasada.<\/p>\n<p><iframe loading=\"lazy\" src=\"https:\/\/www.facebook.com\/plugins\/video.php?height=476&amp;href=https%3A%2F%2Fwww.facebook.com%2Fusembassytirana%2Fvideos%2F1348362009841098%2F&amp;show_text=false&amp;width=267&amp;t=0\" width=\"267\" height=\"476\" frameborder=\"0\" scrolling=\"no\" allowfullscreen=\"allowfullscreen\" data-mce-fragment=\"1\"><\/iframe><\/p>\n","protected":false},"excerpt":{"rendered":"<p>Ambasada e Shteteve t\u00eb Bashkuara n\u00eb Tiran\u00eb ka njoftuar dit\u00ebn e sotme se shqiptaro-amerikani Alban Dervishi, do t\u00eb marr\u00eb komand\u00ebn e nj\u00eb luftanijeje amerikane. P\u00ebrmes nj\u00eb postimi n\u00eb rrjete sociale, ambasada shkruan se ai do ta marr\u00eb n\u00eb qershor t\u00eb k\u00ebtij viti komand\u00ebn e USS Pearl Harbor. \u201cNj\u00eb \u2018Tirons\u2019 q\u00eb merr komand\u00ebn e nj\u00eb luftanijeje [&hellip;]<\/p>\n","protected":false},"author":5,"featured_media":85835,"comment_status":"closed","ping_status":"closed","sticky":false,"template":"","format":"standard","meta":{"footnotes":""},"categories":[1,7664,6332],"tags":[35542],"class_list":{"0":"post-85834","1":"post","2":"type-post","3":"status-publish","4":"format-standard","5":"has-post-thumbnail","7":"category-aktualitet","8":"category-bota","9":"category-te-fundit","10":"tag-emri-foto-video-shqiptari-merr-komanden-e-luftanijes-amerikane"},"_links":{"self":[{"href":"https:\/\/jugulajm.net\/index.php?rest_route=\/wp\/v2\/posts\/85834","targetHints":{"allow":["GET"]}}],"collection":[{"href":"https:\/\/jugulajm.net\/index.php?rest_route=\/wp\/v2\/posts"}],"about":[{"href":"https:\/\/jugulajm.net\/index.php?rest_route=\/wp\/v2\/types\/post"}],"author":[{"embeddable":true,"href":"https:\/\/jugulajm.net\/index.php?rest_route=\/wp\/v2\/users\/5"}],"replies":[{"embeddable":true,"href":"https:\/\/jugulajm.net\/index.php?rest_route=%2Fwp%2Fv2%2Fcomments&post=85834"}],"version-history":[{"count":1,"href":"https:\/\/jugulajm.net\/index.php?rest_route=\/wp\/v2\/posts\/85834\/revisions"}],"predecessor-version":[{"id":85836,"href":"https:\/\/jugulajm.net\/index.php?rest_route=\/wp\/v2\/posts\/85834\/revisions\/85836"}],"wp:featuredmedia":[{"embeddable":true,"href":"https:\/\/jugulajm.net\/index.php?rest_route=\/wp\/v2\/media\/85835"}],"wp:attachment":[{"href":"https:\/\/jugulajm.net\/index.php?rest_route=%2Fwp%2Fv2%2Fmedia&parent=85834"}],"wp:term":[{"taxonomy":"category","embeddable":true,"href":"https:\/\/jugulajm.net\/index.php?rest_route=%2Fwp%2Fv2%2Fcategories&post=85834"},{"taxonomy":"post_tag","embeddable":true,"href":"https:\/\/jugulajm.net\/index.php?rest_route=%2Fwp%2Fv2%2Ftags&post=85834"}],"curies":[{"name":"wp","href":"https:\/\/api.w.org\/{rel}","templated":true}]}}