{"id":85802,"date":"2025-03-27T18:34:47","date_gmt":"2025-03-27T17:34:47","guid":{"rendered":"https:\/\/jugulajm.net\/?p=85802"},"modified":"2025-03-27T18:34:47","modified_gmt":"2025-03-27T17:34:47","slug":"be-nxjerr-bllof-ramen-integrimi-nuk-varet-nga-fitorja-e-ps-se-ne-zgjedhjet-e-11-maj-it","status":"publish","type":"post","link":"https:\/\/jugulajm.net\/?p=85802","title":{"rendered":"BE nxjerr bllof Ram\u00ebn: Integrimi nuk varet nga fitorja e PS-s\u00eb n\u00eb zgjedhjet e 11 maj-it"},"content":{"rendered":"<p>N\u00eb turin elektoral nga Vlora, Gjirokastra Lezha, Shkodra dhe m\u00eb tej n\u00eb qytetet e tjera, kryeministri Edi Rama ka vendosur integrimin europian n\u00eb qend\u00ebr t\u00eb fushat\u00ebs p\u00ebr zgjedhjet e 11 majit, duke e paraqitur vot\u00ebn p\u00ebr Partin\u00eb Socialiste si nj\u00eb \u201cmesazh t\u00eb fort\u00eb\u201d q\u00eb, sipas tij, do t\u00eb p\u00ebrshpejtoj\u00eb negociatat e an\u00ebtar\u00ebsimit t\u00eb Shqip\u00ebris\u00eb n\u00eb Bashkimin Europian.<\/p>\n<p>Rama u tund shqiptar\u00ebve mirazhin e \u201cpasaport\u00ebs europiane\u201d duke e p\u00ebrshkruar me detaje dokumentin q\u00eb do t\u2019u sjell\u00eb p\u00ebrfitime n\u00eb ekonomi, n\u00eb trajtimin sh\u00ebndet\u00ebsor, n\u00eb studimet p\u00ebr m\u00eb t\u00eb rinjt\u00eb, apo n\u00eb sportelet e aeroporteve.<\/p>\n<p>Por n\u00eb retorik\u00ebn e kryeministrit, integrimi n\u00eb Bashkimin Europian lidhet ngusht\u00eb me vot\u00ebn e 11 majit.<\/p>\n<blockquote><p>\u201cN\u00ebse n\u00eb 11 maj Shqip\u00ebria i jep Europ\u00ebs mesazhin popullor q\u00eb ne e kemi t\u00eb qart\u00eb se \u00e7far\u00eb duhet t\u00eb b\u00ebjm\u00eb deri n\u00eb 2027, kjo \u00ebsht\u00eb nj\u00eb gj\u00eb. Por n\u00ebse Shqip\u00ebria jep nj\u00eb mesazh q\u00eb populli merret me mustaqet e Kujtim Gjuzit, at\u00ebher\u00eb ne jemi m\u00eb t\u00eb dob\u00ebt atje,\u201d \u2013 tha Rama n\u00eb Vlor\u00eb, duke i ftuar qytetar\u00ebt t\u00eb votojn\u00eb Partin\u00eb Socialiste p\u00ebr t\u00eb mos \u201cmbyllur der\u00ebn e BE-s\u00eb\u201d.\u00a0<a href=\"https:\/\/ps.al\/newsroom\/me-energjine-e-te-rinjve-socialiste-te-vlores\/\">(fjalimi i plot\u00eb i Edi Ram\u00ebs n\u00eb Vlor\u00eb)<\/a><\/p><\/blockquote>\n<p>N\u00eb Lezh\u00eb, ai vazhdoi n\u00eb t\u00eb nj\u00ebjt\u00ebn linj\u00eb duke sugjeruar se nj\u00eb fitore p\u00ebrtej shumic\u00ebs normale p\u00ebr PS \u00ebsht\u00eb vendimtare p\u00ebr suksesin e negociatave dhe p\u00ebr nj\u00eb antar\u00ebsim m\u00eb t\u00eb shpejt\u00eb n\u00eb BE.<\/p>\n<p>Nd\u00ebrsa n\u00eb Shkod\u00ebr, kryeministri shkoi akoma m\u00eb tej, kur iu referua direkt zyrtar\u00ebve t\u00eb Brukselit, q\u00eb sipas tij i ndjekin zhvillimet n\u00eb Shqip\u00ebri dhe presin ta lexojn\u00eb fitoren e Partis\u00eb Socialiste, ose si nj\u00eb rezultat \u201ckuptimplot\u00eb\u201d pro Bashkimit Europian ose jo.<\/p>\n<blockquote><p>\u201cRezultati mund t\u00eb jet\u00eb aritmetikisht ok p\u00ebr ne, por mund t\u00eb mos jet\u00eb mjaftuesh\u00ebm nj\u00eb rezultat kuptimplot\u00eb p\u00ebr ata q\u00eb jan\u00eb n\u00eb an\u00ebn tjet\u00ebr, p\u00ebr ata q\u00eb jan\u00eb n\u00eb Bruksel, p\u00ebr ata q\u00eb jan\u00eb an\u00ebtar\u00eb aktual\u00eb t\u00eb BE\u201d u tha Rama t\u00eb rinjve n\u00eb Shkod\u00ebr.<\/p>\n<p>\u201cE ndjekin ata gjith\u00eb \u00e7a ndodh, aq m\u00eb tep\u00ebr nj\u00eb vend q\u00eb ata po mendojn\u00eb ta marrin brenda. Dhe n\u00eb rast se shqiptar\u00ebt me at\u00eb vot\u00eb thon\u00eb: \u201cJemi m\u00eb shum\u00eb se shumica normale q\u00eb ka forca q\u00eb qeveris se duam Shqip\u00ebrin\u00eb n\u00eb BE\u201d, at\u00ebher\u00eb kjo na jep ne shum\u00eb forc\u00eb n\u00eb negociata dhe na jep ne shum\u00eb shpejt\u00ebsi n\u00eb antar\u00ebsim\u201d shtoi ai.\u00a0<a href=\"https:\/\/ps.al\/newsroom\/me-partine-socialiste-shqiperia-ka-mundesine-e-arte-te-anetaresimit-ne-be\/\">(fjalimi i plot\u00eb i Edi Ram\u00ebs n\u00eb Shkod\u00ebr)<\/a><\/p><\/blockquote>\n<p>Por kur retorika elektorale e Ram\u00ebs vihet p\u00ebrball\u00eb q\u00ebndrimit zyrtar t\u00eb Delegacionit t\u00eb Bashkimit Europian n\u00eb Tiran\u00eb, realiteti del ndryshe.<\/p>\n<p>Lapsi.al u interesua pran\u00eb Delegacionit t\u00eb BE n\u00eb Tiran\u00eb dhe mori si p\u00ebrgjigje nj\u00eb fakt sa t\u00eb thjesht\u00eb aq edhe n\u00eb kontrast me retorik\u00ebn e Ram\u00ebs n\u00eb fushat\u00ebn p\u00ebr 11 Majin; se integrimi nuk varet nga rezultati i zgjedhjeve apo nga fitorja e ndonj\u00eb force t\u00eb caktuar politike, por \u00ebsht\u00eb nj\u00eb proces gjith\u00ebp\u00ebrfshir\u00ebs dhe meritokratik.<\/p>\n<p>E pyetur n\u00ebse do t\u00eb ndikoj\u00eb rezultati i 11 Majit n\u00eb perceptimin e zyrtar\u00ebve t\u00eb Bashkimit Europian p\u00ebr procesin e integrimit t\u00eb Shqip\u00ebris\u00eb, zyra e delegacionit u p\u00ebrgjigj se:<\/p>\n<blockquote><p><strong>\u201cPavar\u00ebsisht nga rezultati i zgjedhjeve,<\/strong>\u00a0BE-ja do t\u00eb vazhdoj\u00eb ta mb\u00ebshtes\u00eb Shqip\u00ebrin\u00eb n\u00eb rrug\u00ebn e saj evropiane, duke punuar krah p\u00ebr krah me institucionet shqiptare dhe t\u00eb gjitha segmentet e shoq\u00ebris\u00eb,\u201d \u2013 thuhet n\u00eb p\u00ebrgjigjen e delegacionit t\u00eb BE p\u00ebr Lapsi.al.<\/p><\/blockquote>\n<p>BE p\u00ebrs\u00ebrit qart\u00ebsisht se an\u00ebtar\u00ebsimi \u00ebsht\u00eb nj\u00eb proces i bazuar n\u00eb merita, ku vler\u00ebsohet progresi konkret n\u00eb p\u00ebrmbushjen e kritereve \u2013 jo propaganda elektorale, as retorika e tribunave dhe as rezultatet aritmetike t\u00eb kutive t\u00eb votimit.<\/p>\n<p>E pyetur n\u00ebse do t\u00eb p\u00ebrshpejtohet integrimi i Shqip\u00ebris\u00eb n\u00eb Bashkimin Europian n\u00ebse Partia Socialiste fiton nj\u00eb mandat t\u00eb kat\u00ebrt qeveris\u00ebs, zyra e delegacionit u p\u00ebrgjigj se:<\/p>\n<blockquote><p>\u201cAn\u00ebtar\u00ebsimi n\u00eb BE \u00ebsht\u00eb nj\u00eb proces i bazuar n\u00eb merita dhe \u00e7do kandidat vler\u00ebsohet n\u00eb baz\u00eb t\u00eb progresit t\u00eb tij drejt p\u00ebrmbushjes s\u00eb t\u00eb gjitha kritereve,\u201d \u2013 thekson BE, duke p\u00ebrmendur konkretisht prioritetet: shteti i s\u00eb drejt\u00ebs, lufta kund\u00ebr korrupsionit, liria e medias dhe reformat institucionale.<\/p><\/blockquote>\n<p>Deklaratat jan\u00eb n\u00eb kund\u00ebrshtim frontal me p\u00ebrpjekjen e Ram\u00ebs p\u00ebr ta shitur nj\u00eb vot\u00eb lokale p\u00ebr PS si nj\u00eb pasaport\u00eb drejt Brukselit.<\/p>\n<p>Retorika e Ram\u00ebs p\u00ebrpiqet t\u00eb konvertoj\u00eb integrimin europian n\u00eb kapital elektoral t\u00eb Partis\u00eb Socialiste, nd\u00ebrsa BE thot\u00eb t\u00eb kund\u00ebrt\u00ebn: se ky \u00ebsht\u00eb nj\u00eb\u00a0<strong>proces komb\u00ebtar,<\/strong>\u00a0q\u00eb k\u00ebrkon angazhim institucional, konsensus politik dhe reforma t\u00eb thella.<\/p>\n<p>E pyetur n\u00ebse Bashkimi Europian do ta lexoj\u00eb fitoren \u201cp\u00ebrtej shumic\u00ebs normale nga Partia Socialiste n\u00eb zgjedhjet e 11 Majit\u201d si nj\u00eb mesazh t\u00eb fort\u00eb nga shqiptar\u00ebt pro integrimit n\u00eb Bashkimin Europian, zyra e delegacionit u p\u00ebrgjigj se:<\/p>\n<blockquote><p>\u201cProcesi i integrimit t\u00eb Shqip\u00ebris\u00eb n\u00eb BE \u00ebsht\u00eb nj\u00eb\u00a0<strong>objektiv strategjik komb\u00ebtar<\/strong>, i cili mb\u00ebshtetet fuqish\u00ebm nga shumica d\u00ebrrmuese e qytetar\u00ebve n\u00eb Shqip\u00ebri dhe g\u00ebzon mb\u00ebshtetje t\u00eb plot\u00eb\u00a0<strong>nd\u00ebrpartiake\u201d<\/strong>\u00a0ishte p\u00ebrgjigjia p\u00ebr Lapsi.al<\/p><\/blockquote>\n<p>N\u00eb thelb, ajo q\u00eb Rama paraqet si nj\u00eb vot\u00eb pro Bashkimit Europian, delegacioni i BE-s\u00eb e p\u00ebrkufizon si nj\u00eb proces q\u00eb i takon gjith\u00eb shoq\u00ebris\u00eb shqiptare, pavar\u00ebsisht kush \u00ebsht\u00eb n\u00eb pushtet.<\/p>\n<blockquote><p>\u201cN\u00eb fund t\u00eb vitit 2024, Shqip\u00ebria hapi dy grup-kapitujt e par\u00eb (themeloret dhe marr\u00ebdh\u00ebniet e jashtme) brenda nj\u00eb harku kohor t\u00eb shkurt\u00ebr dhe presim q\u00eb dinamika n\u00eb negociatat e an\u00ebtar\u00ebsimit t\u00eb vazhdoj\u00eb\u201d thuhet n\u00eb p\u00ebrgjigjen e delegacionit p\u00ebr Lapsi.al<\/p><\/blockquote>\n<p>N\u00ebse nj\u00eb gj\u00eb \u00ebsht\u00eb e qart\u00eb nga ky kontrast, \u00ebsht\u00eb fakti se Bashkimi Europian i refuzon sloganet e fushat\u00ebs s\u00eb Partis\u00eb Socialiste, q\u00eb tenton t\u00eb fus\u00eb n\u00eb xhep nj\u00eb proces aq t\u00eb gjer\u00eb sa integrimi i vendit n\u00eb BE. Ndryshe nga retorika e Partis\u00eb Socialiste, Europ\u00ebn n\u00eb Shqip\u00ebri do ta sjellin standartet n\u00eb zgjedhje, shteti i s\u00eb drejt\u00ebs, liria e medias apo lufta kund\u00ebr korrupsionit, dhe jo fjalime q\u00eb lidhin fatin e kombit me fitoren e nj\u00eb partie.<\/p>\n","protected":false},"excerpt":{"rendered":"<p>N\u00eb turin elektoral nga Vlora, Gjirokastra Lezha, Shkodra dhe m\u00eb tej n\u00eb qytetet e tjera, kryeministri Edi Rama ka vendosur integrimin europian n\u00eb qend\u00ebr t\u00eb fushat\u00ebs p\u00ebr zgjedhjet e 11 majit, duke e paraqitur vot\u00ebn p\u00ebr Partin\u00eb Socialiste si nj\u00eb \u201cmesazh t\u00eb fort\u00eb\u201d q\u00eb, sipas tij, do t\u00eb p\u00ebrshpejtoj\u00eb negociatat e an\u00ebtar\u00ebsimit t\u00eb Shqip\u00ebris\u00eb n\u00eb [&hellip;]<\/p>\n","protected":false},"author":5,"featured_media":83547,"comment_status":"closed","ping_status":"closed","sticky":false,"template":"","format":"standard","meta":{"footnotes":""},"categories":[1,6326,6332],"tags":[35530],"class_list":{"0":"post-85802","1":"post","2":"type-post","3":"status-publish","4":"format-standard","5":"has-post-thumbnail","7":"category-aktualitet","8":"category-politike","9":"category-te-fundit","10":"tag-be-nxjerr-bllof-ramen-integrimi-nuk-varet-nga-fitorja-e-ps-se-ne-zgjedhjet-e-11-maj-it"},"_links":{"self":[{"href":"https:\/\/jugulajm.net\/index.php?rest_route=\/wp\/v2\/posts\/85802","targetHints":{"allow":["GET"]}}],"collection":[{"href":"https:\/\/jugulajm.net\/index.php?rest_route=\/wp\/v2\/posts"}],"about":[{"href":"https:\/\/jugulajm.net\/index.php?rest_route=\/wp\/v2\/types\/post"}],"author":[{"embeddable":true,"href":"https:\/\/jugulajm.net\/index.php?rest_route=\/wp\/v2\/users\/5"}],"replies":[{"embeddable":true,"href":"https:\/\/jugulajm.net\/index.php?rest_route=%2Fwp%2Fv2%2Fcomments&post=85802"}],"version-history":[{"count":1,"href":"https:\/\/jugulajm.net\/index.php?rest_route=\/wp\/v2\/posts\/85802\/revisions"}],"predecessor-version":[{"id":85803,"href":"https:\/\/jugulajm.net\/index.php?rest_route=\/wp\/v2\/posts\/85802\/revisions\/85803"}],"wp:featuredmedia":[{"embeddable":true,"href":"https:\/\/jugulajm.net\/index.php?rest_route=\/wp\/v2\/media\/83547"}],"wp:attachment":[{"href":"https:\/\/jugulajm.net\/index.php?rest_route=%2Fwp%2Fv2%2Fmedia&parent=85802"}],"wp:term":[{"taxonomy":"category","embeddable":true,"href":"https:\/\/jugulajm.net\/index.php?rest_route=%2Fwp%2Fv2%2Fcategories&post=85802"},{"taxonomy":"post_tag","embeddable":true,"href":"https:\/\/jugulajm.net\/index.php?rest_route=%2Fwp%2Fv2%2Ftags&post=85802"}],"curies":[{"name":"wp","href":"https:\/\/api.w.org\/{rel}","templated":true}]}}