{"id":85781,"date":"2025-03-26T18:39:20","date_gmt":"2025-03-26T17:39:20","guid":{"rendered":"https:\/\/jugulajm.net\/?p=85781"},"modified":"2025-03-26T18:39:40","modified_gmt":"2025-03-26T17:39:40","slug":"itali-arrestohet-36-vjecari-shqiptar-vrau-rumunin-me-thike-per-pazaret-e-droges","status":"publish","type":"post","link":"https:\/\/jugulajm.net\/?p=85781","title":{"rendered":"Itali, arrestohet 36-vje\u00e7ari shqiptar, vrau rumunin me thik\u00eb p\u00ebr pazaret e drog\u00ebs"},"content":{"rendered":"<p><span style=\"vertical-align: inherit;\"><span style=\"vertical-align: inherit;\">Nj\u00eb operacion i karabinier\u00ebve t\u00eb Fermos n\u00eb arrestimin e nj\u00eb 36-vje\u00e7ari shqiptar, i d\u00ebnuar p\u00ebr vrasjen e nj\u00eb rumuni, e cila ndodh n\u00eb nj\u00eb kontekst rival t\u00eb lidhur me trafikun e saj.<\/span><\/span><\/p>\n<p><span style=\"vertical-align: inherit;\"><span style=\"vertical-align: inherit;\">Karabinier\u00ebt njoftuan operacionin ndaj t\u00eb k\u00ebrkuarit, q\u00eb akuzohet p\u00ebr ngjarjen e r\u00ebnd\u00eb t\u00eb ndodhur n\u00eb muajin shkurt t\u00eb vitit 2020.<\/span><\/span><\/p>\n<p><span style=\"vertical-align: inherit;\"><span style=\"vertical-align: inherit;\">Shqiptari<\/span><\/span><span style=\"vertical-align: inherit;\"><span style=\"vertical-align: inherit;\"> \u00a0kishte qen\u00eb m\u00eb par\u00eb i d\u00ebnuar me 2 vite burgim p\u00ebr trafik droge. Kurse tani do t\u00eb duhet t\u00eb vuaj\u00eb edhe 22 vite izolim p\u00ebr krimin e vrasjeve.<\/span><\/span><\/p>\n<p><span style=\"vertical-align: inherit;\"><span style=\"vertical-align: inherit;\">Krimi dyshohet se ka zanafill\u00ebn e prishjes s\u00eb kontrollit dhe kontrollit t\u00eb biznesit n\u00eb mes Fermos dhe Porto Sant&#8217;Elpidio. M\u00eb 17 shkurt 2020, zbulimi i trupit t\u00eb pajet t\u00eb nj\u00eb 36-vje\u00e7ari rumun, i vrar\u00eb me thik\u00eb, ka alarmuar policin\u00eb.<\/span><\/span><\/p>\n<p><span style=\"vertical-align: inherit;\"><span style=\"vertical-align: inherit;\">Viktima, gjithashtu nj\u00eb person me precedent\u00eb penal\u00eb, kishte plag\u00eb t\u00eb pashoqe me at\u00eb n\u00eb shpin\u00eb.<\/span><\/span><\/p>\n<p><span style=\"vertical-align: inherit;\"><span style=\"vertical-align: inherit;\">Hetimet, t\u00eb cilat plot\u00ebsojn\u00eb akuzat p\u00ebr vrasjet, ishin \u00e7\u00ebshtje komplekse dhe p\u00ebrfshirjen e teknikave t\u00eb avancuara t\u00eb hetimit. Karabinier\u00ebt e analizuar regjistrimet e kamerave t\u00eb v\u00ebzhgojn\u00eb me video, t\u00eb dh\u00ebnat telefonike dhe hetuar lidhjet e informacionit dhe autorit t\u00eb personave. Fal\u00eb hetimeve t\u00eb imt\u00ebsishme u b\u00eb e mundur kapja e autorit t\u00eb krimit, i cili pak pas krimit ishte zhdukur duke u larguar nga qyteti.<\/span><\/span><\/p>\n<p><span style=\"vertical-align: inherit;\"><span style=\"vertical-align: inherit;\">Nj\u00eb bashk\u00ebpunim i nj\u00eb nd\u00ebrkomb\u00ebtar me luft\u00ebtar\u00ebt shqiptar\u00eb, n\u00ebp\u00ebrmjet sh\u00ebrbimitt p\u00ebr nd\u00ebrkomb\u00ebtar Policor, ka lejuar q\u00eb i arratisuri t\u00eb gjendet fillimisht n\u00eb Shqip\u00ebri dhe m\u00eb pas, me kthimin e tij n\u00eb Itali p\u00ebr arsye t\u00eb arsimit dhe familjes, n\u00eb provinc\u00ebn e Fermos, u b\u00eb edhe arrestimi, informon\u00a0 <\/span><\/span><a href=\"https:\/\/www.viverefermo.it\/2025\/03\/26\/omicidio-del-2020-arrestato-lautore-22-anni-per-un-albanese-coinvolto-nel-traffico-di-droga\/47033\/\"><span style=\"vertical-align: inherit;\"><span style=\"vertical-align: inherit;\">media<\/span><\/span><\/a><span style=\"vertical-align: inherit;\"><span style=\"vertical-align: inherit;\"> \u00a0italiane.<\/span><\/span><\/p>\n<p><span style=\"vertical-align: inherit;\"><span style=\"vertical-align: inherit;\">Pas ndalimit ai u d\u00ebrgua n\u00eb burgun e Fermos, ku nuk ka ndodhur q\u00eb t\u00eb vuaj\u00eb fajin duhet t\u00eb dep\u00ebrtoj\u00eb m\u00eb shum\u00eb se dy burgim.<\/span><\/span><\/p>\n","protected":false},"excerpt":{"rendered":"<p>Nj\u00eb operacion i karabinier\u00ebve t\u00eb Fermos n\u00eb arrestimin e nj\u00eb 36-vje\u00e7ari shqiptar, i d\u00ebnuar p\u00ebr vrasjen e nj\u00eb rumuni, e cila ndodh n\u00eb nj\u00eb kontekst rival t\u00eb lidhur me trafikun e saj. Karabinier\u00ebt njoftuan operacionin ndaj t\u00eb k\u00ebrkuarit, q\u00eb akuzohet p\u00ebr ngjarjen e r\u00ebnd\u00eb t\u00eb ndodhur n\u00eb muajin shkurt t\u00eb vitit 2020. Shqiptari \u00a0kishte qen\u00eb [&hellip;]<\/p>\n","protected":false},"author":5,"featured_media":63822,"comment_status":"closed","ping_status":"closed","sticky":false,"template":"","format":"standard","meta":{"footnotes":""},"categories":[1,7664,6332],"tags":[35521,26133,35522],"class_list":{"0":"post-85781","1":"post","2":"type-post","3":"status-publish","4":"format-standard","5":"has-post-thumbnail","7":"category-aktualitet","8":"category-bota","9":"category-te-fundit","10":"tag-arrestohet-36-vjecari-shqiptar","11":"tag-itali","12":"tag-vrau-rumunin-me-thike-per-pazaret-e-droges"},"_links":{"self":[{"href":"https:\/\/jugulajm.net\/index.php?rest_route=\/wp\/v2\/posts\/85781","targetHints":{"allow":["GET"]}}],"collection":[{"href":"https:\/\/jugulajm.net\/index.php?rest_route=\/wp\/v2\/posts"}],"about":[{"href":"https:\/\/jugulajm.net\/index.php?rest_route=\/wp\/v2\/types\/post"}],"author":[{"embeddable":true,"href":"https:\/\/jugulajm.net\/index.php?rest_route=\/wp\/v2\/users\/5"}],"replies":[{"embeddable":true,"href":"https:\/\/jugulajm.net\/index.php?rest_route=%2Fwp%2Fv2%2Fcomments&post=85781"}],"version-history":[{"count":2,"href":"https:\/\/jugulajm.net\/index.php?rest_route=\/wp\/v2\/posts\/85781\/revisions"}],"predecessor-version":[{"id":85783,"href":"https:\/\/jugulajm.net\/index.php?rest_route=\/wp\/v2\/posts\/85781\/revisions\/85783"}],"wp:featuredmedia":[{"embeddable":true,"href":"https:\/\/jugulajm.net\/index.php?rest_route=\/wp\/v2\/media\/63822"}],"wp:attachment":[{"href":"https:\/\/jugulajm.net\/index.php?rest_route=%2Fwp%2Fv2%2Fmedia&parent=85781"}],"wp:term":[{"taxonomy":"category","embeddable":true,"href":"https:\/\/jugulajm.net\/index.php?rest_route=%2Fwp%2Fv2%2Fcategories&post=85781"},{"taxonomy":"post_tag","embeddable":true,"href":"https:\/\/jugulajm.net\/index.php?rest_route=%2Fwp%2Fv2%2Ftags&post=85781"}],"curies":[{"name":"wp","href":"https:\/\/api.w.org\/{rel}","templated":true}]}}