{"id":85764,"date":"2025-03-26T11:19:31","date_gmt":"2025-03-26T10:19:31","guid":{"rendered":"https:\/\/jugulajm.net\/?p=85764"},"modified":"2025-03-26T11:19:31","modified_gmt":"2025-03-26T10:19:31","slug":"emri-foto-prokuroria-merr-te-pandehur-ish-drejtorin-e-policise-akuzohet-per","status":"publish","type":"post","link":"https:\/\/jugulajm.net\/?p=85764","title":{"rendered":"EMRI-FOTO\/ Prokuroria merr t\u00eb pandehur ish-drejtorin e Policis\u00eb, akuzohet p\u00ebr&#8230;"},"content":{"rendered":"<p>Prokuroria e Tiran\u00ebs ka marr\u00eb t\u00eb pandehur ish-drejtorin e Teknologjis\u00eb s\u00eb Informacionit n\u00eb Policin\u00eb e Shtetit, Ervin Mu\u00e7a.<\/p>\n<p>Mu\u00e7a akuzohet p\u00ebr hyrje t\u00eb paautorizuar n\u00eb sistemet kompjuterike gjat\u00eb koh\u00ebs s\u00eb tij si drejtor IT n\u00eb Policin\u00eb e Shtetit.<\/p>\n<p>Aktualisht Mu\u00e7a ndodhet n\u00eb mas\u00ebn arrest sht\u00ebpie, nd\u00ebrsa hetimet ndaj tij nis\u00ebn\u00a0m\u00eb 9 prill 2024 p\u00ebr vepr\u00ebn penale \u201cHyrje e paautorizuar kompjuterike\u201d. Menj\u00ebher\u00eb ai u shkarkua nga detyra q\u00eb mbante prej drejtorit t\u00eb p\u00ebrgjithsh\u00ebm t\u00eb asaj kohe.<\/p>\n<p><em>&#8220;Prokuroria pran\u00eb Gjykat\u00ebs s\u00eb Shkall\u00ebs s\u00eb Par\u00eb t\u00eb Juridiksionit t\u00eb P\u00ebrgjithsh\u00ebm Tiran\u00eb, p\u00ebrfundoi hetimet dhe d\u00ebrgon n\u00eb gjyq t\u00eb pandehurin Ervin Mu\u00e7a, aktualisht me mas\u00eb sigurimi \u2018Arrest n\u00eb sht\u00ebpi\u2019 p\u00ebr vepr\u00ebn penale \u2018Hyrje e paautorizuar kompjuterike\u2019 parashikuar nga neni 192\/b\/2 i Kodit Penal.<\/em><\/p>\n<p><em>Nga t\u00ebr\u00ebsia e veprimeve hetimore p\u00ebr \u00e7\u00ebshtjen penale nr.5404, dat\u00eb 01.09.2023, rezultoi se: i pandehuri Ervin Mu\u00e7a, n\u00eb lidhje me procedurat e backup dhe ekstraktimin e t\u00eb dh\u00ebnave, nuk ka informuar Drejtorin e P\u00ebrgjithshem t\u00eb Policis\u00eb s\u00eb Shtetit, nuk ka nj\u00eb informacion, memo informuese, plan veprimi p\u00ebr problematikat e konstatuara dhe veprimet e nd\u00ebrmarra p\u00ebr rregullimin e tyre.<\/em><\/p>\n<p><em>I pandehuri Ervin Mu\u00e7a, ka urdh\u00ebruar punonj\u00ebsit p\u00ebr hapjen e portave USB. Veprimet jan\u00eb kryer prej tij deri n\u00eb or\u00ebt e vona t\u00eb nat\u00ebs dhe n\u00eb godin\u00eb jan\u00eb futur persona t\u00eb paautorizuar p\u00ebr t\u00eb asistuar n\u00eb procesin e back up, konkretisht shtetasi K. M; jo pjes\u00eb e stafit, shpeshher\u00eb ka hyr\u00eb me pinin personal t\u00eb nj\u00eb punonj\u00ebsi tjet\u00ebr jo prezent.<\/em><\/p>\n<p><em>Gjithashtu, v\u00ebrtetohet qart\u00ebsisht lidhja midis pajisjes hard disk t\u00eb sekuestruar me kompjuterin e identifikuar t\u00eb lidhur me serverat; lidhje e realizuar p\u00ebr t\u00eb mund\u00ebsuar kryerjen e nj\u00eb procesi back up manual, duke eksportuar t\u00eb dh\u00ebna n\u00eb hard disk. Proces, i cili nuk ka pse t\u00eb kryhet pasi vet\u00eb sistemi automatikisht b\u00ebn dy back-up-e, p\u00ebr m\u00eb tep\u00ebr n\u00eb pajisjen hard disk t\u00eb sekuestruar evidentohen gjurm\u00eb t\u00eb procesit t\u00eb back up. Sa m\u00eb sip\u00ebr, hyrja e paautorizuar kompjuterike \u00ebsht\u00eb realizuar. Pas hapjes s\u00eb portave USB, procesi i back up ka filluar, vijuar, por nuk \u00ebsht\u00eb p\u00ebrfunduar plot\u00ebsisht.<\/em><\/p>\n<p><em>Lidhur me vepr\u00ebn penale t\u00eb \u201cShp\u00ebrdorimit t\u00eb detyr\u00ebs\u201d, parashikuar nga neni 248 i Kodit Penal, p\u00ebr t\u00eb cilin gjithashtu \u00ebsht\u00eb regjistruar procedimi penal nr.5404\/2023 \u00ebsht\u00eb vendosur ndarja e \u00e7\u00ebshtjes&#8221;,<\/em>\u00a0njoftoi Prokuroria e Tiran\u00ebs.<\/p>\n<p>Organi hetues ka ve\u00e7uar \u00e7\u00ebshtjen dhe po e heton edhe p\u00ebr vepr\u00ebn penale t\u00eb shp\u00ebrdorimit t\u00eb detyr\u00ebs. P\u00ebr rrjedhjen e t\u00eb dh\u00ebnave t\u00eb sistemit TIMS, Kuvendi ngriti edhe nj\u00eb komision hetimor parlamentare, n\u00eb t\u00eb cilin d\u00ebshmoi edhe vet\u00eb Mu\u00e7a. PS dhe PD dol\u00ebn me dy raporte t\u00eb ndryshme, nd\u00ebrkoh\u00eb q\u00eb kryetari i atij komisioni, Ervin Salianji raportin e opozit\u00ebs e dor\u00ebzoi n\u00eb SPAK.<\/p>\n","protected":false},"excerpt":{"rendered":"<p>Prokuroria e Tiran\u00ebs ka marr\u00eb t\u00eb pandehur ish-drejtorin e Teknologjis\u00eb s\u00eb Informacionit n\u00eb Policin\u00eb e Shtetit, Ervin Mu\u00e7a. Mu\u00e7a akuzohet p\u00ebr hyrje t\u00eb paautorizuar n\u00eb sistemet kompjuterike gjat\u00eb koh\u00ebs s\u00eb tij si drejtor IT n\u00eb Policin\u00eb e Shtetit. Aktualisht Mu\u00e7a ndodhet n\u00eb mas\u00ebn arrest sht\u00ebpie, nd\u00ebrsa hetimet ndaj tij nis\u00ebn\u00a0m\u00eb 9 prill 2024 p\u00ebr vepr\u00ebn [&hellip;]<\/p>\n","protected":false},"author":5,"featured_media":85765,"comment_status":"closed","ping_status":"closed","sticky":false,"template":"","format":"standard","meta":{"footnotes":""},"categories":[1,6332,29228],"tags":[34811,35511],"class_list":{"0":"post-85764","1":"post","2":"type-post","3":"status-publish","4":"format-standard","5":"has-post-thumbnail","7":"category-aktualitet","8":"category-te-fundit","9":"category-vendi","10":"tag-akuzohet-per","11":"tag-emri-foto-prokuroria-merr-te-pandehur-ish-drejtorin-e-policise"},"_links":{"self":[{"href":"https:\/\/jugulajm.net\/index.php?rest_route=\/wp\/v2\/posts\/85764","targetHints":{"allow":["GET"]}}],"collection":[{"href":"https:\/\/jugulajm.net\/index.php?rest_route=\/wp\/v2\/posts"}],"about":[{"href":"https:\/\/jugulajm.net\/index.php?rest_route=\/wp\/v2\/types\/post"}],"author":[{"embeddable":true,"href":"https:\/\/jugulajm.net\/index.php?rest_route=\/wp\/v2\/users\/5"}],"replies":[{"embeddable":true,"href":"https:\/\/jugulajm.net\/index.php?rest_route=%2Fwp%2Fv2%2Fcomments&post=85764"}],"version-history":[{"count":1,"href":"https:\/\/jugulajm.net\/index.php?rest_route=\/wp\/v2\/posts\/85764\/revisions"}],"predecessor-version":[{"id":85766,"href":"https:\/\/jugulajm.net\/index.php?rest_route=\/wp\/v2\/posts\/85764\/revisions\/85766"}],"wp:featuredmedia":[{"embeddable":true,"href":"https:\/\/jugulajm.net\/index.php?rest_route=\/wp\/v2\/media\/85765"}],"wp:attachment":[{"href":"https:\/\/jugulajm.net\/index.php?rest_route=%2Fwp%2Fv2%2Fmedia&parent=85764"}],"wp:term":[{"taxonomy":"category","embeddable":true,"href":"https:\/\/jugulajm.net\/index.php?rest_route=%2Fwp%2Fv2%2Fcategories&post=85764"},{"taxonomy":"post_tag","embeddable":true,"href":"https:\/\/jugulajm.net\/index.php?rest_route=%2Fwp%2Fv2%2Ftags&post=85764"}],"curies":[{"name":"wp","href":"https:\/\/api.w.org\/{rel}","templated":true}]}}