{"id":85712,"date":"2025-03-24T17:42:40","date_gmt":"2025-03-24T16:42:40","guid":{"rendered":"https:\/\/jugulajm.net\/?p=85712"},"modified":"2025-03-24T17:42:40","modified_gmt":"2025-03-24T16:42:40","slug":"ish-zv-kryeministri-ahmetaj-prangosja-e-veliajt-orkestruar-nga-rama-fut-me-shume-frike-brenda-partise","status":"publish","type":"post","link":"https:\/\/jugulajm.net\/?p=85712","title":{"rendered":"Ish-zv\/kryeministri Ahmetaj: Prangosja e Veliajt orkestruar nga Rama, fut m\u00eb shum\u00eb frik\u00eb brenda partis\u00eb"},"content":{"rendered":"<p>&#8220;Nj\u00eb teat\u00ebr i orkestruar nga Edi Rama\u201d, &#8211; k\u00ebshtu e ka konsideruar ish-zv\/kryeministri, Arben Ahmetaj, arrestimin e Erion Veliajt nga SPAK, n\u00eb nj\u00eb intervist\u00eb t\u00eb dh\u00ebn\u00eb p\u00ebr gazetarin Vincent W. J. van Gerven Oei.<\/p>\n<p>Ahmetaj thot\u00eb se Veliaj nuk po hetohet p\u00ebr \u00e7\u00ebshtjet p\u00ebr t\u00eb cila duhet t\u00eb hetohej, si\u00e7 jan\u00eb inceneratori dhe dosja \u201c5D\u201d, pasi sipas tij, k\u00ebto \u00e7\u00ebshtje t\u00eb \u00e7ojn\u00eb tek Edi Rama.<\/p>\n<p>Sipas Ahmetajt, me arrestimin e Veliajt, Edi Rama tund flamurin e reform\u00ebs n\u00eb drejt\u00ebsi para nd\u00ebrkomb\u00ebtar\u00ebve dhe nj\u00ebkoh\u00ebsisht fut edhe m\u00eb shum\u00eb frik\u00eb brenda partis\u00eb, p\u00ebr t\u2019i mbajtur t\u00eb tij\u00ebt n\u00ebn trysni.<\/p>\n<p><em>\u201cKjo \u00ebsht\u00eb e gjitha nj\u00eb teat\u00ebr i Ram\u00ebs. Para s\u00eb gjithash, dua t\u00eb them se p\u00ebr mua \u00ebsht\u00eb mesjetare q\u00eb e kan\u00eb \u00e7uar Erionin n\u00eb burg. Ata mund ta hetonin n\u00eb gjendje t\u00eb lir\u00eb, por jo duke q\u00ebndruar kryetar bashkie. Nuk mund t\u00eb q\u00ebndrosh n\u00eb detyr\u00eb nd\u00ebrsa je duke u hetuar dhe akuzuar. N\u00eb t\u00eb nj\u00ebjt\u00ebn koh\u00eb, nuk pajtohem me q\u00ebndrimin e Erionit p\u00ebr t\u00eb sulmuar prokuror\u00ebt dhe familjet e tyre.<\/em><\/p>\n<p><em>S\u00eb dyti, n\u00ebse shikon arsyen pse Erioni \u00ebsht\u00eb n\u00eb burg, ajo nuk ka lidhje me \u00e7\u00ebshtjen e v\u00ebrtet\u00eb, as me inceneratorin dhe as me afer\u00ebn 5D. Pse? Sepse k\u00ebto do ta \u00e7onin hetimin te Kryeministri, dhe ata nuk mund t\u00eb prekin shefin e tyre. Pra, edhe nj\u00eb her\u00eb, ky \u00ebsht\u00eb nj\u00eb teat\u00ebr i madh i Ram\u00ebs. Ai donte t\u00eb tundte flamurin e Reform\u00ebs n\u00eb Drejt\u00ebsi, dhe pa Erionin brenda, ky flamur do t\u00eb binte.<\/em><\/p>\n<p><em>Fatkeq\u00ebsisht, Partia Socialiste ka ndaluar s\u00eb shkruari programe. Praktikisht, ajo q\u00eb po them \u00ebsht\u00eb se \u00e7\u00ebshtja e Erionit \u00ebsht\u00eb nj\u00eb teat\u00ebr i Ram\u00ebs p\u00ebr t\u00eb futur m\u00eb shum\u00eb frik\u00eb brenda partis\u00eb. Sepse partia duhet t\u00eb q\u00ebndroj\u00eb n\u00ebn frik\u00eb dhe trysni, nd\u00ebrsa ai tund flamurin e Reform\u00ebs n\u00eb Drejt\u00ebsi p\u00ebr burokrat\u00ebt evropian\u00eb. \u00cbsht\u00eb e gjitha nj\u00eb teat\u00ebr, edhe rasti i Erionit, i orkestruar strategjikisht me shum\u00eb kujdes nga Rama.\u201d<\/em> \u2013 shprehet ish-zv\/kryeministri, Arben Ahmetaj.<\/p>\n","protected":false},"excerpt":{"rendered":"<p>&#8220;Nj\u00eb teat\u00ebr i orkestruar nga Edi Rama\u201d, &#8211; k\u00ebshtu e ka konsideruar ish-zv\/kryeministri, Arben Ahmetaj, arrestimin e Erion Veliajt nga SPAK, n\u00eb nj\u00eb intervist\u00eb t\u00eb dh\u00ebn\u00eb p\u00ebr gazetarin Vincent W. J. van Gerven Oei. Ahmetaj thot\u00eb se Veliaj nuk po hetohet p\u00ebr \u00e7\u00ebshtjet p\u00ebr t\u00eb cila duhet t\u00eb hetohej, si\u00e7 jan\u00eb inceneratori dhe dosja \u201c5D\u201d, [&hellip;]<\/p>\n","protected":false},"author":5,"featured_media":66662,"comment_status":"closed","ping_status":"closed","sticky":false,"template":"","format":"standard","meta":{"footnotes":""},"categories":[34865,6326,6332,29228],"tags":[35492,35491],"class_list":{"0":"post-85712","1":"post","2":"type-post","3":"status-publish","4":"format-standard","5":"has-post-thumbnail","7":"category-analiza","8":"category-politike","9":"category-te-fundit","10":"category-vendi","11":"tag-fut-me-shume-frike-brenda-partise","12":"tag-ish-zv-kryeministri-ahmetaj-prangosja-e-veliajt-orkestruar-nga-rama"},"_links":{"self":[{"href":"https:\/\/jugulajm.net\/index.php?rest_route=\/wp\/v2\/posts\/85712","targetHints":{"allow":["GET"]}}],"collection":[{"href":"https:\/\/jugulajm.net\/index.php?rest_route=\/wp\/v2\/posts"}],"about":[{"href":"https:\/\/jugulajm.net\/index.php?rest_route=\/wp\/v2\/types\/post"}],"author":[{"embeddable":true,"href":"https:\/\/jugulajm.net\/index.php?rest_route=\/wp\/v2\/users\/5"}],"replies":[{"embeddable":true,"href":"https:\/\/jugulajm.net\/index.php?rest_route=%2Fwp%2Fv2%2Fcomments&post=85712"}],"version-history":[{"count":1,"href":"https:\/\/jugulajm.net\/index.php?rest_route=\/wp\/v2\/posts\/85712\/revisions"}],"predecessor-version":[{"id":85713,"href":"https:\/\/jugulajm.net\/index.php?rest_route=\/wp\/v2\/posts\/85712\/revisions\/85713"}],"wp:featuredmedia":[{"embeddable":true,"href":"https:\/\/jugulajm.net\/index.php?rest_route=\/wp\/v2\/media\/66662"}],"wp:attachment":[{"href":"https:\/\/jugulajm.net\/index.php?rest_route=%2Fwp%2Fv2%2Fmedia&parent=85712"}],"wp:term":[{"taxonomy":"category","embeddable":true,"href":"https:\/\/jugulajm.net\/index.php?rest_route=%2Fwp%2Fv2%2Fcategories&post=85712"},{"taxonomy":"post_tag","embeddable":true,"href":"https:\/\/jugulajm.net\/index.php?rest_route=%2Fwp%2Fv2%2Ftags&post=85712"}],"curies":[{"name":"wp","href":"https:\/\/api.w.org\/{rel}","templated":true}]}}