{"id":85701,"date":"2025-03-24T13:51:31","date_gmt":"2025-03-24T12:51:31","guid":{"rendered":"https:\/\/jugulajm.net\/?p=85701"},"modified":"2025-03-24T13:51:31","modified_gmt":"2025-03-24T12:51:31","slug":"zgjedhjet-e-11-majit-ja-16-emrat-e-kandidateve-per-deputete-qe-kqz-dergoi-per-verifikim-ne-prokurori","status":"publish","type":"post","link":"https:\/\/jugulajm.net\/?p=85701","title":{"rendered":"Zgjedhjet e 11 majit\/ Ja 16 EMRAT e kandidat\u00ebve p\u00ebr deputet\u00eb, q\u00eb KQZ d\u00ebrgoi p\u00ebr verifikim n\u00eb Prokurori"},"content":{"rendered":"<p>Komisioni Qendror i Zgjedhjeve ka d\u00ebrguar p\u00ebr verifikim n\u00eb Prokurorin\u00eb e P\u00ebrgjithshme 16 kandidat\u00eb p\u00ebr deputet\u00eb.<\/p>\n<div class=\"insertion-box\">\n<div class=\"inset\">\n<div class=\"reklame\">Kandidat\u00ebt e d\u00ebrguar p\u00ebr verifikim jan\u00eb nga parti politike t\u00eb ndryshme. Kjo procedur\u00eb ndiqet, n\u00eb kuad\u00ebr t\u00eb ligjit t\u00eb dekriminalizimit.<\/div>\n<div>\n<p>Njoftim p\u00ebr zhvillimin e seanc\u00ebs publike nga Komisioneri Shtet\u00ebror i Zgjedhjeve n\u00eb dat\u00ebn 24.03.2025.<\/p>\n<div class=\"insertion-box\">\n<div class=\"inset\">\n<div class=\"reklame\">N\u00eb mb\u00ebshtetje t\u00eb paragrafit 2 nenit 19, dhe shkonj\u00ebs \u201cn\u201d, paragrafi 1, t\u00eb nenit 19, t\u00eb ligjit nr. 10019, dat\u00eb 29.12.2008 \u201cKodi Zgjedhor i Republik\u00ebs s\u00eb Shqip\u00ebris\u00eb\u201d t\u00eb ndryshuar, p\u00ebr shqyrtimin dhe miratimin e akteve n\u00eb kompetenc\u00eb t\u00eb tij, Komisioneri Shtet\u00ebror i Zgjedhjeve vendosi t\u00eb zhvilloj\u00eb seanc\u00eb publike:<\/div>\n<\/div>\n<\/div>\n<p>Data e seanc\u00ebs: 21.03.2025, ora 12:00<\/p>\n<p>Rendi i dit\u00ebs:<\/p>\n<div class=\"insertion-box\">\n<div class=\"inset\">\n<div class=\"reklame\">\u201cP\u00ebr verifikimin e t\u00eb dh\u00ebnave n\u00eb formularin e vet\u00ebdeklarimit t\u00eb subjektit vet\u00ebdeklarues z. Gramos Fejzi Ismailaj, kandidat p\u00ebr deputet i propozuar nga subjekti zgjedhor, Partia \u201cAleanca Demokracia e Re\u201d, Qarku Vlor\u00eb, p\u00ebr zgjedhjet p\u00ebr Kuvend t\u00eb dat\u00ebs 11 maj 2025\u201d.<\/div>\n<\/div>\n<\/div>\n<p>\u201cP\u00ebr verifikimin e t\u00eb dh\u00ebnave n\u00eb formularin e vet\u00ebdeklarimit t\u00eb subjektit vet\u00ebdeklarues z. Ndri\u00e7im Asqeri Kamberaj, kandidat p\u00ebr deputet i propozuar nga subjekti zgjedhor Partia \u201cAleanca Komb\u00ebtare Shqip\u00ebtare\u201d, Qarku Vlor\u00eb, p\u00ebr zgjedhjet p\u00ebr Kuvend t\u00eb dat\u00ebs 11 maj 2025\u201d.<\/p>\n<p>\u201cP\u00ebr verifikimin e t\u00eb dh\u00ebnave n\u00eb formularin e vet\u00ebdeklarimit t\u00eb subjektit vet\u00ebdeklarues z. Arjel Selami Rragami, kandidat p\u00ebr deputet i propozuar nga subjekti zgjedhor Koalicioni \u201cDjathtas P\u00ebr Zhvillim\u201d, Qarku Shkod\u00ebr, p\u00ebr zgjedhjet p\u00ebr Kuvend t\u00eb dat\u00ebs 11 maj 2025\u201d.<\/p>\n<p>\u201cP\u00ebr verifikimin e t\u00eb dh\u00ebnave n\u00eb formularin e vet\u00ebdeklarimit t\u00eb subjektit vet\u00ebdeklarues z. Desard Xhevdet Muzhaqi, kandidat p\u00ebr deputet i propozuar nga subjekti zgjedhor Partia \u201cKoalicioni Euroatlantik\u201d, Qarku Elbasan, p\u00ebr zgjedhjet p\u00ebr Kuvend t\u00eb dat\u00ebs 11 maj 2025\u201d.<\/p>\n<p>\u201cP\u00ebr verifikimin e t\u00eb dh\u00ebnave n\u00eb formularin e vet\u00ebdeklarimit t\u00eb subjektit vet\u00ebdeklarues z. Dritan Vesel Tafhasaj, kandidat p\u00ebr deputet i propozuar nga subjekti zgjedhor Partia L\u00ebvizja Bashk\u00eb, Qarku Kuk\u00ebs, p\u00ebr zgjedhjet p\u00ebr Kuvend t\u00eb dat\u00ebs 11 maj 2025\u201d.<\/p>\n<p>\u201cP\u00ebr verifikimin e t\u00eb dh\u00ebnave n\u00eb formularin e vet\u00ebdeklarimit t\u00eb subjektit vet\u00ebdeklarues zj. Adela Ferhat Qemali, kandidat p\u00ebr deputet i propozuar nga subjekti zgjedhor Partia \u201cMund\u00ebsia\u201d, Qarku Tiran\u00eb, p\u00ebr zgjedhjet p\u00ebr Kuvend t\u00eb dat\u00ebs 11 maj 2025\u201d.<\/p>\n<p>\u201cP\u00ebr verifikimin e t\u00eb dh\u00ebnave n\u00eb formularin e vet\u00ebdeklarimit t\u00eb subjektit vet\u00ebdeklarues z. Altin Avni Muceku, kandidat p\u00ebr deputet i propozuar nga subjekti zgjedhor Partia \u201cMund\u00ebsia\u201d, Qarku Tiran\u00eb, p\u00ebr zgjedhjet p\u00ebr Kuvend t\u00eb dat\u00ebs 11 maj 2025\u201d.<\/p>\n<p>\u201cP\u00ebr verifikimin e t\u00eb dh\u00ebnave n\u00eb formularin e vet\u00ebdeklarimit t\u00eb subjektit vet\u00ebdeklarues z. Entela Sk\u00ebnder Sula, kandidat p\u00ebr deputet i propozuar nga subjekti zgjedhor Koalicioni \u201cNisma Shqip\u00ebria B\u00ebhet-Adriatik Lapaj\u201d, Qarku Tiran\u00eb\u201d, p\u00ebr zgjedhjet p\u00ebr Kuvend t\u00eb dat\u00ebs 11 maj 2025\u201d.<\/p>\n<p>\u201cP\u00ebr verifikimin e t\u00eb dh\u00ebnave n\u00eb formularin e vet\u00ebdeklarimit t\u00eb subjektit vet\u00ebdeklarues z. Erjon Ismail Selmani, kandidat p\u00ebr deputet i propozuar nga subjekti zgjedhor Koalicioni Nisma Shqip\u00ebria B\u00ebhet \u2013 Adriatik Lapaj\u201d, Qarku Lezh\u00eb, p\u00ebr zgjedhjet p\u00ebr Kuvend t\u00eb dat\u00ebs 11 maj 2025\u201d.<\/p>\n<p>\u201cP\u00ebr verifikimin e t\u00eb dh\u00ebnave n\u00eb formularin e vet\u00ebdeklarimit t\u00eb subjektit vet\u00ebdeklarues z. Euglen Mario Gjini, kandidat p\u00ebr deputet i propozuar nga subjekti zgjedhor Koalicioni \u201cNisma Shqip\u00ebria B\u00ebhet \u2013 Adriatik Lapaj\u201d, Qarku Fier, p\u00ebr zgjedhjet p\u00ebr Kuvend t\u00eb dat\u00ebs 11 maj 2025\u201d.<\/p>\n<p>\u201cP\u00ebr verifikimin e t\u00eb dh\u00ebnave n\u00eb formularin e vet\u00ebdeklarimit t\u00eb subjektit vet\u00ebdeklarues z. Gazmir Dod Memaj, kandidat p\u00ebr deputet i propozuar nga subjekti zgjedhor Koalicioni \u201cNisma- Shqip\u00ebria B\u00ebhet \u2013 Adriatik Lapaj\u201d, Qarku Shkod\u00ebr, p\u00ebr zgjedhjet p\u00ebr Kuvend t\u00eb dat\u00ebs 11 maj 2025\u201d.<\/p>\n<p>\u201cP\u00ebr verifikimin e t\u00eb dh\u00ebnave n\u00eb formularin e vet\u00ebdeklarimit t\u00eb subjektit vet\u00ebdeklarues z. Florjan Afrim Tom\u00e7ini, kandidat p\u00ebr deputet i propozuar nga subjekti zgjedhor \u201cPartia Socialdemokrate\u201d, Qarku Dib\u00ebr, p\u00ebr zgjedhjet p\u00ebr Kuvend t\u00eb dat\u00ebs 11 maj 2025\u201d.<\/p>\n<p>\u201cP\u00ebr verifikimin e t\u00eb dh\u00ebnave n\u00eb formularin e vet\u00ebdeklarimit t\u00eb subjektit vet\u00ebdeklarues z. Klaudio Klement Zotaj, kandidat p\u00ebr deputet i propozuar nga subjekti zgjedhor \u201cPartia Socialdemokrate\u201d, Qarku Vlor\u00eb, p\u00ebr zgjedhjet p\u00ebr Kuvend t\u00eb dat\u00ebs 11 maj 2025\u201d.<\/p>\n<p>\u201cP\u00ebr verifikimin e t\u00eb dh\u00ebnave n\u00eb formularin e vet\u00ebdeklarimit t\u00eb subjektit vet\u00ebdeklarues z. Kreshnik Gjon Gjonaj, kandidat p\u00ebr deputet i propozuar nga subjekti zgjedhor \u201cPartia Socialdemokrate\u201d, Qarku Lezh\u00eb, p\u00ebr zgjedhjet p\u00ebr Kuvend t\u00eb dat\u00ebs 11 maj 2025\u201d.<\/p>\n<p>\u201cP\u00ebr verifikimin e t\u00eb dh\u00ebnave n\u00eb formularin e vet\u00ebdeklarimit t\u00eb subjektit vet\u00ebdeklarues z. Lisman Sami Pellumaj, kandidat p\u00ebr deputet i propozuar nga subjekti zgjedhor Partia \u201cSocialdemokrate\u201d, Qarku Shkod\u00ebr, p\u00ebr zgjedhjet p\u00ebr Kuvend t\u00eb dat\u00ebs 11 maj 2025\u201d.<\/p>\n<p>\u201cP\u00ebr verifikimin e t\u00eb dh\u00ebnave n\u00eb formularin e vet\u00ebdeklarimit t\u00eb subjektit vet\u00ebdeklarues z. Geront Mexhit Stefo, kandidat p\u00ebr deputet i propozuar nga subjekti zgjedhor, Partia \u201cAleanca Demokracia e Re\u201d, Qarku Kor\u00e7\u00eb, p\u00ebr zgjedhjet p\u00ebr Kuvend t\u00eb dat\u00ebs 11 maj 2025\u201d.<\/p>\n<\/div>\n<\/div>\n<\/div>\n","protected":false},"excerpt":{"rendered":"<p>Komisioni Qendror i Zgjedhjeve ka d\u00ebrguar p\u00ebr verifikim n\u00eb Prokurorin\u00eb e P\u00ebrgjithshme 16 kandidat\u00eb p\u00ebr deputet\u00eb. Kandidat\u00ebt e d\u00ebrguar p\u00ebr verifikim jan\u00eb nga parti politike t\u00eb ndryshme. Kjo procedur\u00eb ndiqet, n\u00eb kuad\u00ebr t\u00eb ligjit t\u00eb dekriminalizimit. Njoftim p\u00ebr zhvillimin e seanc\u00ebs publike nga Komisioneri Shtet\u00ebror i Zgjedhjeve n\u00eb dat\u00ebn 24.03.2025. N\u00eb mb\u00ebshtetje t\u00eb paragrafit 2 [&hellip;]<\/p>\n","protected":false},"author":5,"featured_media":59118,"comment_status":"closed","ping_status":"closed","sticky":false,"template":"","format":"standard","meta":{"footnotes":""},"categories":[1,6326,6332,29228],"tags":[35487,35486],"class_list":{"0":"post-85701","1":"post","2":"type-post","3":"status-publish","4":"format-standard","5":"has-post-thumbnail","7":"category-aktualitet","8":"category-politike","9":"category-te-fundit","10":"category-vendi","11":"tag-qe-kqz-dergoi-per-verifikim-ne-prokurori","12":"tag-zgjedhjet-e-11-majit-ja-16-emrat-e-kandidateve-per-deputete"},"_links":{"self":[{"href":"https:\/\/jugulajm.net\/index.php?rest_route=\/wp\/v2\/posts\/85701","targetHints":{"allow":["GET"]}}],"collection":[{"href":"https:\/\/jugulajm.net\/index.php?rest_route=\/wp\/v2\/posts"}],"about":[{"href":"https:\/\/jugulajm.net\/index.php?rest_route=\/wp\/v2\/types\/post"}],"author":[{"embeddable":true,"href":"https:\/\/jugulajm.net\/index.php?rest_route=\/wp\/v2\/users\/5"}],"replies":[{"embeddable":true,"href":"https:\/\/jugulajm.net\/index.php?rest_route=%2Fwp%2Fv2%2Fcomments&post=85701"}],"version-history":[{"count":1,"href":"https:\/\/jugulajm.net\/index.php?rest_route=\/wp\/v2\/posts\/85701\/revisions"}],"predecessor-version":[{"id":85702,"href":"https:\/\/jugulajm.net\/index.php?rest_route=\/wp\/v2\/posts\/85701\/revisions\/85702"}],"wp:featuredmedia":[{"embeddable":true,"href":"https:\/\/jugulajm.net\/index.php?rest_route=\/wp\/v2\/media\/59118"}],"wp:attachment":[{"href":"https:\/\/jugulajm.net\/index.php?rest_route=%2Fwp%2Fv2%2Fmedia&parent=85701"}],"wp:term":[{"taxonomy":"category","embeddable":true,"href":"https:\/\/jugulajm.net\/index.php?rest_route=%2Fwp%2Fv2%2Fcategories&post=85701"},{"taxonomy":"post_tag","embeddable":true,"href":"https:\/\/jugulajm.net\/index.php?rest_route=%2Fwp%2Fv2%2Ftags&post=85701"}],"curies":[{"name":"wp","href":"https:\/\/api.w.org\/{rel}","templated":true}]}}