{"id":85669,"date":"2025-03-23T12:41:01","date_gmt":"2025-03-23T11:41:01","guid":{"rendered":"https:\/\/jugulajm.net\/?p=85669"},"modified":"2025-03-23T12:41:01","modified_gmt":"2025-03-23T11:41:01","slug":"moti-i-keq-paralajmerim-i-igjeo-parashikohen-shtrengata-ne-3-qarqe-te-vendi-ja-ne-cilat","status":"publish","type":"post","link":"https:\/\/jugulajm.net\/?p=85669","title":{"rendered":"Moti i keq\/ Paralajm\u00ebrim i IGJEO: Parashikohen shtr\u00ebngata n\u00eb 3 qarqe t\u00eb vendi, ja n\u00eb cilat&#8230;"},"content":{"rendered":"<p>Vendi yn\u00eb do t\u00eb ndikohet k\u00ebt\u00eb t\u00eb diel nga kushte t\u00eb paq\u00ebndrueshme atmosferike. Instituti i Gjeoshkancave njofton se sot pasdite (e diel, dt. 23) dhe nes\u00ebr (e h\u00ebn\u00eb, dt. 24) priten reshje mesatare deri lokalisht intensive n\u00eb qarqet Shkod\u00ebr dhe Kuk\u00ebs.<\/p>\n<div class=\"jeg_ad jeg_ad_article jnews_content_inline_ads  \">\n<div class=\"ads-wrapper align-center \">\n<div class=\"ads_code\">Reshjet ne nivel mesatar do t\u00eb ket\u00eb n\u00eb qarqet Dib\u00ebr, Lezh\u00eb, dhe Elbasan t\u00eb shoq\u00ebruara me shtr\u00ebngata, nd\u00ebrsa n\u00eb qarqet e tjer\u00eb priten reshje t\u00eb dob\u00ebta deri lokalisht mesatare (si\u00e7 tregohet n\u00eb tabel\u00eb, respektivisht p\u00ebr secilin qark).<\/div>\n<\/div>\n<\/div>\n<div class=\"jeg_ad jeg_ad_article jnews_content_inline_2_ads  \">\n<div class=\"ads-wrapper align-center \">\n<div class=\"ads_code\"><\/div>\n<\/div>\n<\/div>\n<div class=\"x11i5rnm xat24cr x1mh8g0r x1vvkbs xtlvy1s x126k92a\">\n<div dir=\"auto\">T\u00eb diel\u00ebn temperaturat minimale dhe maksimale t\u00eb ajrit pritet t\u00eb arrijn\u00eb:\u00a0n\u00eb bregdet: 14 \/ 19 \u00b0C,\u00a0n\u00eb vendet e ul\u00ebta: 16 \/ 20 \u00b0C dhe n\u00eb vendet malore: 9 \/ 13 \u00b0C. Sot pasdite era pritet t\u00eb fryj\u00eb e leht\u00eb deri mesatare, nd\u00ebrsa n\u00eb bregdet deri e fort\u00eb.<\/div>\n<div dir=\"auto\"><img loading=\"lazy\" loading=\"lazy\" decoding=\"async\" class=\"\" src=\"https:\/\/scontent.ftia5-1.fna.fbcdn.net\/v\/t39.30808-6\/486165041_962014679418293_2387144746190284432_n.jpg?_nc_cat=104&amp;ccb=1-7&amp;_nc_sid=127cfc&amp;_nc_ohc=Uegvvv6vXgoQ7kNvgHQNl6q&amp;_nc_oc=Adl35SdvPgdKV6jWR0crx9pminPRMq4ktmMlVs5YZrIWslb1bcAwlPMLzn5PcCTLsVk&amp;_nc_zt=23&amp;_nc_ht=scontent.ftia5-1.fna&amp;_nc_gid=VQcvSAyEDSqBQ81ZgkrcxQ&amp;oh=00_AYHpIXiRqdtP_bCeDh3OWfZvmu2j_HSEK3QtxzkBd3P34A&amp;oe=67E5C782\" alt=\"May be a graphic of map and text\" width=\"491\" height=\"695\" data-pin-no-hover=\"true\" \/><\/div>\n<\/div>\n<p>Pas pezullimit t\u00eb lundrimeve n\u00eb Vlor\u00eb p\u00ebr shkak t\u00eb motit t\u00eb keq, masat e ngjashme jan\u00eb nd\u00ebrmarr\u00eb edhe p\u00ebr portin e Durr\u00ebsit. Tragetet e linj\u00ebs Durr\u00ebs-Bari-Durr\u00ebs do t\u00eb operojn\u00eb sot, por nes\u00ebr, m\u00eb 23 mars, do t\u00eb ket\u00eb nj\u00eb pezullim t\u00eb lundrimit p\u00ebr shkak t\u00eb kushteve atmosferike t\u00eb p\u00ebrkeq\u00ebsuara dhe dallg\u00ebve t\u00eb larta t\u00eb detit.<\/p>\n<p>Sipas njoftimit t\u00eb Drejtoris\u00eb s\u00eb P\u00ebrgjithshme Detare, pas analizimit t\u00eb parashikimeve hidrometeorologjike, \u00ebsht\u00eb vendosur q\u00eb t\u00eb gjitha lundrimet t\u00eb pezullohen p\u00ebr mjetet e vogla dhe anijet e peshkimit, t\u00eb cilat mund t\u00eb lundrojn\u00eb vet\u00ebm pas dat\u00ebs 25 mars 2025, kur pritet p\u00ebrmir\u00ebsimi i kushteve.<\/p>\n<p>Njoftimi i Drejtoris\u00eb s\u00eb P\u00ebrgjithshme Detare specifikon se pezullimi do t\u00eb hyj\u00eb n\u00eb fuqi nes\u00ebr nga ora 06:00 e m\u00ebngjesit dhe p\u00ebrfshin t\u00eb gjith\u00eb sektorin e detaris\u00eb, duke p\u00ebrfshir\u00eb mjetet e vogla dhe anijet e peshkimit. Po ashtu, p\u00ebr tragetet n\u00eb linj\u00ebn Durr\u00ebs-Bari-Durr\u00ebs, do t\u00eb rikthehen operimet vet\u00ebm m\u00eb 25 mars, nd\u00ebrkoh\u00eb q\u00eb tragetet e linj\u00ebs Ankona-Durr\u00ebs-Ankona dhe Sarand\u00eb-Korfuz-Sarand\u00eb do t\u00eb vazhdojn\u00eb t\u00eb operojn\u00eb pa nd\u00ebrprerje.<\/p>\n<p>N\u00eb njoftim, gjithashtu theksohet se anijet e transportit nd\u00ebrkomb\u00ebtar detar n\u00eb linj\u00ebn Vlor\u00eb-Brindisi-Vlor\u00eb do t\u00eb anulojn\u00eb lundrimet deri pas or\u00ebs 22:00 t\u00eb dat\u00ebs 24 mars 2025, kur moti pritet t\u00eb p\u00ebrmir\u00ebsohet.<\/p>\n","protected":false},"excerpt":{"rendered":"<p>Vendi yn\u00eb do t\u00eb ndikohet k\u00ebt\u00eb t\u00eb diel nga kushte t\u00eb paq\u00ebndrueshme atmosferike. Instituti i Gjeoshkancave njofton se sot pasdite (e diel, dt. 23) dhe nes\u00ebr (e h\u00ebn\u00eb, dt. 24) priten reshje mesatare deri lokalisht intensive n\u00eb qarqet Shkod\u00ebr dhe Kuk\u00ebs. Reshjet ne nivel mesatar do t\u00eb ket\u00eb n\u00eb qarqet Dib\u00ebr, Lezh\u00eb, dhe Elbasan t\u00eb [&hellip;]<\/p>\n","protected":false},"author":5,"featured_media":46557,"comment_status":"closed","ping_status":"closed","sticky":false,"template":"","format":"standard","meta":{"footnotes":""},"categories":[7650,6332,29228],"tags":[20642,35472],"class_list":{"0":"post-85669","1":"post","2":"type-post","3":"status-publish","4":"format-standard","5":"has-post-thumbnail","7":"category-moti","8":"category-te-fundit","9":"category-vendi","10":"tag-ja-ne-cilat","11":"tag-moti-i-keq-paralajmerim-i-igjeo-parashikohen-shtrengata-ne-3-qarqe-te-vendi"},"_links":{"self":[{"href":"https:\/\/jugulajm.net\/index.php?rest_route=\/wp\/v2\/posts\/85669","targetHints":{"allow":["GET"]}}],"collection":[{"href":"https:\/\/jugulajm.net\/index.php?rest_route=\/wp\/v2\/posts"}],"about":[{"href":"https:\/\/jugulajm.net\/index.php?rest_route=\/wp\/v2\/types\/post"}],"author":[{"embeddable":true,"href":"https:\/\/jugulajm.net\/index.php?rest_route=\/wp\/v2\/users\/5"}],"replies":[{"embeddable":true,"href":"https:\/\/jugulajm.net\/index.php?rest_route=%2Fwp%2Fv2%2Fcomments&post=85669"}],"version-history":[{"count":1,"href":"https:\/\/jugulajm.net\/index.php?rest_route=\/wp\/v2\/posts\/85669\/revisions"}],"predecessor-version":[{"id":85670,"href":"https:\/\/jugulajm.net\/index.php?rest_route=\/wp\/v2\/posts\/85669\/revisions\/85670"}],"wp:featuredmedia":[{"embeddable":true,"href":"https:\/\/jugulajm.net\/index.php?rest_route=\/wp\/v2\/media\/46557"}],"wp:attachment":[{"href":"https:\/\/jugulajm.net\/index.php?rest_route=%2Fwp%2Fv2%2Fmedia&parent=85669"}],"wp:term":[{"taxonomy":"category","embeddable":true,"href":"https:\/\/jugulajm.net\/index.php?rest_route=%2Fwp%2Fv2%2Fcategories&post=85669"},{"taxonomy":"post_tag","embeddable":true,"href":"https:\/\/jugulajm.net\/index.php?rest_route=%2Fwp%2Fv2%2Ftags&post=85669"}],"curies":[{"name":"wp","href":"https:\/\/api.w.org\/{rel}","templated":true}]}}