{"id":85578,"date":"2025-03-20T15:36:46","date_gmt":"2025-03-20T14:36:46","guid":{"rendered":"https:\/\/jugulajm.net\/?p=85578"},"modified":"2025-03-20T15:37:28","modified_gmt":"2025-03-20T14:37:28","slug":"aksidenti-me-4-viktima-policia-arreston-shoferin-e-betonieres-dhe-2-persona-ne-kerkim-administratori-i-firmes-se-betonit","status":"publish","type":"post","link":"https:\/\/jugulajm.net\/?p=85578","title":{"rendered":"Aksidenti me 4 viktima, Policia arreston shoferin e betonier\u00ebs dhe 2 persona, n\u00eb k\u00ebrkim administratori i firm\u00ebs s\u00eb betonit"},"content":{"rendered":"<p><span style=\"vertical-align: inherit;\"><span style=\"vertical-align: inherit;\">Policia ka arrestuar 24-vje\u00e7arin, drejtuesin e betonier\u00ebve, e cila u b\u00eb shkak p\u00ebr aksidentin tragjik q\u00eb ndodh dit\u00ebn e sotme n\u00eb Fush\u00eb Prez\u00eb, ku humb\u00ebn jet\u00ebn 4 persona.<\/span><\/span><\/p>\n<div class=\"jeg_ad jeg_ad_article jnews_content_inline_ads \">\n<div class=\"ads-wrapper align-center \">\n<div class=\"ads_code\">\n<div id=\"beacon_c8a995b8d7\"><img loading=\"lazy\" loading=\"lazy\" decoding=\"async\" src=\"https:\/\/ads.adsense.al\/www\/delivery\/lg.php?bannerid=0&amp;campaignid=0&amp;zoneid=102&amp;loc=https%3A%2F%2Fopinion.al%2Faksidenti-me-4-viktima-policia-arreston-shoferin-e-betonieres-ne-pranga-edhe-2-persona-ne-kerkim-administratori-i-firmes-se-betonit%2F%3Ffbclid%3DIwY2xjawJJBtNleHRuA2FlbQIxMQABHdkXfjqIyE96zPYTb83leBySXFyMjnMn1cjm6gSpOLvbVgE5YLOLL7DlVA_aem_5kYDhuCHLcz68tf_PDFSjQ&amp;referer=https%3A%2F%2Fl.facebook.com%2F&amp;cb=c8a995b8d7\" alt=\"\" width=\"0\" height=\"0\" \/>24 vje\u00e7ari akuzohet p\u00ebr tre vepra penale: \u201cLargimi nga vendi i aksidentit\u201d, \u201cShkelja e rregullave t\u00eb trafikut rrugor\u201d dhe \u201cDrejtimi i automjeteve n\u00eb m\u00ebnyr\u00eb t\u00eb parregullt\u201d.<\/div>\n<\/div>\n<\/div>\n<\/div>\n<p><span style=\"vertical-align: inherit;\"><span style=\"vertical-align: inherit;\">Po ashtu b\u00ebhet me dije se \u00ebsht\u00eb arrestuar nj\u00eb 25 vje\u00e7ar, i af\u00ebrt i 24-vje\u00e7arit, pasi dyshohet se ka madhuar t\u00eb riun nga vendi i aksidentit.<\/span><\/span><\/p>\n<div class=\"jeg_ad jeg_ad_article jnews_content_inline_2_ads \">\n<div class=\"ads-wrapper align-center \">\n<div class=\"ads_code\">N\u00eb pranga ka r\u00ebn\u00eb gjithashtu nj\u00eb 34 vje\u00e7ar, me detyr\u00eb menaxher i firm\u00ebs p\u00ebr p\u00ebrfundimin e betonit, n\u00eb at\u00eb q\u00eb ishte puna e autorit t\u00eb ngjarjes.<\/div>\n<\/div>\n<\/div>\n<p><em><span style=\"vertical-align: inherit;\"><span style=\"vertical-align: inherit;\">\u201cN\u00eb vijim t\u00eb informacionit paraprak t\u00eb m\u00ebngjesit, p\u00ebr aksidentin q\u00eb ka ndodhur n\u00eb Fush\u00eb Prez\u00eb, b\u00ebjm\u00eb mua n\u00eb vijim t\u00eb hetimeve dhe procedurave, t\u00eb kryera n\u00eb drejtimin e Rrug\u00ebs s\u00eb sotme, specialist\u00ebt e Komariatit t\u00eb Policis\u00eb s\u00eb Tiran\u00ebs arrestuan n\u00eb flagranc\u00eb shtetasit:<\/span><\/span><\/em><\/p>\n<p><em><span style=\"vertical-align: inherit;\"><span style=\"vertical-align: inherit;\">-AK, 24 vje\u00e7, drejtuesi i automjeteve betonier, p\u00ebr veprat penale \u201cShkelja e rregullave t\u00eb saj\u201d, \u201cDrejtimi i automjeteve n\u00eb m\u00ebnyr\u00eb t\u00eb parregullt\u201d dhe \u201cLargimi nga vendi i aksidentit\u201d. M\u00eb dat\u00eb 19.03.2025, rreth or\u00ebs 23:50, n\u00eb segmentin rrugor \u201dVor\u00eb \u2013 Fush\u00eb Kruj\u00eb\u201d, automjeti leje \u201cMercedes Benz\u201d me drejtues shtetasin EL kategori, 25 vje\u00e7 (i sjelljet e duhura p\u00ebr mua leje drejtimi), q\u00eb dyshohet se l\u00ebviz me shtetas t\u00eb till\u00eb t\u00eb lejuar t\u00eb lejuar, ka goditur me pas drejtuesit e saj. kishte ndaluar n\u00eb karrexhat\u00eb, por nuk kishte ndezur bllokazhin. Nga goditja, automjeti tip \u201cMercedes Benz\u201d \u00ebsht\u00eb i p\u00ebrfshir\u00eb nga flak\u00ebt dhe p\u00ebr ata q\u00eb kan\u00eb humbur jet\u00ebn drejtuesit dhe 3 pasagjer\u00ebt. Pas aksidentit, drejtuesi i betonieres \u00ebsht\u00eb i madh nga vendngjarja;<\/span><\/span><\/em><\/p>\n<p><em><span style=\"vertical-align: inherit;\"><span style=\"vertical-align: inherit;\">-VK, 25 vje\u00e7, af\u00ebr 24-vje\u00e7arit, p\u00ebr veprat penale \u201cP\u00ebrkrahja e autorit t\u00eb krimit\u201d dhe \u201cVeprime q\u00eb pengojn\u00eb zbulimin e s\u00eb v\u00ebrtet\u00ebs\u201d, pasi dyshohet se ka larguar nga vendi i aksidentit, 24-vje\u00e7ar;<\/span><\/span><\/em><\/p>\n<p><em><span style=\"vertical-align: inherit;\"><span style=\"vertical-align: inherit;\">-DK, 34 vje\u00e7, me detyr\u00eb menaxher i firm\u00ebs p\u00ebr k\u00ebt\u00eb t\u00eb betonit, n\u00eb t\u00eb cilin ishte i pun\u00ebsuar shtetasit AK, p\u00ebr veprat penale \u201cShkelja e rregullave t\u00eb rregullave t\u00eb saj\u201d, \u201cShkelja e rregullave t\u00eb mbrojtjes n\u00eb pun\u00eb\u201d, \u201cPunimi i paligjsh\u00ebm\u201d dhe \u201cFshehja e t\u00eb ardhurave\u201d.<\/span><\/span><\/em><\/p>\n<p><em><span style=\"vertical-align: inherit;\"><span style=\"vertical-align: inherit;\">Nga verifikimet e kryera ka rezultuar se menaxheri nuk kishte marr\u00eb masa p\u00ebr kompjuterin e betonieres, me dokumentacionin e nevojsh\u00ebm p\u00ebr financimin dhe pun\u00ebn e drejtuesve t\u00eb betonier\u00ebve, patur leje drejtimi p\u00ebr k\u00ebto kategori mjetesh.<\/span><\/span><\/em><\/p>\n<p><em><span style=\"vertical-align: inherit;\"><span style=\"vertical-align: inherit;\">-Gjithashtu, \u00ebsht\u00eb shpallur n\u00eb k\u00ebrkim administratori i k\u00ebsaj firme, shtetasi SH, 27 vje\u00e7. Punohet p\u00ebr kapjen e tij\u201d,<\/span><\/span><\/em><span style=\"vertical-align: inherit;\"><span style=\"vertical-align: inherit;\"> \u00a0njofton politika.<\/span><\/span><\/p>\n<p><span style=\"vertical-align: inherit;\"><span style=\"vertical-align: inherit;\">Materialet procedurale iu referuan Zyr\u00ebs s\u00eb Tiran\u00ebs, p\u00ebr shkak t\u00eb m\u00ebtejshme.<\/span><\/span><\/p>\n","protected":false},"excerpt":{"rendered":"<p>Policia ka arrestuar 24-vje\u00e7arin, drejtuesin e betonier\u00ebve, e cila u b\u00eb shkak p\u00ebr aksidentin tragjik q\u00eb ndodh dit\u00ebn e sotme n\u00eb Fush\u00eb Prez\u00eb, ku humb\u00ebn jet\u00ebn 4 persona. 24 vje\u00e7ari akuzohet p\u00ebr tre vepra penale: \u201cLargimi nga vendi i aksidentit\u201d, \u201cShkelja e rregullave t\u00eb trafikut rrugor\u201d dhe \u201cDrejtimi i automjeteve n\u00eb m\u00ebnyr\u00eb t\u00eb parregullt\u201d. Po [&hellip;]<\/p>\n","protected":false},"author":5,"featured_media":85550,"comment_status":"closed","ping_status":"closed","sticky":false,"template":"","format":"standard","meta":{"footnotes":""},"categories":[1,6332,29228],"tags":[35431,35433,35432],"class_list":{"0":"post-85578","1":"post","2":"type-post","3":"status-publish","4":"format-standard","5":"has-post-thumbnail","7":"category-aktualitet","8":"category-te-fundit","9":"category-vendi","10":"tag-aksidenti-me-4-viktima","11":"tag-ne-kerkim-administratori-i-firmes-se-betonit","12":"tag-policia-arreston-shoferin-e-betonieres-dhe-2-persona"},"_links":{"self":[{"href":"https:\/\/jugulajm.net\/index.php?rest_route=\/wp\/v2\/posts\/85578","targetHints":{"allow":["GET"]}}],"collection":[{"href":"https:\/\/jugulajm.net\/index.php?rest_route=\/wp\/v2\/posts"}],"about":[{"href":"https:\/\/jugulajm.net\/index.php?rest_route=\/wp\/v2\/types\/post"}],"author":[{"embeddable":true,"href":"https:\/\/jugulajm.net\/index.php?rest_route=\/wp\/v2\/users\/5"}],"replies":[{"embeddable":true,"href":"https:\/\/jugulajm.net\/index.php?rest_route=%2Fwp%2Fv2%2Fcomments&post=85578"}],"version-history":[{"count":2,"href":"https:\/\/jugulajm.net\/index.php?rest_route=\/wp\/v2\/posts\/85578\/revisions"}],"predecessor-version":[{"id":85580,"href":"https:\/\/jugulajm.net\/index.php?rest_route=\/wp\/v2\/posts\/85578\/revisions\/85580"}],"wp:featuredmedia":[{"embeddable":true,"href":"https:\/\/jugulajm.net\/index.php?rest_route=\/wp\/v2\/media\/85550"}],"wp:attachment":[{"href":"https:\/\/jugulajm.net\/index.php?rest_route=%2Fwp%2Fv2%2Fmedia&parent=85578"}],"wp:term":[{"taxonomy":"category","embeddable":true,"href":"https:\/\/jugulajm.net\/index.php?rest_route=%2Fwp%2Fv2%2Fcategories&post=85578"},{"taxonomy":"post_tag","embeddable":true,"href":"https:\/\/jugulajm.net\/index.php?rest_route=%2Fwp%2Fv2%2Ftags&post=85578"}],"curies":[{"name":"wp","href":"https:\/\/api.w.org\/{rel}","templated":true}]}}