{"id":85482,"date":"2025-03-17T17:03:53","date_gmt":"2025-03-17T16:03:53","guid":{"rendered":"https:\/\/jugulajm.net\/?p=85482"},"modified":"2025-03-17T17:03:53","modified_gmt":"2025-03-17T16:03:53","slug":"foto-renia-e-gureve-nga-faqja-e-malit-bllokon-rrugen","status":"publish","type":"post","link":"https:\/\/jugulajm.net\/?p=85482","title":{"rendered":"FOTO\/ R\u00ebnia e gur\u00ebve nga faqja e malit bllokon rrug\u00ebn"},"content":{"rendered":"<p>Nj\u00eb masiv dheu dhe gur\u00ebsh ra nga faqja e malit n\u00eb rrug\u00eb, duke bllokuar aksin rrugor Ku\u00e7- Qeparo.<\/p>\n<p>P\u00ebr disa minuta, ky aks rrugor ishte i pakaluesh\u00ebm pasi sasia e dherave ishte e madhe, duke e bllokuar totalisht k\u00ebt\u00eb rrug\u00eb dhe pik\u00ebrisht n\u00eb af\u00ebrsi t\u00eb fshatit Kudh\u00ebs.<\/p>\n<p>N\u00eb vendin e ngjarjes shkuan forcat e zjarrfik\u00ebsve t\u00eb Himar\u00ebs, por dhe punonj\u00ebsit e bashkis\u00eb p\u00ebr largimin e gur\u00ebve dhe hapjen e rrug\u00ebs.<\/p>\n<p>Deri m\u00eb tani, \u00ebsht\u00eb hapur nj\u00eb an\u00eb e rrug\u00ebs, nd\u00ebrkoh\u00eb q\u00eb vijon puna p\u00ebr pastrimin e plot\u00eb t\u00eb aksit.<\/p>\n","protected":false},"excerpt":{"rendered":"<p>Nj\u00eb masiv dheu dhe gur\u00ebsh ra nga faqja e malit n\u00eb rrug\u00eb, duke bllokuar aksin rrugor Ku\u00e7- Qeparo. P\u00ebr disa minuta, ky aks rrugor ishte i pakaluesh\u00ebm pasi sasia e dherave ishte e madhe, duke e bllokuar totalisht k\u00ebt\u00eb rrug\u00eb dhe pik\u00ebrisht n\u00eb af\u00ebrsi t\u00eb fshatit Kudh\u00ebs. N\u00eb vendin e ngjarjes shkuan forcat e zjarrfik\u00ebsve [&hellip;]<\/p>\n","protected":false},"author":5,"featured_media":85483,"comment_status":"closed","ping_status":"closed","sticky":false,"template":"","format":"standard","meta":{"footnotes":""},"categories":[1,6332,29228],"tags":[35384],"class_list":{"0":"post-85482","1":"post","2":"type-post","3":"status-publish","4":"format-standard","5":"has-post-thumbnail","7":"category-aktualitet","8":"category-te-fundit","9":"category-vendi","10":"tag-foto-renia-e-gureve-nga-faqja-e-malit-bllokon-rrugen"},"_links":{"self":[{"href":"https:\/\/jugulajm.net\/index.php?rest_route=\/wp\/v2\/posts\/85482","targetHints":{"allow":["GET"]}}],"collection":[{"href":"https:\/\/jugulajm.net\/index.php?rest_route=\/wp\/v2\/posts"}],"about":[{"href":"https:\/\/jugulajm.net\/index.php?rest_route=\/wp\/v2\/types\/post"}],"author":[{"embeddable":true,"href":"https:\/\/jugulajm.net\/index.php?rest_route=\/wp\/v2\/users\/5"}],"replies":[{"embeddable":true,"href":"https:\/\/jugulajm.net\/index.php?rest_route=%2Fwp%2Fv2%2Fcomments&post=85482"}],"version-history":[{"count":1,"href":"https:\/\/jugulajm.net\/index.php?rest_route=\/wp\/v2\/posts\/85482\/revisions"}],"predecessor-version":[{"id":85484,"href":"https:\/\/jugulajm.net\/index.php?rest_route=\/wp\/v2\/posts\/85482\/revisions\/85484"}],"wp:featuredmedia":[{"embeddable":true,"href":"https:\/\/jugulajm.net\/index.php?rest_route=\/wp\/v2\/media\/85483"}],"wp:attachment":[{"href":"https:\/\/jugulajm.net\/index.php?rest_route=%2Fwp%2Fv2%2Fmedia&parent=85482"}],"wp:term":[{"taxonomy":"category","embeddable":true,"href":"https:\/\/jugulajm.net\/index.php?rest_route=%2Fwp%2Fv2%2Fcategories&post=85482"},{"taxonomy":"post_tag","embeddable":true,"href":"https:\/\/jugulajm.net\/index.php?rest_route=%2Fwp%2Fv2%2Ftags&post=85482"}],"curies":[{"name":"wp","href":"https:\/\/api.w.org\/{rel}","templated":true}]}}