{"id":85467,"date":"2025-03-17T11:29:28","date_gmt":"2025-03-17T10:29:28","guid":{"rendered":"https:\/\/jugulajm.net\/?p=85467"},"modified":"2025-03-17T11:29:28","modified_gmt":"2025-03-17T10:29:28","slug":"prangoset-29-vjecari-perplasi-me-makine-per-vdekje-kembesorin-dhe-u-largua","status":"publish","type":"post","link":"https:\/\/jugulajm.net\/?p=85467","title":{"rendered":"Prangoset 29-vje\u00e7ari, p\u00ebrplasi me makin\u00eb p\u00ebr vdekje k\u00ebmb\u00ebsorin dhe u largua"},"content":{"rendered":"<p>Ka r\u00ebn\u00eb n\u00eb prangat e policis\u00eb 29-vje\u00e7ari q\u00eb p\u00ebrplasi p\u00ebr vdekje me makin\u00eb dit\u00ebn e djeshme k\u00ebmb\u00ebsorin 55-vje\u00e7ar n\u00eb rrug\u00ebn Qaf\u00eb Than\u00eb-Pogradec.<\/p>\n<p>29-vje\u00e7ari pasi e p\u00ebrplasi k\u00ebmb\u00ebsorin me makin\u00eb u largua nga vendngjarja dhe braktisi mjetin e tij te stacioni i trenit n\u00eb Pogradec. Para se t\u00eb arratisje ai i hoqi targat makin\u00ebs.<\/p>\n<p><strong>Njoftimi i policis\u00eb:<\/strong><\/p>\n<p>Si rezultat i kontrolleve intensive, kapet dhe vihet n\u00eb pranga 29-vje\u00e7ari, i cili pasditen e djeshme, me automjetin q\u00eb drejtonte, aksidentoi me pasoj\u00eb vdekjen nj\u00eb 55-vje\u00e7ar dhe u largua nga vendi i aksidentit.<\/p>\n<p>N\u00eb vijim t\u00eb dy informacioneve t\u00eb dh\u00ebna mbr\u00ebmjen e djeshme, p\u00ebr aksidentin n\u00eb aksin rrugor \u201cPogradec-Qaf\u00eb Than\u00eb\u201d, b\u00ebjm\u00eb me dije se specialist\u00ebt e Sektorit t\u00eb Qarkullimit Rrugor kan\u00eb kapur dhe ndaluar shtetasin D. J., 29 vje\u00e7, banues n\u00eb Pogradec.<\/p>\n<p>Shtetasi D. J. dyshohet se dje, rreth or\u00ebs 18:45, n\u00eb aksin rrugor \u201cPogradec-Qaf\u00eb Than\u00eb\u201d, me automjetin q\u00eb drejtonte, aksidentoi me pasoj\u00eb vdekjen shtetasin I. M., 55 vje\u00e7, dhe u largua nga vendi i aksidentit, me k\u00ebt\u00eb automjet.<\/p>\n<p>Automjeti i shtetasit D. J. u gjet dhe u sekuestrua n\u00eb cil\u00ebsin\u00eb e prov\u00ebs materiale.<\/p>\n<p>Materialet procedurale i kaluan Prokuroris\u00eb, p\u00ebr veprime t\u00eb m\u00ebtejshme.<\/p>\n","protected":false},"excerpt":{"rendered":"<p>Ka r\u00ebn\u00eb n\u00eb prangat e policis\u00eb 29-vje\u00e7ari q\u00eb p\u00ebrplasi p\u00ebr vdekje me makin\u00eb dit\u00ebn e djeshme k\u00ebmb\u00ebsorin 55-vje\u00e7ar n\u00eb rrug\u00ebn Qaf\u00eb Than\u00eb-Pogradec. 29-vje\u00e7ari pasi e p\u00ebrplasi k\u00ebmb\u00ebsorin me makin\u00eb u largua nga vendngjarja dhe braktisi mjetin e tij te stacioni i trenit n\u00eb Pogradec. Para se t\u00eb arratisje ai i hoqi targat makin\u00ebs. Njoftimi i [&hellip;]<\/p>\n","protected":false},"author":5,"featured_media":73125,"comment_status":"closed","ping_status":"closed","sticky":false,"template":"","format":"standard","meta":{"footnotes":""},"categories":[1,6332,29228],"tags":[35377,25330],"class_list":{"0":"post-85467","1":"post","2":"type-post","3":"status-publish","4":"format-standard","5":"has-post-thumbnail","7":"category-aktualitet","8":"category-te-fundit","9":"category-vendi","10":"tag-perplasi-me-makine-per-vdekje-kembesorin-dhe-u-largua","11":"tag-prangoset-29-vjecari"},"_links":{"self":[{"href":"https:\/\/jugulajm.net\/index.php?rest_route=\/wp\/v2\/posts\/85467","targetHints":{"allow":["GET"]}}],"collection":[{"href":"https:\/\/jugulajm.net\/index.php?rest_route=\/wp\/v2\/posts"}],"about":[{"href":"https:\/\/jugulajm.net\/index.php?rest_route=\/wp\/v2\/types\/post"}],"author":[{"embeddable":true,"href":"https:\/\/jugulajm.net\/index.php?rest_route=\/wp\/v2\/users\/5"}],"replies":[{"embeddable":true,"href":"https:\/\/jugulajm.net\/index.php?rest_route=%2Fwp%2Fv2%2Fcomments&post=85467"}],"version-history":[{"count":1,"href":"https:\/\/jugulajm.net\/index.php?rest_route=\/wp\/v2\/posts\/85467\/revisions"}],"predecessor-version":[{"id":85468,"href":"https:\/\/jugulajm.net\/index.php?rest_route=\/wp\/v2\/posts\/85467\/revisions\/85468"}],"wp:featuredmedia":[{"embeddable":true,"href":"https:\/\/jugulajm.net\/index.php?rest_route=\/wp\/v2\/media\/73125"}],"wp:attachment":[{"href":"https:\/\/jugulajm.net\/index.php?rest_route=%2Fwp%2Fv2%2Fmedia&parent=85467"}],"wp:term":[{"taxonomy":"category","embeddable":true,"href":"https:\/\/jugulajm.net\/index.php?rest_route=%2Fwp%2Fv2%2Fcategories&post=85467"},{"taxonomy":"post_tag","embeddable":true,"href":"https:\/\/jugulajm.net\/index.php?rest_route=%2Fwp%2Fv2%2Ftags&post=85467"}],"curies":[{"name":"wp","href":"https:\/\/api.w.org\/{rel}","templated":true}]}}