{"id":85439,"date":"2025-03-16T13:43:30","date_gmt":"2025-03-16T12:43:30","guid":{"rendered":"https:\/\/jugulajm.net\/?p=85439"},"modified":"2025-03-16T13:43:30","modified_gmt":"2025-03-16T12:43:30","slug":"familja-e-martin-canit-shuplake-rames-po-perdor-vrasjen-per-qellime-politike-martini-su-vra-nga-tiktok-u-por-nga-thika","status":"publish","type":"post","link":"https:\/\/jugulajm.net\/?p=85439","title":{"rendered":"Familja e Martin Canit \u2018shuplak\u00eb\u2019 Ram\u00ebs: Po p\u00ebrdor vrasjen p\u00ebr q\u00ebllime politike, Martini s&#8217;u vra nga TikTok-u, por nga thika"},"content":{"rendered":"<p>Familja e Martin Canit ka reaguar pas vendimit t\u00eb Edi Ram\u00ebs p\u00ebr t\u00eb mbyllur TikTok.<\/p>\n<p>Me an\u00eb t\u00eb nj\u00eb deklarate p\u00ebr mediat, familja Cani shprehet e indinjuar se Martini nuk kishte asnj\u00eb llogari n\u00eb Tik Tok, nd\u00ebrsa shprehet se vrasja e tij po p\u00ebrdoret p\u00ebr q\u00ebllime politike.<\/p>\n<p>Ata theksojn\u00eb se Martini nuk u vra nga TikTok, por nga nj\u00eb thik\u00eb e drejtuar nga nj\u00eb bashk\u00ebmoshatar i tij.<\/p>\n<p>M\u00eb tej shtojn\u00eb se Martini u vra nga nj\u00eb sistem arsimor ku mungojn\u00eb masat p\u00ebr sigurin\u00eb n\u00eb shkolla, ku institucionet arsimore dhe ato t\u00eb rendit nuk marrin masa p\u00ebr t\u00eb parandaluar dhun\u00ebn.<\/p>\n<p>Ai u vra p\u00ebr shkak se prind\u00ebrit nuk u njoftuan nga shkolla p\u00ebr incidentin e t\u00eb premtes, duke mos pasur mund\u00ebsin\u00eb e parandalimit te tragjedis\u00eb.<\/p>\n<p>Familja e Martin Canit k\u00ebrkon q\u00eb institucionet t\u00eb ndalojn\u00eb p\u00ebrdorimin e vrasjes s\u00eb tij si nj\u00eb justifikim p\u00ebr vendime q\u00eb nuk adresojn\u00eb shkaqet e v\u00ebrteta t\u00eb k\u00ebsaj tragjedie!<\/p>\n<p><strong>Deklarata e Familjes Cani:<\/strong><\/p>\n<p>Familja Cani d\u00ebnon p\u00ebrdorimin e vrasjes s\u00eb Martin Cani p\u00ebr q\u00ebllime politike!<\/p>\n<p>Ne, familja e Martin Canit, e kemi ndjekur me dhimbje dhe indinjat\u00eb t\u00eb thell\u00eb m\u00ebnyr\u00ebn se si tragjedia jon\u00eb po p\u00ebrdoret p\u00ebr q\u00ebllime politike dhe p\u00ebr t\u00eb justifikuar vendimin e qeveris\u00eb p\u00ebr mbylljen e rrjetit social TikTok.<\/p>\n<p>Duam ta themi qart\u00eb dhe publikisht: Martini nuk kishte nj\u00eb llogari n\u00eb TikTok dhe Martini nuk u vra nga TikTok! Martini u vra nga nj\u00eb thik\u00eb e drejtuar nga nj\u00eb bashk\u00ebmoshatar i tij.<\/p>\n<p>Martini u vra nga nj\u00eb sistem arsimor ku mungojn\u00eb masat p\u00ebr sigurin\u00eb n\u00eb shkolla, ku institucionet arsimore dhe ato t\u00eb rendit nuk marrin masa p\u00ebr t\u00eb parandaluar dhun\u00ebn. Ai u vra p\u00ebr shkak se prind\u00ebrit nuk u njoftuan nga shkolla p\u00ebr incidentin e t\u00eb premtes, duke mos pasur mund\u00ebsin\u00eb e parandalimit te tragjedis\u00eb.<\/p>\n<p>Martini u vra nga nj\u00eb sistem sh\u00ebndet\u00ebsor ku urgjenca e d\u00ebrgon n\u00eb spitalin m\u00eb t\u00eb larg\u00ebt, p\u00ebr shkak t\u00eb nj\u00eb protokolli absurd, megjith\u00ebse QSUT ishte vet\u00ebm 3 minuta larg. Martini u vra sepse n\u00eb Spitalin e Traum\u00ebs mungon kardiokirurgu si dhe pajisja e specializuar Extracorporeal Circulation Machine p\u00ebr riparimin e zemr\u00ebs.<\/p>\n<p>Nd\u00ebrkoh\u00eb, ajo q\u00eb po vret Martinin p\u00ebr s\u00eb dyti \u00ebsht\u00eb mungesa e drejt\u00ebsis\u00eb dhe pap\u00ebrgjegjshm\u00ebria e institucioneve! Drejt\u00ebsia p\u00ebr Martinin ende nuk \u00ebsht\u00eb v\u00ebn\u00eb n\u00eb vend, dhe familja jon\u00eb nuk do t\u00eb ndalet s\u00eb k\u00ebrkuari q\u00eb kjo vrasje t\u00eb mos kaloj\u00eb n\u00eb heshtje.<\/p>\n<p>Ne nuk pranojm\u00eb q\u00eb emri i Martinit t\u00eb p\u00ebrdoret p\u00ebr t\u00eb justifikuar vendime politike q\u00eb nuk kan\u00eb t\u00eb b\u00ebjn\u00eb me vrasjen e tij. N\u00eb vend q\u00eb t\u00eb merren masa p\u00ebr rritjen e siguris\u00eb n\u00eb shkolla, p\u00ebr t\u00eb forcuar edukimin dhe nd\u00ebrgjegj\u00ebsimin e t\u00eb rinjve, p\u00ebr t\u00eb parandaluar raste t\u00eb tjera tragjike, qeveria po k\u00ebrkon t\u00eb zhvendos\u00eb v\u00ebmendjen dhe t\u00eb shmang\u00eb p\u00ebrgjegj\u00ebsin\u00eb e saj reale.<\/p>\n<p>Ne k\u00ebrkojm\u00eb DREJT\u00cbSI P\u00cbR MARTININ!<\/p>\n<p>Ne k\u00ebrkojm\u00eb q\u00eb institucionet t\u00eb ndalojn\u00eb p\u00ebrdorimin e vrasjes s\u00eb Martinit si nj\u00eb justifikim p\u00ebr vendime q\u00eb nuk adresojn\u00eb shkaqet e v\u00ebrteta t\u00eb k\u00ebsaj tragjedie!<\/p>\n<p>Martini ishte nj\u00eb djal\u00eb i mir\u00eb, nj\u00eb futbollist me \u00ebndrra, nj\u00eb f\u00ebmij\u00eb q\u00eb meritonte t\u00eb jetonte. T\u00eb mos e vrasim p\u00ebr her\u00eb t\u00eb dyt\u00eb me hipokrizi dhe manipulime politike.<\/p>\n<p>Familja Cani<\/p>\n","protected":false},"excerpt":{"rendered":"<p>Familja e Martin Canit ka reaguar pas vendimit t\u00eb Edi Ram\u00ebs p\u00ebr t\u00eb mbyllur TikTok. Me an\u00eb t\u00eb nj\u00eb deklarate p\u00ebr mediat, familja Cani shprehet e indinjuar se Martini nuk kishte asnj\u00eb llogari n\u00eb Tik Tok, nd\u00ebrsa shprehet se vrasja e tij po p\u00ebrdoret p\u00ebr q\u00ebllime politike. Ata theksojn\u00eb se Martini nuk u vra nga [&hellip;]<\/p>\n","protected":false},"author":5,"featured_media":81698,"comment_status":"closed","ping_status":"closed","sticky":false,"template":"","format":"standard","meta":{"footnotes":""},"categories":[1,6332,29228],"tags":[35362,35363,35364],"class_list":{"0":"post-85439","1":"post","2":"type-post","3":"status-publish","4":"format-standard","5":"has-post-thumbnail","7":"category-aktualitet","8":"category-te-fundit","9":"category-vendi","10":"tag-familja-e-martin-canit-shuplake-rames-po-perdor-vrasjen-per-qellime-politike","11":"tag-martini-su-vra-nga-tiktok-u","12":"tag-por-nga-thika"},"_links":{"self":[{"href":"https:\/\/jugulajm.net\/index.php?rest_route=\/wp\/v2\/posts\/85439","targetHints":{"allow":["GET"]}}],"collection":[{"href":"https:\/\/jugulajm.net\/index.php?rest_route=\/wp\/v2\/posts"}],"about":[{"href":"https:\/\/jugulajm.net\/index.php?rest_route=\/wp\/v2\/types\/post"}],"author":[{"embeddable":true,"href":"https:\/\/jugulajm.net\/index.php?rest_route=\/wp\/v2\/users\/5"}],"replies":[{"embeddable":true,"href":"https:\/\/jugulajm.net\/index.php?rest_route=%2Fwp%2Fv2%2Fcomments&post=85439"}],"version-history":[{"count":1,"href":"https:\/\/jugulajm.net\/index.php?rest_route=\/wp\/v2\/posts\/85439\/revisions"}],"predecessor-version":[{"id":85440,"href":"https:\/\/jugulajm.net\/index.php?rest_route=\/wp\/v2\/posts\/85439\/revisions\/85440"}],"wp:featuredmedia":[{"embeddable":true,"href":"https:\/\/jugulajm.net\/index.php?rest_route=\/wp\/v2\/media\/81698"}],"wp:attachment":[{"href":"https:\/\/jugulajm.net\/index.php?rest_route=%2Fwp%2Fv2%2Fmedia&parent=85439"}],"wp:term":[{"taxonomy":"category","embeddable":true,"href":"https:\/\/jugulajm.net\/index.php?rest_route=%2Fwp%2Fv2%2Fcategories&post=85439"},{"taxonomy":"post_tag","embeddable":true,"href":"https:\/\/jugulajm.net\/index.php?rest_route=%2Fwp%2Fv2%2Ftags&post=85439"}],"curies":[{"name":"wp","href":"https:\/\/api.w.org\/{rel}","templated":true}]}}