{"id":85427,"date":"2025-03-15T19:39:15","date_gmt":"2025-03-15T18:39:15","guid":{"rendered":"https:\/\/jugulajm.net\/?p=85427"},"modified":"2025-03-15T19:39:15","modified_gmt":"2025-03-15T18:39:15","slug":"proteste-masive-ne-tirane-o-rama-e-cove-edhe-tiktok-un-ne-emigracion","status":"publish","type":"post","link":"https:\/\/jugulajm.net\/?p=85427","title":{"rendered":"Protest\u00eb masive n\u00eb Tiran\u00eb: O Rama, e \u00e7ove edhe &#8220;TikTok-un&#8221; n\u00eb emigracion"},"content":{"rendered":"<p>Mij\u00ebra t\u00eb rinj i jan\u00eb bashkuar thirrjes s\u00eb opozit\u00ebs p\u00ebr t\u00eb protestuar kund\u00ebr \u00e7ensus\u00eb q\u00eb ka vendosur Edi Rama duke mbyllur TikTok vet\u00ebm pak dit\u00eb para zgjedhjeve parlamentare t\u00eb 11-Majit.<\/p>\n<p>T\u00eb rinjt\u00eb shprehen t\u00eb revoltuar nga akti i qeveris\u00eb shqiptare dhe theksojn\u00eb se mbyllja b\u00ebhet p\u00ebr t&#8217;i \u00e7ensuarua z\u00ebrat e lir\u00eb dhe denoncues t\u00eb aferave korruptive t\u00eb qeveris\u00eb Rama.<\/p>\n","protected":false},"excerpt":{"rendered":"<p>Mij\u00ebra t\u00eb rinj i jan\u00eb bashkuar thirrjes s\u00eb opozit\u00ebs p\u00ebr t\u00eb protestuar kund\u00ebr \u00e7ensus\u00eb q\u00eb ka vendosur Edi Rama duke mbyllur TikTok vet\u00ebm pak dit\u00eb para zgjedhjeve parlamentare t\u00eb 11-Majit. T\u00eb rinjt\u00eb shprehen t\u00eb revoltuar nga akti i qeveris\u00eb shqiptare dhe theksojn\u00eb se mbyllja b\u00ebhet p\u00ebr t&#8217;i \u00e7ensuarua z\u00ebrat e lir\u00eb dhe denoncues t\u00eb aferave [&hellip;]<\/p>\n","protected":false},"author":5,"featured_media":85428,"comment_status":"closed","ping_status":"closed","sticky":false,"template":"","format":"standard","meta":{"footnotes":""},"categories":[1,6332,29228],"tags":[35356,35355],"class_list":{"0":"post-85427","1":"post","2":"type-post","3":"status-publish","4":"format-standard","5":"has-post-thumbnail","7":"category-aktualitet","8":"category-te-fundit","9":"category-vendi","10":"tag-e-cove-edhe-tiktok-un-ne-emigracion","11":"tag-proteste-masive-ne-tirane-o-rama"},"_links":{"self":[{"href":"https:\/\/jugulajm.net\/index.php?rest_route=\/wp\/v2\/posts\/85427","targetHints":{"allow":["GET"]}}],"collection":[{"href":"https:\/\/jugulajm.net\/index.php?rest_route=\/wp\/v2\/posts"}],"about":[{"href":"https:\/\/jugulajm.net\/index.php?rest_route=\/wp\/v2\/types\/post"}],"author":[{"embeddable":true,"href":"https:\/\/jugulajm.net\/index.php?rest_route=\/wp\/v2\/users\/5"}],"replies":[{"embeddable":true,"href":"https:\/\/jugulajm.net\/index.php?rest_route=%2Fwp%2Fv2%2Fcomments&post=85427"}],"version-history":[{"count":1,"href":"https:\/\/jugulajm.net\/index.php?rest_route=\/wp\/v2\/posts\/85427\/revisions"}],"predecessor-version":[{"id":85429,"href":"https:\/\/jugulajm.net\/index.php?rest_route=\/wp\/v2\/posts\/85427\/revisions\/85429"}],"wp:featuredmedia":[{"embeddable":true,"href":"https:\/\/jugulajm.net\/index.php?rest_route=\/wp\/v2\/media\/85428"}],"wp:attachment":[{"href":"https:\/\/jugulajm.net\/index.php?rest_route=%2Fwp%2Fv2%2Fmedia&parent=85427"}],"wp:term":[{"taxonomy":"category","embeddable":true,"href":"https:\/\/jugulajm.net\/index.php?rest_route=%2Fwp%2Fv2%2Fcategories&post=85427"},{"taxonomy":"post_tag","embeddable":true,"href":"https:\/\/jugulajm.net\/index.php?rest_route=%2Fwp%2Fv2%2Ftags&post=85427"}],"curies":[{"name":"wp","href":"https:\/\/api.w.org\/{rel}","templated":true}]}}