{"id":85421,"date":"2025-03-15T12:10:41","date_gmt":"2025-03-15T11:10:41","guid":{"rendered":"https:\/\/jugulajm.net\/?p=85421"},"modified":"2025-03-15T12:10:41","modified_gmt":"2025-03-15T11:10:41","slug":"19-vjecarja-plagos-me-thike-vellain-e-saj-dyshohet-se","status":"publish","type":"post","link":"https:\/\/jugulajm.net\/?p=85421","title":{"rendered":"19-vje\u00e7arja plagos me thik\u00eb v\u00ebllain e saj, dyshohet se&#8230;"},"content":{"rendered":"<p>Specialist\u00ebt p\u00ebr Hetimin e Krimeve ndaj Personit referuan materialet n\u00eb Prokurori, ku filloi procedimi n\u00eb gjendje t\u00eb lir\u00eb p\u00ebr shtetasen 19 vje\u00e7are, banuese n\u00eb Shkod\u00ebr, p\u00ebr veprat penale \u201cPlagosje e r\u00ebnd\u00eb me dashje\u201d dhe \u201cProdhimi, mbajtja, blerja apo shitja pa leje e arm\u00ebve t\u00eb ftohta\u201d, pasi dit\u00ebn e djeshme n\u00eb banes\u00ebn e saj, ka d\u00ebmtuar me mjet prer\u00ebs (thik\u00eb), v\u00ebllain e saj t\u00eb mitur, 7 vje\u00e7ar, i cili ndodhet jasht\u00eb rrezikut p\u00ebr jet\u00ebn.<\/p>\n<p>Shtetasja \u00ebsht\u00eb d\u00ebrguar n\u00eb Spitalin Psikiatrik Shkod\u00ebr p\u00ebr t\u00eb marr\u00eb asistenc\u00ebn e nevojshme,\u00a0 pasi vuan nga sh\u00ebndeti mendor.<\/p>\n","protected":false},"excerpt":{"rendered":"<p>Specialist\u00ebt p\u00ebr Hetimin e Krimeve ndaj Personit referuan materialet n\u00eb Prokurori, ku filloi procedimi n\u00eb gjendje t\u00eb lir\u00eb p\u00ebr shtetasen 19 vje\u00e7are, banuese n\u00eb Shkod\u00ebr, p\u00ebr veprat penale \u201cPlagosje e r\u00ebnd\u00eb me dashje\u201d dhe \u201cProdhimi, mbajtja, blerja apo shitja pa leje e arm\u00ebve t\u00eb ftohta\u201d, pasi dit\u00ebn e djeshme n\u00eb banes\u00ebn e saj, ka d\u00ebmtuar [&hellip;]<\/p>\n","protected":false},"author":5,"featured_media":51534,"comment_status":"closed","ping_status":"closed","sticky":false,"template":"","format":"standard","meta":{"footnotes":""},"categories":[1,6332,29228],"tags":[35352,23094],"class_list":{"0":"post-85421","1":"post","2":"type-post","3":"status-publish","4":"format-standard","5":"has-post-thumbnail","7":"category-aktualitet","8":"category-te-fundit","9":"category-vendi","10":"tag-19-vjecarja-plagos-me-thike-vellain-e-saj","11":"tag-dyshohet-se"},"_links":{"self":[{"href":"https:\/\/jugulajm.net\/index.php?rest_route=\/wp\/v2\/posts\/85421","targetHints":{"allow":["GET"]}}],"collection":[{"href":"https:\/\/jugulajm.net\/index.php?rest_route=\/wp\/v2\/posts"}],"about":[{"href":"https:\/\/jugulajm.net\/index.php?rest_route=\/wp\/v2\/types\/post"}],"author":[{"embeddable":true,"href":"https:\/\/jugulajm.net\/index.php?rest_route=\/wp\/v2\/users\/5"}],"replies":[{"embeddable":true,"href":"https:\/\/jugulajm.net\/index.php?rest_route=%2Fwp%2Fv2%2Fcomments&post=85421"}],"version-history":[{"count":1,"href":"https:\/\/jugulajm.net\/index.php?rest_route=\/wp\/v2\/posts\/85421\/revisions"}],"predecessor-version":[{"id":85422,"href":"https:\/\/jugulajm.net\/index.php?rest_route=\/wp\/v2\/posts\/85421\/revisions\/85422"}],"wp:featuredmedia":[{"embeddable":true,"href":"https:\/\/jugulajm.net\/index.php?rest_route=\/wp\/v2\/media\/51534"}],"wp:attachment":[{"href":"https:\/\/jugulajm.net\/index.php?rest_route=%2Fwp%2Fv2%2Fmedia&parent=85421"}],"wp:term":[{"taxonomy":"category","embeddable":true,"href":"https:\/\/jugulajm.net\/index.php?rest_route=%2Fwp%2Fv2%2Fcategories&post=85421"},{"taxonomy":"post_tag","embeddable":true,"href":"https:\/\/jugulajm.net\/index.php?rest_route=%2Fwp%2Fv2%2Ftags&post=85421"}],"curies":[{"name":"wp","href":"https:\/\/api.w.org\/{rel}","templated":true}]}}