{"id":85394,"date":"2025-03-14T10:15:44","date_gmt":"2025-03-14T09:15:44","guid":{"rendered":"https:\/\/jugulajm.net\/?p=85394"},"modified":"2025-03-14T10:15:44","modified_gmt":"2025-03-14T09:15:44","slug":"emri-prangoset-46-vjecari-ishte-shpallur-ne-kerkim-dhe-i-denuar-per","status":"publish","type":"post","link":"https:\/\/jugulajm.net\/?p=85394","title":{"rendered":"EMRI\/ Prangoset 46-vje\u00e7ari, ishte shpallur n\u00eb k\u00ebrkim dhe i d\u00ebnuar p\u00ebr&#8230;"},"content":{"rendered":"<p>Nj\u00eb 46-vje\u00e7ar i shpallur n\u00eb k\u00ebrkim dhe i d\u00ebnuar me 7 vite burg \u00ebsht\u00eb arrestuar nga policia.<\/p>\n<p>N\u00eb kuad\u00ebr t\u00eb operacionit t\u00eb koduar \u201cNdalesa\u201d u vu n\u00eb pranga shtetasi Florian Bu\u00e7ka, 46 vje\u00e7, banues n\u00eb Tiran\u00eb.<\/p>\n<div><ins id=\"revive-0-28\" data-revive-zoneid=\"1084\" data-revive-id=\"0a5067886004a72d5b41c8f4bd9c2af9\" data-revive-seq=\"28\" data-revive-loaded=\"1\"><\/p>\n<div id=\"beacon_e49d007967\">Ky shtetas ishte shpallur n\u00eb k\u00ebrkim, pasi Gjykata e Tiran\u00ebs e ka d\u00ebnuar me 7 vjet e 3 muaj burgim p\u00ebr veprat penale \u201cProdhim dhe shitje narkotik\u00ebsh dhe \u201cFutja dhe mbajtja e sendeve t\u00eb ndaluara n\u00eb institucionin e ekzekutimit t\u00eb vendimeve n\u00eb burg\u201d.<\/div>\n<p><\/ins><\/div>\n<p><strong>Tiran\u00eb\/Vijojn\u00eb operacionet p\u00ebr kapjen e personave n\u00eb k\u00ebrkim.<\/strong><\/p>\n<p>Finalizohet operacioni policor i koduar \u201cNdalesa\u201d<\/p>\n<p>Kapet dhe ndalohet 46-vje\u00e7ari i d\u00ebnuar me 7 vjet e 3 muaj burgim p\u00ebr veprat penale \u201cProdhim dhe shitje narkotik\u00ebsh dhe \u201cFutja dhe mbajtja e sendeve t\u00eb ndaluara n\u00eb institucionin e ekzekutimit t\u00eb vendimeve n\u00eb burg\u201d.<\/p>\n<p>Sh\u00ebrbimet e Komisariatit t\u00eb Policis\u00eb Nr. 1, n\u00eb vijim t\u00eb pun\u00ebs p\u00ebr kapjen e personave t\u00eb shpallur n\u00eb k\u00ebrkim dhe v\u00ebnien e tyre para p\u00ebrgjegj\u00ebsis\u00eb ligjore, bazuar dhe n\u00eb informacionet e marra n\u00eb rrug\u00eb operative, p\u00ebr vendndodhjen e nj\u00eb shtetasi n\u00eb k\u00ebrkim, organizuan dhe finalizuan operacionin policor t\u00eb koduar \u201cNdalesa\u201d.<\/p>\n<p>Si rezultat i k\u00ebtij operacioni, n\u00eb rrug\u00ebn \u201cAli Demi\u201d, n\u00eb bashk\u00ebpunim dhe me Seksionin e Narkotik\u00ebve u b\u00eb kapja dhe arrestimi i shtetasit:<br \/>\n\u2013 Florian Bu\u00e7ka, 46 vje\u00e7, banues n\u00eb Tiran\u00eb.<\/p>\n<p>Ky shtetas ishte shpallur n\u00eb k\u00ebrkim, pasi Gjykata e Tiran\u00ebs e ka d\u00ebnuar me 7 vjet e 3 muaj burgim p\u00ebr veprat penale \u201cProdhim dhe shitje narkotik\u00ebsh dhe \u201cFutja dhe mbajtja e sendeve t\u00eb ndaluara n\u00eb institucionin e ekzekutimit t\u00eb vendimeve n\u00eb burg\u201d.<\/p>\n<p>Materialet procedurale iu referuan Prokuroris\u00eb s\u00eb Tiran\u00ebs, p\u00ebr veprime t\u00eb m\u00ebtejshme.<\/p>\n","protected":false},"excerpt":{"rendered":"<p>Nj\u00eb 46-vje\u00e7ar i shpallur n\u00eb k\u00ebrkim dhe i d\u00ebnuar me 7 vite burg \u00ebsht\u00eb arrestuar nga policia. N\u00eb kuad\u00ebr t\u00eb operacionit t\u00eb koduar \u201cNdalesa\u201d u vu n\u00eb pranga shtetasi Florian Bu\u00e7ka, 46 vje\u00e7, banues n\u00eb Tiran\u00eb. Ky shtetas ishte shpallur n\u00eb k\u00ebrkim, pasi Gjykata e Tiran\u00ebs e ka d\u00ebnuar me 7 vjet e 3 muaj [&hellip;]<\/p>\n","protected":false},"author":5,"featured_media":56323,"comment_status":"closed","ping_status":"closed","sticky":false,"template":"","format":"standard","meta":{"footnotes":""},"categories":[1,6332,29228],"tags":[25350,35341],"class_list":{"0":"post-85394","1":"post","2":"type-post","3":"status-publish","4":"format-standard","5":"has-post-thumbnail","7":"category-aktualitet","8":"category-te-fundit","9":"category-vendi","10":"tag-emri-prangoset-46-vjecari","11":"tag-ishte-shpallur-ne-kerkim-dhe-i-denuar-per"},"_links":{"self":[{"href":"https:\/\/jugulajm.net\/index.php?rest_route=\/wp\/v2\/posts\/85394","targetHints":{"allow":["GET"]}}],"collection":[{"href":"https:\/\/jugulajm.net\/index.php?rest_route=\/wp\/v2\/posts"}],"about":[{"href":"https:\/\/jugulajm.net\/index.php?rest_route=\/wp\/v2\/types\/post"}],"author":[{"embeddable":true,"href":"https:\/\/jugulajm.net\/index.php?rest_route=\/wp\/v2\/users\/5"}],"replies":[{"embeddable":true,"href":"https:\/\/jugulajm.net\/index.php?rest_route=%2Fwp%2Fv2%2Fcomments&post=85394"}],"version-history":[{"count":1,"href":"https:\/\/jugulajm.net\/index.php?rest_route=\/wp\/v2\/posts\/85394\/revisions"}],"predecessor-version":[{"id":85395,"href":"https:\/\/jugulajm.net\/index.php?rest_route=\/wp\/v2\/posts\/85394\/revisions\/85395"}],"wp:featuredmedia":[{"embeddable":true,"href":"https:\/\/jugulajm.net\/index.php?rest_route=\/wp\/v2\/media\/56323"}],"wp:attachment":[{"href":"https:\/\/jugulajm.net\/index.php?rest_route=%2Fwp%2Fv2%2Fmedia&parent=85394"}],"wp:term":[{"taxonomy":"category","embeddable":true,"href":"https:\/\/jugulajm.net\/index.php?rest_route=%2Fwp%2Fv2%2Fcategories&post=85394"},{"taxonomy":"post_tag","embeddable":true,"href":"https:\/\/jugulajm.net\/index.php?rest_route=%2Fwp%2Fv2%2Ftags&post=85394"}],"curies":[{"name":"wp","href":"https:\/\/api.w.org\/{rel}","templated":true}]}}