{"id":85382,"date":"2025-03-13T22:17:21","date_gmt":"2025-03-13T21:17:21","guid":{"rendered":"https:\/\/jugulajm.net\/?p=85382"},"modified":"2025-03-13T22:17:21","modified_gmt":"2025-03-13T21:17:21","slug":"gazetarja-zbulon-pergjimet-per-veliajn-urdheroi-mediat-te-sulmojne-drejtesine","status":"publish","type":"post","link":"https:\/\/jugulajm.net\/?p=85382","title":{"rendered":"Gazetarja zbulon p\u00ebrgjimet p\u00ebr Veliajn: Urdh\u00ebroi mediat t\u00eb sulmojn\u00eb drejt\u00ebsin\u00eb"},"content":{"rendered":"<p>Gazetarja Klodiana Lala, e ftuar n\u00eb emisionin &#8220;T\u00eb Paekspozuarit&#8221; n\u00eb MCN TV, ka folur p\u00ebr procesin ndaj Erion Veliajt, i cili mbeti n\u00eb qeli.<\/p>\n<p>Lala tha se Veliaj \u00ebsht\u00eb p\u00ebrgjuar n\u00eb paraburgimin e Durr\u00ebsit me vendim gjykate dhe se n\u00eb bisedat e tij, jepen urdhra p\u00ebr sulm ndaj njer\u00ebzve t\u00eb drejt\u00ebsis\u00eb por edhe zyrtar\u00ebve t\u00eb Ministris\u00eb s\u00eb Drejt\u00ebsis\u00eb dhe drejtoris\u00eb s\u00eb burgjeve.<\/p>\n<p>Lala tha se Veliaj u ka dh\u00ebn\u00eb urdhra mediave t\u00eb njohura n\u00eb vend p\u00ebr k\u00ebto sulme dhe ata i kan\u00eb zbatuar.<\/p>\n<p>&#8220;Ka qen\u00eb nj\u00eb proces jo i zakonsh\u00ebm sepse p\u00ebrgjith\u00ebsisht p\u00ebrfundojn\u00eb brenda dit\u00ebs, ndodh rrall\u00eb, t\u00eb shtyhet procesi.<\/p>\n<p>T\u00eb mart\u00ebn zgjati shtat\u00eb or\u00eb seanca. Diku te tre or\u00eb e gjysm\u00eb fol\u00ebn avokat\u00ebt e Veliajt, listuan provat dhe faktet q\u00eb Veliaj nuk mund t\u00eb q\u00ebndronte n\u00eb arrest me burg. K\u00ebrkuan dhe vendos\u00ebn garanci pasurore, me q\u00ebllim q\u00eb t\u00eb lirohej Veliaj.<\/p>\n<p>Mori fjala prokuroria dhe tha q\u00eb Veliaj duhet t\u00eb mbahet n\u00eb burg. Nj\u00eb nd\u00ebr pikat kishte t\u00eb b\u00ebnte me faktin q\u00eb Veliaj p\u00ebrb\u00ebn rrezik p\u00ebr k\u00ebrc\u00ebnimin e d\u00ebshmitar\u00ebve dhe prishjen e provave.<\/p>\n<p>P\u00ebr k\u00ebt\u00eb soll\u00ebn p\u00ebrgjime t\u00eb realizuara n\u00eb qelin\u00eb e paraburgimit t\u00eb Durr\u00ebsit. Veliaj \u00ebsht\u00eb p\u00ebrgjuar me vendim t\u00eb Gjykat\u00ebs s\u00eb Posa\u00e7me n\u00eb t\u00eb gjith\u00eb bisedat q\u00eb ka patur, kryesisht me familjar\u00ebt.<\/p>\n<p>Prokuror\u00ebt pretendojn\u00eb se zoti Veliaj ka orkestruar sulme ndaj njer\u00ebzve t\u00eb drejt\u00ebsis\u00eb duke p\u00ebrdorur media t\u00eb caktuara, s\u00eb dyti ka k\u00ebrkuar sulm t\u00eb koordinuar ndaj prokuror\u00ebve dhe gjyqtar\u00ebve.<\/p>\n<p>Ka patur gjuh\u00eb t\u00eb ashp\u00ebr ndaj zyrtar\u00ebve t\u00eb Ministris\u00eb s\u00eb Drejt\u00ebsis\u00eb dhe zyrtar\u00ebve t\u00eb Drejtoris\u00eb s\u00eb Burgjeve, p\u00ebr shkak t\u00eb nj\u00eb kontrolli q\u00eb \u00ebsht\u00eb b\u00ebr\u00eb, p\u00ebr shkak t\u00eb dyshimeve se mund t\u00eb kishte telefon, ka patur nj\u00eb p\u00ebrmbysje t\u00eb qelis\u00eb ku ndodhet ai.<\/p>\n<p>Gjat\u00eb kontrollit, ky moment nuk \u00ebsht\u00eb pritur mir\u00eb dhe ka nj\u00eb gjuh\u00eb k\u00ebrc\u00ebnuese.<\/p>\n<p>Prokuror\u00ebt kan\u00eb deklaruar se kur ka k\u00ebt\u00eb sjellje edhe n\u00eb nj\u00eb institucuon sigurie, imagjinoni thon\u00eb ata se si mund t\u00eb sillet jasht\u00eb me d\u00ebshmitar\u00ebt p\u00ebr shkak t\u00eb pushtetit mediatik dhe politik.<\/p>\n<p>P\u00ebr shkak t\u00eb provave t\u00eb reja, jan\u00eb rreth 19 faqe p\u00ebrgjime. Jan\u00eb depoziatuar edhe kontrata dhe fatura, t\u00eb kompanive q\u00eb sipas SPAK kontrollohen nga Ajola Xoxa. Avokatat kan\u00eb k\u00ebrkuar koh\u00eb p\u00ebr k\u00ebto prova.<\/p>\n<p>Veliaj deklaroi se SPAK po p\u00ebrdor kund\u00ebr tij biseda me t\u00eb birin dhe familjar\u00ebvt, jan\u00eb biseda q\u00eb kan\u00eb t\u00eb b\u00ebjn\u00eb me intervista q\u00eb ka dh\u00ebn\u00eb n\u00eb media kryesore n\u00eb vend, thot\u00eb ai. Ai thot\u00eb nuk mund t\u00eb p\u00ebrdoren bisedat me familjen. SPAK thot\u00eb mund t\u00eb p\u00ebrdoren sepse jan\u00eb me vendim t\u00eb gjykat\u00ebs.<\/p>\n<p>Brenda p\u00ebrgjimeve ka shum\u00eb detaje, n\u00eb zbardhjen e mas\u00ebs s\u00eb siguris\u00eb mund t\u00eb jet\u00eb m\u00eb e qart\u00eb se \u00e7far\u00eb gjuhe ka p\u00ebrdorur zoti Veliaj. Ai ka orkestruar sulm ndaj njer\u00ebzve t\u00eb drejt\u00ebsis\u00eb.<\/p>\n<p>Dit\u00ebn e sotme ishte vet\u00ebm shpallje vendimi q\u00eb u la n\u00eb fuqi masa p\u00ebr Veliajn dhe p\u00ebr biznesmen\u00ebt. U zbut masa p\u00ebr biznesmenin Elman Abule n\u00eb arrest sht\u00ebpie.<\/p>\n<p>Veliaj p\u00ebrpiqet t\u00eb ushtroj\u00eb ndikimin n\u00eb media kryesore, p\u00ebr sulm ndaj SPAK dhe narrativ\u00eb q\u00eb i shkon p\u00ebr shtat. Jan\u00eb printuar shum\u00eb media, faqe online, etj. E dyta ka t\u00eb b\u00ebj\u00eb me gjuh\u00eb shantazhuese, q\u00eb ka t\u00eb b\u00ebj\u00eb me zyrtar\u00eb t\u00eb Ministris\u00eb s\u00eb Drejt\u00ebsis\u00eb. Se pse ka patur Veliaj gjuh\u00eb shantazhi ndaj tyre nuk dihet. Po hetohet. Edhe ndaj drejtoris\u00eb s\u00eb burgjeve, ka patur gjuh\u00eb jo t\u00eb pranueshme. Prokuror\u00ebt thon\u00eb se p\u00ebrb\u00ebn rrezik t\u00eb d\u00ebmtoj\u00eb provat dhe t\u00eb frik\u00ebsoj\u00eb d\u00ebshmitar\u00ebt&#8221;, tha Lala.<\/p>\n","protected":false},"excerpt":{"rendered":"<p>Gazetarja Klodiana Lala, e ftuar n\u00eb emisionin &#8220;T\u00eb Paekspozuarit&#8221; n\u00eb MCN TV, ka folur p\u00ebr procesin ndaj Erion Veliajt, i cili mbeti n\u00eb qeli. Lala tha se Veliaj \u00ebsht\u00eb p\u00ebrgjuar n\u00eb paraburgimin e Durr\u00ebsit me vendim gjykate dhe se n\u00eb bisedat e tij, jepen urdhra p\u00ebr sulm ndaj njer\u00ebzve t\u00eb drejt\u00ebsis\u00eb por edhe zyrtar\u00ebve t\u00eb [&hellip;]<\/p>\n","protected":false},"author":5,"featured_media":85383,"comment_status":"closed","ping_status":"closed","sticky":false,"template":"","format":"standard","meta":{"footnotes":""},"categories":[1,6332,29228],"tags":[35338],"class_list":{"0":"post-85382","1":"post","2":"type-post","3":"status-publish","4":"format-standard","5":"has-post-thumbnail","7":"category-aktualitet","8":"category-te-fundit","9":"category-vendi","10":"tag-gazetarja-zbulon-pergjimet-per-veliajn-urdheroi-mediat-te-sulmojne-drejtesine"},"_links":{"self":[{"href":"https:\/\/jugulajm.net\/index.php?rest_route=\/wp\/v2\/posts\/85382","targetHints":{"allow":["GET"]}}],"collection":[{"href":"https:\/\/jugulajm.net\/index.php?rest_route=\/wp\/v2\/posts"}],"about":[{"href":"https:\/\/jugulajm.net\/index.php?rest_route=\/wp\/v2\/types\/post"}],"author":[{"embeddable":true,"href":"https:\/\/jugulajm.net\/index.php?rest_route=\/wp\/v2\/users\/5"}],"replies":[{"embeddable":true,"href":"https:\/\/jugulajm.net\/index.php?rest_route=%2Fwp%2Fv2%2Fcomments&post=85382"}],"version-history":[{"count":1,"href":"https:\/\/jugulajm.net\/index.php?rest_route=\/wp\/v2\/posts\/85382\/revisions"}],"predecessor-version":[{"id":85384,"href":"https:\/\/jugulajm.net\/index.php?rest_route=\/wp\/v2\/posts\/85382\/revisions\/85384"}],"wp:featuredmedia":[{"embeddable":true,"href":"https:\/\/jugulajm.net\/index.php?rest_route=\/wp\/v2\/media\/85383"}],"wp:attachment":[{"href":"https:\/\/jugulajm.net\/index.php?rest_route=%2Fwp%2Fv2%2Fmedia&parent=85382"}],"wp:term":[{"taxonomy":"category","embeddable":true,"href":"https:\/\/jugulajm.net\/index.php?rest_route=%2Fwp%2Fv2%2Fcategories&post=85382"},{"taxonomy":"post_tag","embeddable":true,"href":"https:\/\/jugulajm.net\/index.php?rest_route=%2Fwp%2Fv2%2Ftags&post=85382"}],"curies":[{"name":"wp","href":"https:\/\/api.w.org\/{rel}","templated":true}]}}