{"id":85373,"date":"2025-03-13T18:07:17","date_gmt":"2025-03-13T17:07:17","guid":{"rendered":"https:\/\/jugulajm.net\/?p=85373"},"modified":"2025-03-13T18:07:49","modified_gmt":"2025-03-13T17:07:49","slug":"neser-dita-e-veres-policia-e-shtetit-me-plan-masash-ja-cilat","status":"publish","type":"post","link":"https:\/\/jugulajm.net\/?p=85373","title":{"rendered":"Nes\u00ebr &#8221;Dita e Ver\u00ebs&#8221;, Policia e Shtetit me plan masash, ja cilat&#8230;"},"content":{"rendered":"<p>Policia e Shtetit ka marr\u00eb plan masash p\u00ebr mbar\u00ebvajtjen e aktiviteteve q\u00eb do t\u00eb zhvillohen nes\u00ebr, me rastin e &#8221;Dit\u00ebs s\u00eb Ver\u00ebs&#8221;.<\/p>\n<p>P\u00ebr zbatimin e k\u00ebtij plani masash do t\u00eb angazhohen n\u00eb terren, n\u00eb t\u00eb gjith\u00eb vendin, punonj\u00ebs t\u00eb Policis\u00eb s\u00eb Rendit, t\u00eb Policis\u00eb Rrugore dhe t\u00eb Patrull\u00ebs s\u00eb P\u00ebrgjithshme, t\u00eb cilat do t\u00eb mb\u00ebshteten nga sh\u00ebrbime t\u00eb Forc\u00ebs Komb\u00ebtare t\u00eb Siguris\u00eb.<\/p>\n<p>K\u00ebta punonj\u00ebs do t\u00eb jen\u00eb t\u00eb plan\u00ebzuar me sh\u00ebrbim n\u00eb sheshet dhe rrug\u00ebt ku do t\u00eb zhvillohen aktivitetet, n\u00eb t\u00eb cilat do t\u00eb ket\u00eb num\u00ebr t\u00eb madh t\u00eb qytetar\u00ebve dhe mjeteve.<\/p>\n<p>P\u00ebr t\u00eb siguruar mbar\u00ebvajtjen e aktiviteteve, n\u00eb akset rrugore kryesore n\u00eb qendrat e qyteteve, do t\u00eb ket\u00eb kufizime t\u00eb l\u00ebvizjes s\u00eb automjeteve.<\/p>\n<div class=\"mandeta-ad mandeta-ad-tag_inarticle2\">\n<div>\n<div id=\"div-gpt-ad-1634289484286-0\" data-google-query-id=\"CM-P3fLEh4wDFSGUgwcd7uwXiA\" data-forced=\"true\">\n<div id=\"google_ads_iframe_\/74207979\/adxp_ge_in-article_0__container__\">N\u00eb Elbasan, gjat\u00eb pasdites s\u00eb sotme dhe dit\u00ebs s\u00eb nes\u00ebrme, nuk do t\u00eb lejohet parkimi i automjeteve dhe qarkullimi i tyre n\u00eb disa segmente rrugore n\u00eb qend\u00ebr t\u00eb qytetit, nd\u00ebrsa n\u00eb Tiran\u00eb, gjat\u00eb dit\u00ebs s\u00eb nes\u00ebrme, deri n\u00eb p\u00ebrfundim t\u00eb aktiviteteve, nuk do t\u00eb lejohet qarkullimi i automjeteve n\u00eb bulevardin \u201cD\u00ebshmor\u00ebt e Kombit\u201d dhe n\u00eb rrug\u00ebt \u201cPapa Gjon Pali II\u201d dhe \u201cIbrahim Rugova\u201d.<\/div>\n<\/div>\n<\/div>\n<\/div>\n<p>Sh\u00ebrbimet e Policis\u00eb Rrugore dhe t\u00eb Policis\u00eb Bashkiake do t\u00eb jen\u00eb t\u00eb terren, p\u00ebr t\u00eb monitoruar l\u00ebvizjen e automjeteve, me q\u00ebllim shmangien e krijimit t\u00eb trafikut dhe orientimin e drejtuesve t\u00eb automjeteve, n\u00eb rrug\u00eb alternative.<\/p>\n<p>Policia e Shtetit apelon p\u00ebr qytetar\u00ebt, q\u00eb t\u00eb zbatojn\u00eb masat kufizuese dhe t\u00eb bashk\u00ebpunojn\u00eb me Policin\u00eb, p\u00ebr t\u00eb ndihmuar n\u00eb mbar\u00ebvajtjen e aktiviteteve.<\/p>\n<p>N\u00eb \u00e7do rast nevoje p\u00ebr ndihm\u00eb, qytetar\u00ebt mund t\u00eb komunikojn\u00eb me punonj\u00ebsit e Policis\u00eb q\u00eb do t\u00eb jen\u00eb me sh\u00ebrbim n\u00eb terren ose mund t\u00eb telefonojn\u00eb n\u00eb numrin pa pages\u00eb 112.<\/p>\n","protected":false},"excerpt":{"rendered":"<p>Policia e Shtetit ka marr\u00eb plan masash p\u00ebr mbar\u00ebvajtjen e aktiviteteve q\u00eb do t\u00eb zhvillohen nes\u00ebr, me rastin e &#8221;Dit\u00ebs s\u00eb Ver\u00ebs&#8221;. P\u00ebr zbatimin e k\u00ebtij plani masash do t\u00eb angazhohen n\u00eb terren, n\u00eb t\u00eb gjith\u00eb vendin, punonj\u00ebs t\u00eb Policis\u00eb s\u00eb Rendit, t\u00eb Policis\u00eb Rrugore dhe t\u00eb Patrull\u00ebs s\u00eb P\u00ebrgjithshme, t\u00eb cilat do t\u00eb mb\u00ebshteten [&hellip;]<\/p>\n","protected":false},"author":5,"featured_media":51977,"comment_status":"closed","ping_status":"closed","sticky":false,"template":"","format":"standard","meta":{"footnotes":""},"categories":[1,6332,29228],"tags":[21504,35333,35334],"class_list":{"0":"post-85373","1":"post","2":"type-post","3":"status-publish","4":"format-standard","5":"has-post-thumbnail","7":"category-aktualitet","8":"category-te-fundit","9":"category-vendi","10":"tag-ja-cilat","11":"tag-neser-dita-e-veres","12":"tag-policia-e-shtetit-me-plan-masash"},"_links":{"self":[{"href":"https:\/\/jugulajm.net\/index.php?rest_route=\/wp\/v2\/posts\/85373","targetHints":{"allow":["GET"]}}],"collection":[{"href":"https:\/\/jugulajm.net\/index.php?rest_route=\/wp\/v2\/posts"}],"about":[{"href":"https:\/\/jugulajm.net\/index.php?rest_route=\/wp\/v2\/types\/post"}],"author":[{"embeddable":true,"href":"https:\/\/jugulajm.net\/index.php?rest_route=\/wp\/v2\/users\/5"}],"replies":[{"embeddable":true,"href":"https:\/\/jugulajm.net\/index.php?rest_route=%2Fwp%2Fv2%2Fcomments&post=85373"}],"version-history":[{"count":2,"href":"https:\/\/jugulajm.net\/index.php?rest_route=\/wp\/v2\/posts\/85373\/revisions"}],"predecessor-version":[{"id":85375,"href":"https:\/\/jugulajm.net\/index.php?rest_route=\/wp\/v2\/posts\/85373\/revisions\/85375"}],"wp:featuredmedia":[{"embeddable":true,"href":"https:\/\/jugulajm.net\/index.php?rest_route=\/wp\/v2\/media\/51977"}],"wp:attachment":[{"href":"https:\/\/jugulajm.net\/index.php?rest_route=%2Fwp%2Fv2%2Fmedia&parent=85373"}],"wp:term":[{"taxonomy":"category","embeddable":true,"href":"https:\/\/jugulajm.net\/index.php?rest_route=%2Fwp%2Fv2%2Fcategories&post=85373"},{"taxonomy":"post_tag","embeddable":true,"href":"https:\/\/jugulajm.net\/index.php?rest_route=%2Fwp%2Fv2%2Ftags&post=85373"}],"curies":[{"name":"wp","href":"https:\/\/api.w.org\/{rel}","templated":true}]}}