{"id":85371,"date":"2025-03-13T16:46:38","date_gmt":"2025-03-13T15:46:38","guid":{"rendered":"https:\/\/jugulajm.net\/?p=85371"},"modified":"2025-03-13T16:46:38","modified_gmt":"2025-03-13T15:46:38","slug":"lamtumire-lal-ky-ishte-fundi","status":"publish","type":"post","link":"https:\/\/jugulajm.net\/?p=85371","title":{"rendered":"Lamtumir\u00eb Lal, ky ishte fundi"},"content":{"rendered":"<p><strong>Nga Andi Bushati<\/strong><\/p>\n<p>Pas asaj q\u00eb ka ndodhur dit\u00ebt e fundit mund t\u00eb thuhet pa frik\u00eb se ylli politik i Erion Veliajt \u00ebsht\u00eb fikur. Dy ngjarje, q\u00eb nj\u00eb koincidenc\u00eb fatale i afroi pran\u00eb nj\u00ebra tjetr\u00ebs n\u00eb kalendar, e konfirmuan k\u00ebt\u00eb.<\/p>\n<p>E para ndodhi n\u00eb sall\u00ebn e apelit t\u00eb Gjykat\u00ebs s\u00eb Posa\u00e7me. Tek dyert e saj, nuk u mblodh\u00ebn m\u00eb as militant\u00eb rilindas, as n\u00ebnpun\u00ebs bashkie, p\u00ebr t\u00eb shprehur mb\u00ebshtetjen p\u00ebr idhullin apo pun\u00ebdh\u00ebn\u00ebsin e tyre. Shefi i madh u\u2019a pengoi me ferman duke shpallur se ajo q\u00eb kishte ndodhur nj\u00eb muaj m\u00eb par\u00eb ishte e gabuar. Pranvera e vetmis\u00eb s\u00eb madhe t\u00eb Lalit vijoji me braktisjen e mb\u00ebshtetjes nga deputet\u00ebt socialist\u00eb. Pasi Edi Rama b\u00ebri shembull nj\u00eb status t\u00eb Etjen Xhafajt, askush nuk guxoi t\u00eb shprehe m\u00eb solidaritet politik me t\u00eb burgosurin e Durr\u00ebsit.<\/p>\n<p>N\u00eb k\u00ebt\u00eb atmosfer\u00eb braktisjeje u zhvillua seanca e vler\u00ebsimit t\u00eb mas\u00ebs s\u00eb arrestit. n\u00eb apel, ku SPAK pretendoi se kishte sjell\u00eb disa p\u00ebrgjime, si prova t\u00eb reja. Po a \u00ebsht\u00eb e mundur q\u00eb Veliaj u la padashur t\u00eb binte n\u00eb kurth dhe askush nuk e njoftoi p\u00ebr to, nga drejtoria e burgjeve apo Ministria e drejt\u00ebsis\u00eb? N\u00ebse k\u00ebto institucione kontrollohen nga partia-shtet, si ka mund\u00ebsi q\u00eb nuk u gjend nj\u00eb njeri i vet\u00ebm q\u00eb ta paralajm\u00ebronte kryebashkiakun n\u00eb detyr\u00eb se sa rrezikonte me porosit\u00eb q\u00eb jepte nga qelia? Mos vall\u00eb e kan\u00eb l\u00ebn\u00eb n\u00eb r\u00ebnie t\u00eb lir\u00eb?<\/p>\n<div id=\"rekl-13\"><\/div>\n<div id=\"rekl-4\"><\/div>\n<p>Sa do hipotetik apo real t\u00eb jet\u00eb ky dyshim nj\u00eb gj\u00eb \u00ebsht\u00eb e qart\u00eb, gjyqtari P\u00ebllumbi, q\u00eb ruajti vijim\u00ebsin\u00eb e kolegut t\u00eb tij t\u00eb shkall\u00ebs s\u00eb par\u00eb, Bani, konfirmoi se akti i prangosjes nuk ishte nj\u00eb rast\u00ebsi dhe se mar\u00ebdh\u00ebnia e Veliajt me qelin\u00eb do t\u00eb jet\u00eb m\u00eb e gjat\u00eb sesa mendohej.<\/p>\n<p>Paradoksalisht, n\u00eb harkun e t\u00eb nj\u00ebjtave dit\u00eb kur Erioni goditej nga drejt\u00ebsia, u b\u00ebn\u00eb publike edhe listat me t\u00eb cilat PS do t\u00eb konkuroj\u00eb n\u00eb Tiran\u00eb. Nj\u00eb nga konkluzionet e para q\u00eb mund t\u00eb nxirret pasi ke par\u00eb emrat e reshtuar aty, \u00ebsht\u00eb se n\u00eb parlamentin e ardhsh\u00ebm, ndryshe nga ky q\u00eb po mbyllet, nuk do t\u00eb ket\u00eb asnj\u00eb mb\u00ebshtet\u00ebs t\u00eb atij q\u00eb deri pak koh\u00eb m\u00eb par\u00eb ishte drejtues politik i k\u00ebtij qarku.<\/p>\n<p>Po t\u00eb shoh\u00ebsh list\u00ebn e mbyllur, pra ata q\u00eb e kan\u00eb t\u00eb sigurt\u00eb rizgjedhjen, aty nuk gjen asnj\u00eb p\u00ebrkrah\u00ebs t\u00eb Lalit. Nd\u00ebrsa n\u00eb pjes\u00ebn e hapur t\u00eb saj kan\u00eb mbetur 5-6 kandidat\u00eb, m\u00eb shum\u00eb p\u00ebr tu shtrydhur, p\u00ebr ato q\u00eb kan\u00eb fituar n\u00eb t\u00eb shkuar\u00ebn, sesa si premtime t\u00eb s\u00eb ardhmes. Zor se ndonj\u00ebri prej tyre do ti\u2019a dal\u00eb t\u00eb hyj\u00eb n\u00eb kuvend. M\u00eb p\u00ebrjashtim t\u00eb Fatmir Xhaf\u00ebs, q\u00eb m\u00eb tep\u00ebr i p\u00ebrket partis\u00eb sesa aleancave t\u00eb p\u00ebrkoh\u00ebshme q\u00eb nd\u00ebrton p\u00ebr t\u00eb mbijetuar aty, asnj\u00eb nga mb\u00ebshtet\u00ebsit e dikursh\u00ebm t\u00eb kryebashkikut nuk do t\u00eb jet\u00eb pjes\u00eb e grupit t\u00eb PS-s\u00eb n\u00eb kuvendin e ri.<\/p>\n<p>Pra n\u00eb harkun e dy tre dit\u00ebve Veliaj ka dal\u00eb i humbur edhe n\u00eb raport me drejt\u00ebsin\u00eb edhe n\u00eb raport me partin\u00eb. Kariera e tij \u00ebsht\u00eb kompromentuar n\u00eb m\u00ebnyr\u00eb t\u00eb pakthyeshme, p\u00ebr \u00e7udin\u00eb e t\u00eb gjith\u00eb atyre q\u00eb u iluzionuan p\u00ebr nj\u00eb koh\u00eb t\u00eb gjat\u00eb se ai ishte pasardh\u00ebsi i paracaktuar i Ram\u00ebs. N\u00eb at\u00eb parti, t\u00eb ngritur vet\u00ebm p\u00ebr lavdin\u00eb, p\u00ebrfitimet dhe pushtetin e pamat\u00eb t\u00eb nj\u00eb njeriu, nuk ka pasur as dje dhe nuk mund t\u00eb kishte kur\u00ebsesi num\u00ebr 2. M\u00ebnyra se si e flak\u00ebn Lalin \u00ebsht\u00eb dhe shembulli m\u00eb i pakund\u00ebrshtuesh\u00ebm p\u00ebr t\u00eb gjith\u00eb ata q\u00eb duan ti rezistojn\u00eb k\u00ebsaj t\u00eb v\u00ebrtete.<\/p>\n","protected":false},"excerpt":{"rendered":"<p>Nga Andi Bushati Pas asaj q\u00eb ka ndodhur dit\u00ebt e fundit mund t\u00eb thuhet pa frik\u00eb se ylli politik i Erion Veliajt \u00ebsht\u00eb fikur. Dy ngjarje, q\u00eb nj\u00eb koincidenc\u00eb fatale i afroi pran\u00eb nj\u00ebra tjetr\u00ebs n\u00eb kalendar, e konfirmuan k\u00ebt\u00eb. E para ndodhi n\u00eb sall\u00ebn e apelit t\u00eb Gjykat\u00ebs s\u00eb Posa\u00e7me. Tek dyert e saj, [&hellip;]<\/p>\n","protected":false},"author":5,"featured_media":83184,"comment_status":"closed","ping_status":"closed","sticky":false,"template":"","format":"standard","meta":{"footnotes":""},"categories":[34865,6332],"tags":[35332,35331],"class_list":{"0":"post-85371","1":"post","2":"type-post","3":"status-publish","4":"format-standard","5":"has-post-thumbnail","7":"category-analiza","8":"category-te-fundit","9":"tag-ky-ishte-fundi","10":"tag-lamtumire-lal"},"_links":{"self":[{"href":"https:\/\/jugulajm.net\/index.php?rest_route=\/wp\/v2\/posts\/85371","targetHints":{"allow":["GET"]}}],"collection":[{"href":"https:\/\/jugulajm.net\/index.php?rest_route=\/wp\/v2\/posts"}],"about":[{"href":"https:\/\/jugulajm.net\/index.php?rest_route=\/wp\/v2\/types\/post"}],"author":[{"embeddable":true,"href":"https:\/\/jugulajm.net\/index.php?rest_route=\/wp\/v2\/users\/5"}],"replies":[{"embeddable":true,"href":"https:\/\/jugulajm.net\/index.php?rest_route=%2Fwp%2Fv2%2Fcomments&post=85371"}],"version-history":[{"count":1,"href":"https:\/\/jugulajm.net\/index.php?rest_route=\/wp\/v2\/posts\/85371\/revisions"}],"predecessor-version":[{"id":85372,"href":"https:\/\/jugulajm.net\/index.php?rest_route=\/wp\/v2\/posts\/85371\/revisions\/85372"}],"wp:featuredmedia":[{"embeddable":true,"href":"https:\/\/jugulajm.net\/index.php?rest_route=\/wp\/v2\/media\/83184"}],"wp:attachment":[{"href":"https:\/\/jugulajm.net\/index.php?rest_route=%2Fwp%2Fv2%2Fmedia&parent=85371"}],"wp:term":[{"taxonomy":"category","embeddable":true,"href":"https:\/\/jugulajm.net\/index.php?rest_route=%2Fwp%2Fv2%2Fcategories&post=85371"},{"taxonomy":"post_tag","embeddable":true,"href":"https:\/\/jugulajm.net\/index.php?rest_route=%2Fwp%2Fv2%2Ftags&post=85371"}],"curies":[{"name":"wp","href":"https:\/\/api.w.org\/{rel}","templated":true}]}}