{"id":85360,"date":"2025-03-13T12:47:19","date_gmt":"2025-03-13T11:47:19","guid":{"rendered":"https:\/\/jugulajm.net\/?p=85360"},"modified":"2025-03-13T12:47:19","modified_gmt":"2025-03-13T11:47:19","slug":"foto-ky-eshte-53-vjecari-shqiptar-qe-goditi-me-thike-gruan-ne-greqi","status":"publish","type":"post","link":"https:\/\/jugulajm.net\/?p=85360","title":{"rendered":"FOTO\/ Ky \u00ebsht\u00eb 53-vje\u00e7ari shqiptar, q\u00eb goditi me thik\u00eb gruan n\u00eb Greqi"},"content":{"rendered":"<p>Ky \u00ebsht\u00eb 53-vje\u00e7ari shqiptar, i cili nj\u00eb dit\u00eb m\u00eb par\u00eb masakroi me thik\u00eb gruan e tij 44-vje\u00e7are n\u00eb banes\u00ebn e tyre n\u00eb Sindos t\u00eb Selanikut, Greqi dhe m\u00eb pas i dha fund jet\u00ebs duke u vet\u00ebhedhur nga ballkoni i katit t\u00eb dyt\u00eb.<\/p>\n<p>Varrimi i gruas do t\u00eb b\u00ebhet nes\u00ebr (14 Mars) n\u00eb Shqip\u00ebri.<\/p>\n<p>Gjithashtu edhe varrimi i 53-vje\u00e7arit do t\u00eb b\u00ebhet n\u00eb atdhe n\u00eb dit\u00ebt n\u00eb vijim, shkroi\u00a0<a href=\"https:\/\/www.protothema.gr\/greece\/article\/1612610\/stin-alvania-i-kideia-tis-44hronis-pou-dolofonithike-apo-ton-suzugo-tis-sti-thessaloniki-den-eihan-\/\"><strong>Prothotema.gr<\/strong><\/a>.<\/p>\n<p>Nd\u00ebrkoh\u00eb dy vajzat e \u00e7iftit shqiptar, 16 dhe 21 vje\u00e7e, t\u00eb cilat humb\u00ebn prind\u00ebrit, ndodhen n\u00eb gjendje shoku dhe m\u00ebsohet se nuk kan\u00eb mundur t\u00eb d\u00ebshmojn\u00eb n\u00eb polici.<\/p>\n<p>Dy vajzat e \u00e7iftit, 16 dhe 21 vje\u00e7, nuk ndodheshin n\u00eb banes\u00eb\u00a0kur ndodhi krimi\u00a0i r\u00ebnd\u00eb.<\/p>\n<p>Sipas fqinj\u00ebve, ata ishin nj\u00eb familje e qet\u00eb dhe nuk kishin d\u00ebgjuar p\u00ebr problematika t\u00eb m\u00ebparshme apo britma n\u00eb momentin e ngjarjes.<\/p>\n","protected":false},"excerpt":{"rendered":"<p>Ky \u00ebsht\u00eb 53-vje\u00e7ari shqiptar, i cili nj\u00eb dit\u00eb m\u00eb par\u00eb masakroi me thik\u00eb gruan e tij 44-vje\u00e7are n\u00eb banes\u00ebn e tyre n\u00eb Sindos t\u00eb Selanikut, Greqi dhe m\u00eb pas i dha fund jet\u00ebs duke u vet\u00ebhedhur nga ballkoni i katit t\u00eb dyt\u00eb. Varrimi i gruas do t\u00eb b\u00ebhet nes\u00ebr (14 Mars) n\u00eb Shqip\u00ebri. Gjithashtu edhe [&hellip;]<\/p>\n","protected":false},"author":5,"featured_media":85361,"comment_status":"closed","ping_status":"closed","sticky":false,"template":"","format":"standard","meta":{"footnotes":""},"categories":[1,6332],"tags":[35326,35327],"class_list":{"0":"post-85360","1":"post","2":"type-post","3":"status-publish","4":"format-standard","5":"has-post-thumbnail","7":"category-aktualitet","8":"category-te-fundit","9":"tag-foto-ky-eshte-53-vjecari-shqiptar","10":"tag-qe-goditi-me-thike-gruan-ne-greqi"},"_links":{"self":[{"href":"https:\/\/jugulajm.net\/index.php?rest_route=\/wp\/v2\/posts\/85360","targetHints":{"allow":["GET"]}}],"collection":[{"href":"https:\/\/jugulajm.net\/index.php?rest_route=\/wp\/v2\/posts"}],"about":[{"href":"https:\/\/jugulajm.net\/index.php?rest_route=\/wp\/v2\/types\/post"}],"author":[{"embeddable":true,"href":"https:\/\/jugulajm.net\/index.php?rest_route=\/wp\/v2\/users\/5"}],"replies":[{"embeddable":true,"href":"https:\/\/jugulajm.net\/index.php?rest_route=%2Fwp%2Fv2%2Fcomments&post=85360"}],"version-history":[{"count":1,"href":"https:\/\/jugulajm.net\/index.php?rest_route=\/wp\/v2\/posts\/85360\/revisions"}],"predecessor-version":[{"id":85362,"href":"https:\/\/jugulajm.net\/index.php?rest_route=\/wp\/v2\/posts\/85360\/revisions\/85362"}],"wp:featuredmedia":[{"embeddable":true,"href":"https:\/\/jugulajm.net\/index.php?rest_route=\/wp\/v2\/media\/85361"}],"wp:attachment":[{"href":"https:\/\/jugulajm.net\/index.php?rest_route=%2Fwp%2Fv2%2Fmedia&parent=85360"}],"wp:term":[{"taxonomy":"category","embeddable":true,"href":"https:\/\/jugulajm.net\/index.php?rest_route=%2Fwp%2Fv2%2Fcategories&post=85360"},{"taxonomy":"post_tag","embeddable":true,"href":"https:\/\/jugulajm.net\/index.php?rest_route=%2Fwp%2Fv2%2Ftags&post=85360"}],"curies":[{"name":"wp","href":"https:\/\/api.w.org\/{rel}","templated":true}]}}