{"id":85358,"date":"2025-03-13T11:17:48","date_gmt":"2025-03-13T10:17:48","guid":{"rendered":"https:\/\/jugulajm.net\/?p=85358"},"modified":"2025-03-13T11:17:48","modified_gmt":"2025-03-13T10:17:48","slug":"lajm-i-fundit-gjykata-e-apelit-le-ne-burg-erion-veliajn","status":"publish","type":"post","link":"https:\/\/jugulajm.net\/?p=85358","title":{"rendered":"LAJM I FUNDIT\/ Gjykata e Apelit l\u00eb n\u00eb burg Erion Veliajn"},"content":{"rendered":"<p>Apeli i Posa\u00e7\u00ebm ka l\u00ebn\u00eb n\u00eb fuqi vendimin e Shkall\u00ebs s\u00eb Par\u00eb t\u00eb GJKKO-s\u00eb p\u00ebr mas\u00ebn e siguris\u00eb s\u00eb Erion Veliajt, \u201cArrest me Burg\u201d.<\/p>\n<p>Pas nj\u00eb seance q\u00eb ka zgjatur p\u00ebr rreth dy dit\u00eb, gjyqtari, Engert P\u00ebllumbi, ka vendosur q\u00eb kryebashkiaku t\u00eb q\u00ebndroj\u00eb n\u00eb qelit\u00eb e paraburgimit n\u00eb Durr\u00ebs.<\/p>\n<p>Erion Veliaj \u00ebsht\u00eb i dyshuar p\u00ebr dy vepra penale, korrupsion pasiv dhe pastrim parash.<\/p>\n","protected":false},"excerpt":{"rendered":"<p>Apeli i Posa\u00e7\u00ebm ka l\u00ebn\u00eb n\u00eb fuqi vendimin e Shkall\u00ebs s\u00eb Par\u00eb t\u00eb GJKKO-s\u00eb p\u00ebr mas\u00ebn e siguris\u00eb s\u00eb Erion Veliajt, \u201cArrest me Burg\u201d. Pas nj\u00eb seance q\u00eb ka zgjatur p\u00ebr rreth dy dit\u00eb, gjyqtari, Engert P\u00ebllumbi, ka vendosur q\u00eb kryebashkiaku t\u00eb q\u00ebndroj\u00eb n\u00eb qelit\u00eb e paraburgimit n\u00eb Durr\u00ebs. Erion Veliaj \u00ebsht\u00eb i dyshuar p\u00ebr [&hellip;]<\/p>\n","protected":false},"author":5,"featured_media":84565,"comment_status":"closed","ping_status":"closed","sticky":false,"template":"","format":"standard","meta":{"footnotes":""},"categories":[1,6326,6332,29228],"tags":[35325],"class_list":{"0":"post-85358","1":"post","2":"type-post","3":"status-publish","4":"format-standard","5":"has-post-thumbnail","7":"category-aktualitet","8":"category-politike","9":"category-te-fundit","10":"category-vendi","11":"tag-lajm-i-fundit-gjykata-e-apelit-le-ne-burg-erion-veliajn"},"_links":{"self":[{"href":"https:\/\/jugulajm.net\/index.php?rest_route=\/wp\/v2\/posts\/85358","targetHints":{"allow":["GET"]}}],"collection":[{"href":"https:\/\/jugulajm.net\/index.php?rest_route=\/wp\/v2\/posts"}],"about":[{"href":"https:\/\/jugulajm.net\/index.php?rest_route=\/wp\/v2\/types\/post"}],"author":[{"embeddable":true,"href":"https:\/\/jugulajm.net\/index.php?rest_route=\/wp\/v2\/users\/5"}],"replies":[{"embeddable":true,"href":"https:\/\/jugulajm.net\/index.php?rest_route=%2Fwp%2Fv2%2Fcomments&post=85358"}],"version-history":[{"count":1,"href":"https:\/\/jugulajm.net\/index.php?rest_route=\/wp\/v2\/posts\/85358\/revisions"}],"predecessor-version":[{"id":85359,"href":"https:\/\/jugulajm.net\/index.php?rest_route=\/wp\/v2\/posts\/85358\/revisions\/85359"}],"wp:featuredmedia":[{"embeddable":true,"href":"https:\/\/jugulajm.net\/index.php?rest_route=\/wp\/v2\/media\/84565"}],"wp:attachment":[{"href":"https:\/\/jugulajm.net\/index.php?rest_route=%2Fwp%2Fv2%2Fmedia&parent=85358"}],"wp:term":[{"taxonomy":"category","embeddable":true,"href":"https:\/\/jugulajm.net\/index.php?rest_route=%2Fwp%2Fv2%2Fcategories&post=85358"},{"taxonomy":"post_tag","embeddable":true,"href":"https:\/\/jugulajm.net\/index.php?rest_route=%2Fwp%2Fv2%2Ftags&post=85358"}],"curies":[{"name":"wp","href":"https:\/\/api.w.org\/{rel}","templated":true}]}}