{"id":85326,"date":"2025-03-12T14:25:54","date_gmt":"2025-03-12T13:25:54","guid":{"rendered":"https:\/\/jugulajm.net\/?p=85326"},"modified":"2025-03-12T14:25:54","modified_gmt":"2025-03-12T13:25:54","slug":"greqi-53-vjecari-shqiptar-vret-me-thike-bashkeshorten-44-vjecare","status":"publish","type":"post","link":"https:\/\/jugulajm.net\/?p=85326","title":{"rendered":"Greqi, 53-vje\u00e7ari shqiptar vret me thik\u00eb bashk\u00ebshorten 44-vje\u00e7are"},"content":{"rendered":"<p>Nj\u00eb ngjarje e r\u00ebnd\u00eb \u00ebsht\u00eb regjistruar dit\u00ebn e sotme n\u00eb nj\u00eb familje shqiptare n\u00eb\u00a0Greqi.<\/p>\n<p>Raportohet se nj\u00eb\u00a053-vje\u00e7ar shqiptar ka plagosur p\u00ebr vdekje me thik\u00eb bashk\u00ebshorten e tij n\u00eb Selanik.<\/p>\n<p>Pas ngjarjes s\u00eb r\u00ebnd\u00eb shqiptari \u00ebsht\u00eb hedhur nga ballkoni i banes\u00ebs.<\/p>\n<p>Mediat greke raportojn\u00eb se shqiptari e\u00a0ka goditur vazhdimisht me thik\u00eb n\u00eb bark gruan e tij.<\/p>\n<p>P\u00ebr shkak t\u00eb plag\u00ebve t\u00eb marra 44-vje\u00e7arja ka humbur jet\u00ebn.<\/p>\n<p>Pas krimit shqiptari \u00ebsht\u00eb hedhur nga\u00a0ballkoni n\u00eb katin e dyt\u00eb t\u00eb sht\u00ebpis\u00eb ku ka mbetur i plagosur r\u00ebnd\u00eb.<\/p>\n<p>Ai \u00ebsht\u00eb d\u00ebrguar n\u00eb spitalin\u00a0Papanikolaou ku po merr ndihm\u00eb mjek\u00ebsor.<\/p>\n","protected":false},"excerpt":{"rendered":"<p>Nj\u00eb ngjarje e r\u00ebnd\u00eb \u00ebsht\u00eb regjistruar dit\u00ebn e sotme n\u00eb nj\u00eb familje shqiptare n\u00eb\u00a0Greqi. Raportohet se nj\u00eb\u00a053-vje\u00e7ar shqiptar ka plagosur p\u00ebr vdekje me thik\u00eb bashk\u00ebshorten e tij n\u00eb Selanik. Pas ngjarjes s\u00eb r\u00ebnd\u00eb shqiptari \u00ebsht\u00eb hedhur nga ballkoni i banes\u00ebs. Mediat greke raportojn\u00eb se shqiptari e\u00a0ka goditur vazhdimisht me thik\u00eb n\u00eb bark gruan e tij. [&hellip;]<\/p>\n","protected":false},"author":5,"featured_media":56952,"comment_status":"closed","ping_status":"closed","sticky":false,"template":"","format":"standard","meta":{"footnotes":""},"categories":[1,6332],"tags":[35311,26537],"class_list":{"0":"post-85326","1":"post","2":"type-post","3":"status-publish","4":"format-standard","5":"has-post-thumbnail","7":"category-aktualitet","8":"category-te-fundit","9":"tag-53-vjecari-shqiptar-vret-me-thike-bashkeshorten-44-vjecare","10":"tag-greqi"},"_links":{"self":[{"href":"https:\/\/jugulajm.net\/index.php?rest_route=\/wp\/v2\/posts\/85326","targetHints":{"allow":["GET"]}}],"collection":[{"href":"https:\/\/jugulajm.net\/index.php?rest_route=\/wp\/v2\/posts"}],"about":[{"href":"https:\/\/jugulajm.net\/index.php?rest_route=\/wp\/v2\/types\/post"}],"author":[{"embeddable":true,"href":"https:\/\/jugulajm.net\/index.php?rest_route=\/wp\/v2\/users\/5"}],"replies":[{"embeddable":true,"href":"https:\/\/jugulajm.net\/index.php?rest_route=%2Fwp%2Fv2%2Fcomments&post=85326"}],"version-history":[{"count":1,"href":"https:\/\/jugulajm.net\/index.php?rest_route=\/wp\/v2\/posts\/85326\/revisions"}],"predecessor-version":[{"id":85327,"href":"https:\/\/jugulajm.net\/index.php?rest_route=\/wp\/v2\/posts\/85326\/revisions\/85327"}],"wp:featuredmedia":[{"embeddable":true,"href":"https:\/\/jugulajm.net\/index.php?rest_route=\/wp\/v2\/media\/56952"}],"wp:attachment":[{"href":"https:\/\/jugulajm.net\/index.php?rest_route=%2Fwp%2Fv2%2Fmedia&parent=85326"}],"wp:term":[{"taxonomy":"category","embeddable":true,"href":"https:\/\/jugulajm.net\/index.php?rest_route=%2Fwp%2Fv2%2Fcategories&post=85326"},{"taxonomy":"post_tag","embeddable":true,"href":"https:\/\/jugulajm.net\/index.php?rest_route=%2Fwp%2Fv2%2Ftags&post=85326"}],"curies":[{"name":"wp","href":"https:\/\/api.w.org\/{rel}","templated":true}]}}