{"id":85285,"date":"2025-03-11T09:29:35","date_gmt":"2025-03-11T08:29:35","guid":{"rendered":"https:\/\/jugulajm.net\/?p=85285"},"modified":"2025-03-11T10:10:50","modified_gmt":"2025-03-11T09:10:50","slug":"video-rriten-kapacitetet-akomoduese-turistike-ne-tepelene-kryebashkiaku-peci-premton-turizem-te-qendrueshem","status":"publish","type":"post","link":"https:\/\/jugulajm.net\/?p=85285","title":{"rendered":"VIDEO\/Rriten kapacitetet akomoduese turistike n\u00eb Tepelen\u00eb, kryebashkiaku Pe\u00e7i premton turiz\u00ebm t\u00eb q\u00ebndruesh\u00ebm"},"content":{"rendered":"<p>Tepelena \u00ebsht\u00eb nj\u00eb prej tre bashkive n\u00eb Qarkun e Gjirokastr\u00ebs, ku po zgjohet mjaft interesi p\u00ebr turizmin malor.<\/p>\n<p>Vet\u00ebm k\u00ebt\u00eb vit \u00ebsht\u00eb shtuar kapaciteti akomodues p\u00ebr vizitor\u00ebt, qe shprehin interes p\u00ebr k\u00ebt\u00eb lloj turizmi malor i rralli n\u00eb llojin e vet.<\/p>\n<p>Referuar kapaciteteve akomoduese, sot Tepelena ofron mbi 40 nj\u00ebsi sh\u00ebrbimi me kapacitet deri n\u00eb 400 shtret\u00ebr. Shumica e tyre t\u00eb shtrira n\u00eb zon\u00ebn e Kurveleshit n\u00eb kufi me bregdetin jonian. Duke par\u00eb se kanionet e Progonatit dhe Nivic\u00ebs s\u00eb fundmi kan\u00eb ngjallur interesin e grupeve t\u00eb shumta turistike, kjo ka nxitur n\u00eb rritjen e investimeve t\u00eb kapaciteteve akomoduese n\u00eb fshatrat Rexhin\u00eb, Gusmar, Progonat e Nivic\u00eb.<\/p>\n<p>Me dhjet\u00ebra bujtina po ngrihen n\u00eb k\u00ebto fshatra t\u00eb pajisura me t\u00eb gjitha facilitetet e nevojshm\u00eb p\u00ebr nj\u00eb turiz\u00ebm elitar.<\/p>\n<p>Sipas kreut t\u00eb Bashkis\u00eb s\u00eb Tepelen\u00ebs, T\u00ebrmet Pe\u00e7i, fokusi q\u00ebndron tek rritja e cil\u00ebsis\u00eb s\u00eb sh\u00ebrbimit dhe e cil\u00ebsis\u00eb s\u00eb kostos. Vet\u00ebm k\u00ebt\u00eb vit sipas kryebashkiakut tepelenas, ka gati 20 k\u00ebrkesa p\u00ebr investim n\u00eb zon\u00ebn malore t\u00eb Kurveleshit, aty ku ka dhe interes m\u00eb s\u00eb shumti.<\/p>\n<p>Nj\u00eb prj sfidave turistike \u00ebsht\u00eb dhe rijet\u00ebzimi i kalas\u00eb s\u00eb Ali Pash\u00ebs, ku brenda saj do ket\u00eb disa nj\u00ebsi sh\u00ebrbimi t\u00eb kthyera n\u00eb bujtina, nd\u00ebrkaq q\u00eb \u00ebsht\u00eb n\u00eb faz\u00ebn fillestare ngritja e qendr\u00ebs s\u00eb Parkut t\u00eb Vjos\u00ebs, \u00e7ka do t\u2019i jap\u00eb akoma m\u00eb shum\u00eb interes zon\u00ebs n\u00eb fjal\u00eb.<\/p>\n<p>P\u00ebr kryebashkiakun e Tepelen\u00ebs fokusi kryesor do t\u00eb jet\u00eb turizmi i q\u00ebndruesh\u00ebm.<\/p>\n<p>Sipas tij k\u00ebt\u00eb vit pritet rritje t\u00eb turist\u00ebve n\u00eb mas\u00ebn 30%, kjo fal\u00eb dhe panairit t\u00eb turizmit q\u00eb u organizua s\u00eb fundmi n\u00eb Berlin, nga ku dhe Shqip\u00ebria ishte prezente dhe mes t\u00eb cilave Tepelena kishte vendin e vet n\u00eb k\u00ebt\u00eb panair promovues.<\/p>\n","protected":false},"excerpt":{"rendered":"<p>Tepelena \u00ebsht\u00eb nj\u00eb prej tre bashkive n\u00eb Qarkun e Gjirokastr\u00ebs, ku po zgjohet mjaft interesi p\u00ebr turizmin malor. Vet\u00ebm k\u00ebt\u00eb vit \u00ebsht\u00eb shtuar kapaciteti akomodues p\u00ebr vizitor\u00ebt, qe shprehin interes p\u00ebr k\u00ebt\u00eb lloj turizmi malor i rralli n\u00eb llojin e vet. Referuar kapaciteteve akomoduese, sot Tepelena ofron mbi 40 nj\u00ebsi sh\u00ebrbimi me kapacitet deri n\u00eb [&hellip;]<\/p>\n","protected":false},"author":5,"featured_media":85288,"comment_status":"closed","ping_status":"closed","sticky":false,"template":"","format":"video","meta":{"footnotes":""},"categories":[6332,6333,29228,26832],"tags":[30387,35217,33112],"class_list":{"0":"post-85285","1":"post","2":"type-post","3":"status-publish","4":"format-video","5":"has-post-thumbnail","7":"category-te-fundit","8":"category-turizem","9":"category-vendi","10":"category-video","11":"tag-tepelena","12":"tag-termet-peci","13":"tag-turizmi","14":"post_format-post-format-video"},"_links":{"self":[{"href":"https:\/\/jugulajm.net\/index.php?rest_route=\/wp\/v2\/posts\/85285","targetHints":{"allow":["GET"]}}],"collection":[{"href":"https:\/\/jugulajm.net\/index.php?rest_route=\/wp\/v2\/posts"}],"about":[{"href":"https:\/\/jugulajm.net\/index.php?rest_route=\/wp\/v2\/types\/post"}],"author":[{"embeddable":true,"href":"https:\/\/jugulajm.net\/index.php?rest_route=\/wp\/v2\/users\/5"}],"replies":[{"embeddable":true,"href":"https:\/\/jugulajm.net\/index.php?rest_route=%2Fwp%2Fv2%2Fcomments&post=85285"}],"version-history":[{"count":2,"href":"https:\/\/jugulajm.net\/index.php?rest_route=\/wp\/v2\/posts\/85285\/revisions"}],"predecessor-version":[{"id":85290,"href":"https:\/\/jugulajm.net\/index.php?rest_route=\/wp\/v2\/posts\/85285\/revisions\/85290"}],"wp:featuredmedia":[{"embeddable":true,"href":"https:\/\/jugulajm.net\/index.php?rest_route=\/wp\/v2\/media\/85288"}],"wp:attachment":[{"href":"https:\/\/jugulajm.net\/index.php?rest_route=%2Fwp%2Fv2%2Fmedia&parent=85285"}],"wp:term":[{"taxonomy":"category","embeddable":true,"href":"https:\/\/jugulajm.net\/index.php?rest_route=%2Fwp%2Fv2%2Fcategories&post=85285"},{"taxonomy":"post_tag","embeddable":true,"href":"https:\/\/jugulajm.net\/index.php?rest_route=%2Fwp%2Fv2%2Ftags&post=85285"}],"curies":[{"name":"wp","href":"https:\/\/api.w.org\/{rel}","templated":true}]}}