{"id":85275,"date":"2025-03-10T19:30:50","date_gmt":"2025-03-10T18:30:50","guid":{"rendered":"https:\/\/jugulajm.net\/?p=85275"},"modified":"2025-03-10T19:30:50","modified_gmt":"2025-03-10T18:30:50","slug":"parlament-berisha-deputeteve-socialiste-pyeteni-ramen-pse-se-permend-non-graten-ndaj-meje-pse","status":"publish","type":"post","link":"https:\/\/jugulajm.net\/?p=85275","title":{"rendered":"Parlament\/ Berisha-deputet\u00ebve socialist\u00eb: Pyeteni Ram\u00ebn pse s&#8217;e p\u00ebrmend &#8220;non-grat\u00ebn&#8221; ndaj meje, pse?"},"content":{"rendered":"<p>Kreu i PD, Sali Berisha, ka l\u00ebshuar nj\u00eb sfid\u00eb t\u00eb hapur ndaj kryeministrit Edi Rama n\u00eb Parlament, duke v\u00ebn\u00eb n\u00eb pik\u00ebpyetje faktin se ai nuk e p\u00ebrmend m\u00eb shpalljen e tij non-grata nga SHBA.<\/p>\n<p>\u201cRama nuk e p\u00ebrmend m\u00eb non-grat\u00ebn. Pse nuk e p\u00ebrmend m\u00eb? Shkoni pyeteni ju zonja. Thoni, o shef, o bos, pse nuk e thua m\u00eb at\u00eb fjal\u00eb? Jo po thuaje po deshe!\u201d \u2013 deklaroi Berisha nga foltorja e Parlamentit.<\/p>\n<p>M\u00eb tej Berisha u shpreh se &#8220;Rama \u00ebsht\u00eb futur n\u00eb parkun zoologjik dhe jeton me bot\u00ebn shtazore\u201d.<\/p>\n<p>Berisha gjithashtu b\u00ebri nj\u00eb deklarat\u00eb t\u00eb fort\u00eb politike, duke e quajtur 11 majin si fundin e narkokracis\u00eb n\u00eb Shqip\u00ebri.<\/p>\n<p>\u201cKjo \u00ebsht\u00eb finalja e k\u00ebtij parlamenti, dhe garantoj se 11 maji \u00ebsht\u00eb fundi i narkokracis\u00eb\u201d, tha ai.<\/p>\n<p>Gjithashtu, ai premtoi se jav\u00ebn e par\u00eb pas zgjedhjeve PD do t\u00eb prezantoj\u00eb nj\u00eb \u201cpaket\u00eb shp\u00ebtimi\u201d p\u00ebr shqiptar\u00ebt q\u00eb do t\u00eb luftoj\u00eb varf\u00ebrin\u00eb ekstreme.<\/p>\n","protected":false},"excerpt":{"rendered":"<p>Kreu i PD, Sali Berisha, ka l\u00ebshuar nj\u00eb sfid\u00eb t\u00eb hapur ndaj kryeministrit Edi Rama n\u00eb Parlament, duke v\u00ebn\u00eb n\u00eb pik\u00ebpyetje faktin se ai nuk e p\u00ebrmend m\u00eb shpalljen e tij non-grata nga SHBA. \u201cRama nuk e p\u00ebrmend m\u00eb non-grat\u00ebn. Pse nuk e p\u00ebrmend m\u00eb? Shkoni pyeteni ju zonja. Thoni, o shef, o bos, pse [&hellip;]<\/p>\n","protected":false},"author":5,"featured_media":85276,"comment_status":"closed","ping_status":"closed","sticky":false,"template":"","format":"standard","meta":{"footnotes":""},"categories":[6326,6332,29228],"tags":[35293,35294],"class_list":{"0":"post-85275","1":"post","2":"type-post","3":"status-publish","4":"format-standard","5":"has-post-thumbnail","7":"category-politike","8":"category-te-fundit","9":"category-vendi","10":"tag-parlament-berisha-deputeteve-socialiste-pyeteni-ramen-pse-se-permend-non-graten-ndaj-meje","11":"tag-pse"},"_links":{"self":[{"href":"https:\/\/jugulajm.net\/index.php?rest_route=\/wp\/v2\/posts\/85275","targetHints":{"allow":["GET"]}}],"collection":[{"href":"https:\/\/jugulajm.net\/index.php?rest_route=\/wp\/v2\/posts"}],"about":[{"href":"https:\/\/jugulajm.net\/index.php?rest_route=\/wp\/v2\/types\/post"}],"author":[{"embeddable":true,"href":"https:\/\/jugulajm.net\/index.php?rest_route=\/wp\/v2\/users\/5"}],"replies":[{"embeddable":true,"href":"https:\/\/jugulajm.net\/index.php?rest_route=%2Fwp%2Fv2%2Fcomments&post=85275"}],"version-history":[{"count":1,"href":"https:\/\/jugulajm.net\/index.php?rest_route=\/wp\/v2\/posts\/85275\/revisions"}],"predecessor-version":[{"id":85277,"href":"https:\/\/jugulajm.net\/index.php?rest_route=\/wp\/v2\/posts\/85275\/revisions\/85277"}],"wp:featuredmedia":[{"embeddable":true,"href":"https:\/\/jugulajm.net\/index.php?rest_route=\/wp\/v2\/media\/85276"}],"wp:attachment":[{"href":"https:\/\/jugulajm.net\/index.php?rest_route=%2Fwp%2Fv2%2Fmedia&parent=85275"}],"wp:term":[{"taxonomy":"category","embeddable":true,"href":"https:\/\/jugulajm.net\/index.php?rest_route=%2Fwp%2Fv2%2Fcategories&post=85275"},{"taxonomy":"post_tag","embeddable":true,"href":"https:\/\/jugulajm.net\/index.php?rest_route=%2Fwp%2Fv2%2Ftags&post=85275"}],"curies":[{"name":"wp","href":"https:\/\/api.w.org\/{rel}","templated":true}]}}