{"id":85241,"date":"2025-03-09T20:45:00","date_gmt":"2025-03-09T19:45:00","guid":{"rendered":"https:\/\/jugulajm.net\/?p=85241"},"modified":"2025-03-09T20:45:00","modified_gmt":"2025-03-09T19:45:00","slug":"emri-foto-humb-49-vjecari-familjaret-kane-humbur-kontaktin-prej","status":"publish","type":"post","link":"https:\/\/jugulajm.net\/?p=85241","title":{"rendered":"EMRI-FOTO\/ Humb 49-vje\u00e7ari, familjar\u00ebt kan\u00eb humbur kontaktin prej&#8230;"},"content":{"rendered":"<div class=\"first-paragraph\">\n<p>Nj\u00eb 49-vje\u00e7ar nga Tirana, Naim Likometi, \u00ebsht\u00eb shpallur i humbur q\u00eb prej m\u00ebngjesit t\u00eb djesh\u00ebm n\u00eb Ksamil.<\/p>\n<p>Familjar\u00ebt e tij jan\u00eb n\u00eb ankth dhe k\u00ebrkojn\u00eb ndihm\u00ebn e qytetar\u00ebve p\u00ebr t\u00eb gjetur ndonj\u00eb gjurm\u00eb t\u00eb tij.<\/p>\n<\/div>\n<p>Sipas informacioneve, Naim Likometi, i cili \u00ebsht\u00eb rezident n\u00eb Tiran\u00eb, por zot\u00ebron edhe nj\u00eb sht\u00ebpi n\u00eb Ksamil, \u00ebsht\u00eb larguar nga banesa e tij n\u00eb or\u00ebn 06:00 t\u00eb m\u00ebngjesit t\u00eb djesh\u00ebm dhe q\u00eb nga ai moment nuk dihet m\u00eb asgj\u00eb p\u00ebr t\u00eb.<\/p>\n<p>Telefoni i tij celular ka qen\u00eb i hapur deri n\u00eb or\u00ebn 16:00, por ai nuk i \u00ebsht\u00eb p\u00ebrgjigjur askujt, dhe m\u00eb pas aparati \u00ebsht\u00eb fikur.<\/p>\n<p>Familjar\u00ebt dhe miqt\u00eb e tij b\u00ebjn\u00eb thirrje p\u00ebr k\u00ebdo q\u00eb mund t\u00eb ket\u00eb informacion mbi vendndodhjen e tij q\u00eb t\u00eb kontaktoj\u00eb menj\u00ebher\u00eb me autoritetet ose me numrat\u00a0 e familjar\u00ebve: 0694575601 dhe\u00a0 0682190964.<\/p>\n","protected":false},"excerpt":{"rendered":"<p>Nj\u00eb 49-vje\u00e7ar nga Tirana, Naim Likometi, \u00ebsht\u00eb shpallur i humbur q\u00eb prej m\u00ebngjesit t\u00eb djesh\u00ebm n\u00eb Ksamil. Familjar\u00ebt e tij jan\u00eb n\u00eb ankth dhe k\u00ebrkojn\u00eb ndihm\u00ebn e qytetar\u00ebve p\u00ebr t\u00eb gjetur ndonj\u00eb gjurm\u00eb t\u00eb tij. Sipas informacioneve, Naim Likometi, i cili \u00ebsht\u00eb rezident n\u00eb Tiran\u00eb, por zot\u00ebron edhe nj\u00eb sht\u00ebpi n\u00eb Ksamil, \u00ebsht\u00eb larguar nga [&hellip;]<\/p>\n","protected":false},"author":5,"featured_media":85242,"comment_status":"closed","ping_status":"closed","sticky":false,"template":"","format":"standard","meta":{"footnotes":""},"categories":[1,6332,29228],"tags":[35276,35277],"class_list":{"0":"post-85241","1":"post","2":"type-post","3":"status-publish","4":"format-standard","5":"has-post-thumbnail","7":"category-aktualitet","8":"category-te-fundit","9":"category-vendi","10":"tag-emri-foto-humb-49-vjecari","11":"tag-familjaret-skane-pasur-asnje-kontakt-me-te-prej"},"_links":{"self":[{"href":"https:\/\/jugulajm.net\/index.php?rest_route=\/wp\/v2\/posts\/85241","targetHints":{"allow":["GET"]}}],"collection":[{"href":"https:\/\/jugulajm.net\/index.php?rest_route=\/wp\/v2\/posts"}],"about":[{"href":"https:\/\/jugulajm.net\/index.php?rest_route=\/wp\/v2\/types\/post"}],"author":[{"embeddable":true,"href":"https:\/\/jugulajm.net\/index.php?rest_route=\/wp\/v2\/users\/5"}],"replies":[{"embeddable":true,"href":"https:\/\/jugulajm.net\/index.php?rest_route=%2Fwp%2Fv2%2Fcomments&post=85241"}],"version-history":[{"count":1,"href":"https:\/\/jugulajm.net\/index.php?rest_route=\/wp\/v2\/posts\/85241\/revisions"}],"predecessor-version":[{"id":85243,"href":"https:\/\/jugulajm.net\/index.php?rest_route=\/wp\/v2\/posts\/85241\/revisions\/85243"}],"wp:featuredmedia":[{"embeddable":true,"href":"https:\/\/jugulajm.net\/index.php?rest_route=\/wp\/v2\/media\/85242"}],"wp:attachment":[{"href":"https:\/\/jugulajm.net\/index.php?rest_route=%2Fwp%2Fv2%2Fmedia&parent=85241"}],"wp:term":[{"taxonomy":"category","embeddable":true,"href":"https:\/\/jugulajm.net\/index.php?rest_route=%2Fwp%2Fv2%2Fcategories&post=85241"},{"taxonomy":"post_tag","embeddable":true,"href":"https:\/\/jugulajm.net\/index.php?rest_route=%2Fwp%2Fv2%2Ftags&post=85241"}],"curies":[{"name":"wp","href":"https:\/\/api.w.org\/{rel}","templated":true}]}}