{"id":85233,"date":"2025-03-09T15:13:34","date_gmt":"2025-03-09T14:13:34","guid":{"rendered":"https:\/\/jugulajm.net\/?p=85233"},"modified":"2025-03-09T15:13:34","modified_gmt":"2025-03-09T14:13:34","slug":"prangoset-ne-tepelene-32-vjecari-ishte-shpallur-ne-kerkim-per","status":"publish","type":"post","link":"https:\/\/jugulajm.net\/?p=85233","title":{"rendered":"Prangoset n\u00eb Tepelen\u00eb 32-vje\u00e7ari, ishte shpallur n\u00eb k\u00ebrkim p\u00ebr&#8230;"},"content":{"rendered":"<p>Nj\u00eb 32-vje\u00e7ar u arrestua n\u00eb Tepelen\u00eb, n\u00eb kuad\u00ebr t\u00eb operacionit policor t\u00eb koduar \u201cWanted 2\u201d.<\/p>\n<p>Ky shtetas ishte shpallur n\u00eb k\u00ebrkim pasi Gjykata e Shkall\u00ebs s\u00eb Par\u00eb e Juridiksionit t\u00eb P\u00ebrgjithsh\u00ebm Kor\u00e7\u00eb, me vendimin e dat\u00ebs 07.03.2025, i ka caktuar mas\u00ebn e siguris\u00eb \u201cArrest n\u00eb burg\u201d, p\u00ebr vepr\u00ebn penale \u201dNdihma p\u00ebr kalim t\u00eb paligjsh\u00ebm t\u00eb kufijve\u201d, kryer n\u00eb bashk\u00ebpunim.<\/p>\n<p>&#8220;Specialist\u00ebt e Seksionit p\u00ebr Hetimin e Trafiqeve dhe Narkotik\u00ebve, n\u00eb bashk\u00ebpunim me Seksionin Operacional, t\u00eb DVP Gjirokast\u00ebr, bazuar n\u00eb informacionet e siguruara nga inteligjenca policore, p\u00ebr vendndodhjen e nj\u00eb shtetasi n\u00eb k\u00ebrkim, kan\u00eb organizuar dhe finalizuar operacionin policor t\u00eb koduar \u201cWanted 2\u201d.<\/p>\n<p>Gjat\u00eb k\u00ebtij operacioni, u kap n\u00eb Tepelen\u00eb, dhe u vu n\u00eb pranga shtetasi K. Q., 32 vje\u00e7, banues n\u00eb fshatin Luzat.<\/p>\n<p>Ky shtetas ishte shpallur n\u00eb k\u00ebrkim pasi Gjykata e Shkall\u00ebs s\u00eb Par\u00eb e Juridiksionit t\u00eb P\u00ebrgjithsh\u00ebm Kor\u00e7\u00eb, me vendimin e dat\u00ebs 07.03.2025, i ka caktuar mas\u00ebn e siguris\u00eb \u201cArrest n\u00eb burg\u201d, p\u00ebr vepr\u00ebn penale \u201dNdihma p\u00ebr kalim t\u00eb paligjsh\u00ebm t\u00eb kufijve\u201d, kryer n\u00eb bashk\u00ebpunim&#8221;, thuhet n\u00eb njoftimin e policis\u00eb.<\/p>\n","protected":false},"excerpt":{"rendered":"<p>Nj\u00eb 32-vje\u00e7ar u arrestua n\u00eb Tepelen\u00eb, n\u00eb kuad\u00ebr t\u00eb operacionit policor t\u00eb koduar \u201cWanted 2\u201d. Ky shtetas ishte shpallur n\u00eb k\u00ebrkim pasi Gjykata e Shkall\u00ebs s\u00eb Par\u00eb e Juridiksionit t\u00eb P\u00ebrgjithsh\u00ebm Kor\u00e7\u00eb, me vendimin e dat\u00ebs 07.03.2025, i ka caktuar mas\u00ebn e siguris\u00eb \u201cArrest n\u00eb burg\u201d, p\u00ebr vepr\u00ebn penale \u201dNdihma p\u00ebr kalim t\u00eb paligjsh\u00ebm t\u00eb [&hellip;]<\/p>\n","protected":false},"author":5,"featured_media":52023,"comment_status":"closed","ping_status":"closed","sticky":false,"template":"","format":"standard","meta":{"footnotes":""},"categories":[1,6332,29228],"tags":[32479,35272],"class_list":{"0":"post-85233","1":"post","2":"type-post","3":"status-publish","4":"format-standard","5":"has-post-thumbnail","7":"category-aktualitet","8":"category-te-fundit","9":"category-vendi","10":"tag-ishte-shpallur-ne-kerkim-per","11":"tag-prangoset-ne-tepelene-32-vjecari"},"_links":{"self":[{"href":"https:\/\/jugulajm.net\/index.php?rest_route=\/wp\/v2\/posts\/85233","targetHints":{"allow":["GET"]}}],"collection":[{"href":"https:\/\/jugulajm.net\/index.php?rest_route=\/wp\/v2\/posts"}],"about":[{"href":"https:\/\/jugulajm.net\/index.php?rest_route=\/wp\/v2\/types\/post"}],"author":[{"embeddable":true,"href":"https:\/\/jugulajm.net\/index.php?rest_route=\/wp\/v2\/users\/5"}],"replies":[{"embeddable":true,"href":"https:\/\/jugulajm.net\/index.php?rest_route=%2Fwp%2Fv2%2Fcomments&post=85233"}],"version-history":[{"count":1,"href":"https:\/\/jugulajm.net\/index.php?rest_route=\/wp\/v2\/posts\/85233\/revisions"}],"predecessor-version":[{"id":85234,"href":"https:\/\/jugulajm.net\/index.php?rest_route=\/wp\/v2\/posts\/85233\/revisions\/85234"}],"wp:featuredmedia":[{"embeddable":true,"href":"https:\/\/jugulajm.net\/index.php?rest_route=\/wp\/v2\/media\/52023"}],"wp:attachment":[{"href":"https:\/\/jugulajm.net\/index.php?rest_route=%2Fwp%2Fv2%2Fmedia&parent=85233"}],"wp:term":[{"taxonomy":"category","embeddable":true,"href":"https:\/\/jugulajm.net\/index.php?rest_route=%2Fwp%2Fv2%2Fcategories&post=85233"},{"taxonomy":"post_tag","embeddable":true,"href":"https:\/\/jugulajm.net\/index.php?rest_route=%2Fwp%2Fv2%2Ftags&post=85233"}],"curies":[{"name":"wp","href":"https:\/\/api.w.org\/{rel}","templated":true}]}}