{"id":85203,"date":"2025-03-08T15:41:23","date_gmt":"2025-03-08T14:41:23","guid":{"rendered":"https:\/\/jugulajm.net\/?p=85203"},"modified":"2025-03-08T15:41:23","modified_gmt":"2025-03-08T14:41:23","slug":"foto-8-marsi-marshim-ne-shesh-mos-ma-prek-lirine","status":"publish","type":"post","link":"https:\/\/jugulajm.net\/?p=85203","title":{"rendered":"FOTO\/ 8 Marsi, marshim n\u00eb shesh: Mos ma prek lirin\u00eb!"},"content":{"rendered":"<p>Nj\u00eb marshim i grave dhe vajzave u zhvillua sot n\u00eb kryeqytet me rastin e 8 Marsit, ku vihet re edhe pjes\u00ebmarrje e burrave.<\/p>\n<p>Fillimisht marshimi ka nisur n\u00eb zon\u00ebn e ish-Bllokut p\u00ebr t\u00eb tu ndalur m\u00eb pas p\u00ebrpara Kryeministris\u00eb.<\/p>\n<p>Pankartat q\u00eb mbanin n\u00eb duar t\u00eb pranishmit e kishin theksin n\u00eb krimet e kryera ndaj grave, ku cil\u00ebsohet se krimet ndaj grave n\u00eb shumic\u00ebn e tyre nuk jan\u00eb krime pasioni si\u00e7 cil\u00ebsohen.<\/p>\n<p><em>\u201cNuk \u00ebsht\u00eb krim pasioni, \u00ebsht\u00eb Femicid\u201d, \u201cMos ma prek lirin\u00eb\u201d, \u201cKjo jet\u00eb \u00ebsht\u00eb e jona, nuk e falim, nuk lejojm\u00eb t\u00eb na ndalin\u201d,<\/em>\u00a0thuhen n\u00eb pankarta.<\/p>\n<p><img loading=\"lazy\" loading=\"lazy\" decoding=\"async\" class=\"alignnone size-medium wp-image-1517105\" src=\"https:\/\/boldnews.al\/wp-content\/uploads\/2025\/03\/protesta-8-mars-693x450-1-640x416.jpg\" sizes=\"auto, (max-width: 640px) 100vw, 640px\" srcset=\"https:\/\/boldnews.al\/wp-content\/uploads\/2025\/03\/protesta-8-mars-693x450-1-640x416.jpg 640w, https:\/\/boldnews.al\/wp-content\/uploads\/2025\/03\/protesta-8-mars-693x450-1.jpg 693w\" alt=\"\" width=\"640\" height=\"416\" data-pin-no-hover=\"true\" \/><\/p>\n","protected":false},"excerpt":{"rendered":"<p>Nj\u00eb marshim i grave dhe vajzave u zhvillua sot n\u00eb kryeqytet me rastin e 8 Marsit, ku vihet re edhe pjes\u00ebmarrje e burrave. Fillimisht marshimi ka nisur n\u00eb zon\u00ebn e ish-Bllokut p\u00ebr t\u00eb tu ndalur m\u00eb pas p\u00ebrpara Kryeministris\u00eb. Pankartat q\u00eb mbanin n\u00eb duar t\u00eb pranishmit e kishin theksin n\u00eb krimet e kryera ndaj grave, [&hellip;]<\/p>\n","protected":false},"author":5,"featured_media":85204,"comment_status":"closed","ping_status":"closed","sticky":false,"template":"","format":"standard","meta":{"footnotes":""},"categories":[1,6332,29228],"tags":[35256,35257],"class_list":{"0":"post-85203","1":"post","2":"type-post","3":"status-publish","4":"format-standard","5":"has-post-thumbnail","7":"category-aktualitet","8":"category-te-fundit","9":"category-vendi","10":"tag-foto-8-marsi","11":"tag-marshim-ne-shesh-mos-ma-prek-lirine"},"_links":{"self":[{"href":"https:\/\/jugulajm.net\/index.php?rest_route=\/wp\/v2\/posts\/85203","targetHints":{"allow":["GET"]}}],"collection":[{"href":"https:\/\/jugulajm.net\/index.php?rest_route=\/wp\/v2\/posts"}],"about":[{"href":"https:\/\/jugulajm.net\/index.php?rest_route=\/wp\/v2\/types\/post"}],"author":[{"embeddable":true,"href":"https:\/\/jugulajm.net\/index.php?rest_route=\/wp\/v2\/users\/5"}],"replies":[{"embeddable":true,"href":"https:\/\/jugulajm.net\/index.php?rest_route=%2Fwp%2Fv2%2Fcomments&post=85203"}],"version-history":[{"count":1,"href":"https:\/\/jugulajm.net\/index.php?rest_route=\/wp\/v2\/posts\/85203\/revisions"}],"predecessor-version":[{"id":85205,"href":"https:\/\/jugulajm.net\/index.php?rest_route=\/wp\/v2\/posts\/85203\/revisions\/85205"}],"wp:featuredmedia":[{"embeddable":true,"href":"https:\/\/jugulajm.net\/index.php?rest_route=\/wp\/v2\/media\/85204"}],"wp:attachment":[{"href":"https:\/\/jugulajm.net\/index.php?rest_route=%2Fwp%2Fv2%2Fmedia&parent=85203"}],"wp:term":[{"taxonomy":"category","embeddable":true,"href":"https:\/\/jugulajm.net\/index.php?rest_route=%2Fwp%2Fv2%2Fcategories&post=85203"},{"taxonomy":"post_tag","embeddable":true,"href":"https:\/\/jugulajm.net\/index.php?rest_route=%2Fwp%2Fv2%2Ftags&post=85203"}],"curies":[{"name":"wp","href":"https:\/\/api.w.org\/{rel}","templated":true}]}}