{"id":85181,"date":"2025-03-07T21:49:51","date_gmt":"2025-03-07T20:49:51","guid":{"rendered":"https:\/\/jugulajm.net\/?p=85181"},"modified":"2025-03-07T21:50:13","modified_gmt":"2025-03-07T20:50:13","slug":"paralajmerimi-2-politikane-te-njohur-njeri-nga-ps-e-tjetri-nga-pd-do-te-arrestohen","status":"publish","type":"post","link":"https:\/\/jugulajm.net\/?p=85181","title":{"rendered":"Paralajm\u00ebrimi: 2 politikan\u00eb t\u00eb njohur, nj\u00ebri nga PS e tjetri nga PD do t\u00eb arrestohen"},"content":{"rendered":"<p>Politologu, Shpend Gashi, paralajm\u00ebroi se dy emra t\u00eb njohur, nj\u00ebri nga e majta dhe tjetri nga opozita, priten t\u00eb bien n\u00eb \u2018gijotin\u00ebn\u2019 e SPAK para zgjedhjeve t\u00eb 11 majit.<\/p>\n<p>Gashi tha se kjo \u00ebsht\u00eb arsyeja pse Edi Rama ka marr\u00eb vendimin p\u00ebr mbylljen e TikTok p\u00ebr t\u00eb t\u00ebrhequr v\u00ebmendjen.<\/p>\n<p>\u201cDuke marr\u00eb parasysh se vendimin e jep nj\u00eb kafsh\u00eb politike si Edi Rama, nuk mund t\u2019i shmanget arsyeja e p\u00ebrdorimit elektoral.<\/p>\n<p>Mediat po presin \u00e7do dit\u00eb p\u00ebr t\u00eb m\u00ebsuar emrin e radh\u00ebs q\u00eb do t\u00eb lidhet me nj\u00eb arrestim t\u00eb mundsh\u00ebm, si\u00e7 jan\u00eb Balluku dhe Balla.<\/p>\n<p>Dje dol\u00ebn lajme n\u00eb TikTok p\u00ebr t\u00eb dy, t\u00eb cilat m\u00eb pas u p\u00ebrg\u00ebnjeshtruan nga SPAK,\u201d tha Gashi, n\u00eb studion e News24.<\/p>\n<p>Ai n\u00ebnvizoi se nj\u00eb em\u00ebr i njohur nga e majta dhe nj\u00eb tjet\u00ebr nga e djathta pritet t\u00eb bien n\u00eb gijotin\u00ebn e SPAK, duke shtuar se p\u00ebr t\u2019i shp\u00ebtuar efektit elektoral t\u00eb goditjes ndaj nj\u00eb eksponenti t\u00eb r\u00ebnd\u00ebsish\u00ebm politik, qeveria ka vendosur t\u00eb hap\u00eb \u201ctymnaj\u00ebn\u201d e mbylljes s\u00eb TikTok.<\/p>\n","protected":false},"excerpt":{"rendered":"<p>Politologu, Shpend Gashi, paralajm\u00ebroi se dy emra t\u00eb njohur, nj\u00ebri nga e majta dhe tjetri nga opozita, priten t\u00eb bien n\u00eb \u2018gijotin\u00ebn\u2019 e SPAK para zgjedhjeve t\u00eb 11 majit. Gashi tha se kjo \u00ebsht\u00eb arsyeja pse Edi Rama ka marr\u00eb vendimin p\u00ebr mbylljen e TikTok p\u00ebr t\u00eb t\u00ebrhequr v\u00ebmendjen. \u201cDuke marr\u00eb parasysh se vendimin e [&hellip;]<\/p>\n","protected":false},"author":5,"featured_media":85182,"comment_status":"closed","ping_status":"closed","sticky":false,"template":"","format":"standard","meta":{"footnotes":""},"categories":[1,6326,6332,29228],"tags":[35248,35247],"class_list":{"0":"post-85181","1":"post","2":"type-post","3":"status-publish","4":"format-standard","5":"has-post-thumbnail","7":"category-aktualitet","8":"category-politike","9":"category-te-fundit","10":"category-vendi","11":"tag-njeri-nga-ps-e-tjetri-nga-pd-do-te-arrestohen","12":"tag-paralajmerimi-2-politikane-te-njohur"},"_links":{"self":[{"href":"https:\/\/jugulajm.net\/index.php?rest_route=\/wp\/v2\/posts\/85181","targetHints":{"allow":["GET"]}}],"collection":[{"href":"https:\/\/jugulajm.net\/index.php?rest_route=\/wp\/v2\/posts"}],"about":[{"href":"https:\/\/jugulajm.net\/index.php?rest_route=\/wp\/v2\/types\/post"}],"author":[{"embeddable":true,"href":"https:\/\/jugulajm.net\/index.php?rest_route=\/wp\/v2\/users\/5"}],"replies":[{"embeddable":true,"href":"https:\/\/jugulajm.net\/index.php?rest_route=%2Fwp%2Fv2%2Fcomments&post=85181"}],"version-history":[{"count":2,"href":"https:\/\/jugulajm.net\/index.php?rest_route=\/wp\/v2\/posts\/85181\/revisions"}],"predecessor-version":[{"id":85184,"href":"https:\/\/jugulajm.net\/index.php?rest_route=\/wp\/v2\/posts\/85181\/revisions\/85184"}],"wp:featuredmedia":[{"embeddable":true,"href":"https:\/\/jugulajm.net\/index.php?rest_route=\/wp\/v2\/media\/85182"}],"wp:attachment":[{"href":"https:\/\/jugulajm.net\/index.php?rest_route=%2Fwp%2Fv2%2Fmedia&parent=85181"}],"wp:term":[{"taxonomy":"category","embeddable":true,"href":"https:\/\/jugulajm.net\/index.php?rest_route=%2Fwp%2Fv2%2Fcategories&post=85181"},{"taxonomy":"post_tag","embeddable":true,"href":"https:\/\/jugulajm.net\/index.php?rest_route=%2Fwp%2Fv2%2Ftags&post=85181"}],"curies":[{"name":"wp","href":"https:\/\/api.w.org\/{rel}","templated":true}]}}