{"id":85175,"date":"2025-03-07T19:10:39","date_gmt":"2025-03-07T18:10:39","guid":{"rendered":"https:\/\/jugulajm.net\/?p=85175"},"modified":"2025-03-07T19:15:13","modified_gmt":"2025-03-07T18:15:13","slug":"alushi-58-vjecari-nga-saranda-ka-48-vjet-duke-vrapuar-ne-maratona","status":"publish","type":"post","link":"https:\/\/jugulajm.net\/?p=85175","title":{"rendered":"Alushi, 58-vje\u00e7ari nga Saranda ka 48-vjet duke vrapuar n\u00eb maratona"},"content":{"rendered":"<p data-start=\"270\" data-end=\"420\">Alush \u00c7ukari nga Saranda \u00ebsht\u00eb shembulli i asaj se si pasioni nuk duhet kurrsesi t\u00eb l\u00ebshohet, pasi prej afro 5 dekadash i \u00ebsht\u00eb p\u00ebrkushtuar atletik\u00ebs.<\/p>\n<p data-start=\"422\" data-end=\"497\">Ai nuk mundi t\u00eb b\u00ebhej nj\u00eb sportist profesionist, por kurrsesi nuk heq dor\u00eb pasi prej 48 vitesh merr pjes\u00eb rregullisht n\u00eb maratonat e vrapit, pasi atletika \u00ebsht\u00eb pasioni i tij m\u00eb i madh.<\/p>\n<p data-start=\"422\" data-end=\"497\">Ai tregon kur e nisi k\u00ebt\u00eb sport, si dhe sfidat q\u00eb e presin n\u00eb vijim.<\/p>\n<p data-start=\"499\" data-end=\"833\">\u201cKa filluar kur isha nx\u00ebn\u00ebs n\u00eb 8-vje\u00e7are, e kam pasur pasion atletik\u00ebn dhe aktivitetin e krosit e maratonat. Gjithmon\u00eb kam qen\u00eb pjes\u00ebmarr\u00ebs. Sporti p\u00ebr mua \u00ebsht\u00eb sh\u00ebndet-jet\u00eb, kur vrapoj ndihem i lumtur dhe e kam t\u00eb domosdoshme. E kam ushqim st\u00ebrvitjen dhe jam i detyruar t\u00eb vrapoj sa t\u00eb kem mund\u00ebsi,\u201d thot\u00eb maratonomaku Alush \u00c7ukari.<\/p>\n<p data-start=\"835\" data-end=\"954\">Maratona e fundit p\u00ebr 58-vje\u00e7arin ishte ajo e Napolit p\u00ebr moshat mbi 55 vje\u00e7, ku u rendit i 32-ti nga mbi 6000 vrapues.<\/p>\n<p data-start=\"956\" data-end=\"1291\">\u201cM\u00eb 23 shkurt 2025 u zhvillua maratona e Napolit 21 km, p\u00ebr femra dhe meshkuj p\u00ebr \u00e7do mosh\u00eb. N\u00eb k\u00ebt\u00eb maraton\u00eb u informova p\u00ebr t\u00eb marr\u00eb pjes\u00eb, pasi mbahet vit p\u00ebr vit n\u00eb Napoli. Shkova me d\u00ebshir\u00eb dhe me fanell\u00ebn \u2018Sarand\u00eb Albania\u2019, duke marr\u00eb pjes\u00eb dhe zura vendin e 32-t\u00eb. Ishte nj\u00eb vend nderi p\u00ebr mua,\u201d thot\u00eb maratonomaku Alush \u00c7ukari.<\/p>\n<p data-start=\"1293\" data-end=\"1403\">Alush \u00c7ukari nuk ka munguar as n\u00eb maratonat e zhvilluara n\u00eb vendin ton\u00eb, nd\u00ebrsa sporti p\u00ebr t\u00eb \u00ebsht\u00eb vet\u00eb jeta.<\/p>\n<p data-start=\"1405\" data-end=\"1796\">\u201cKam vrapuar 3 maratona individuale nga Saranda n\u00eb Tiran\u00eb me 9 segmente, nga Muzina, Sarand\u00eb-Vlor\u00eb 5 segmente dhe Sarand\u00eb-P\u00ebrmet. Kam marr\u00eb pjes\u00eb 3 her\u00eb n\u00eb maratonat e Tiran\u00ebs, 10 dhe 20 km. E konsideroj sportin ushqim t\u00eb p\u00ebrditsh\u00ebm, si ai q\u00eb ham\u00eb. E kam ushqim p\u00ebr sh\u00ebndetin tim, pasi sporti m\u00eb mban gjall\u00eb. Vrapo, vrapo, rend o maratonomak, rend dhe jeto,\u201d thot\u00eb maratonomaku Alush \u00c7ukari.<\/p>\n<p data-start=\"1798\" data-end=\"1919\">Aktiviteti i radh\u00ebs zhvillohet n\u00eb Firence m\u00eb 6 prill, ku Alush \u00c7ukari do t\u00eb provoj\u00eb t\u00eb marr\u00eb nj\u00eb tjet\u00ebr rezultat pozitiv.<\/p>\n","protected":false},"excerpt":{"rendered":"<p>Alush \u00c7ukari nga Saranda \u00ebsht\u00eb shembulli i asaj se si pasioni nuk duhet kurrsesi t\u00eb l\u00ebshohet, pasi prej afro 5 dekadash i \u00ebsht\u00eb p\u00ebrkushtuar atletik\u00ebs. Ai nuk mundi t\u00eb b\u00ebhej nj\u00eb sportist profesionist, por kurrsesi nuk heq dor\u00eb pasi prej 48 vitesh merr pjes\u00eb rregullisht n\u00eb maratonat e vrapit, pasi atletika \u00ebsht\u00eb pasioni i tij [&hellip;]<\/p>\n","protected":false},"author":5,"featured_media":85178,"comment_status":"closed","ping_status":"closed","sticky":false,"template":"","format":"standard","meta":{"footnotes":""},"categories":[6334,6332,29228],"tags":[35244,35243],"class_list":{"0":"post-85175","1":"post","2":"type-post","3":"status-publish","4":"format-standard","5":"has-post-thumbnail","7":"category-sport","8":"category-te-fundit","9":"category-vendi","10":"tag-58-vjecari-nga-saranda-ka-48-vjet-duke-vrapuar-ne-maratona","11":"tag-alushi"},"_links":{"self":[{"href":"https:\/\/jugulajm.net\/index.php?rest_route=\/wp\/v2\/posts\/85175","targetHints":{"allow":["GET"]}}],"collection":[{"href":"https:\/\/jugulajm.net\/index.php?rest_route=\/wp\/v2\/posts"}],"about":[{"href":"https:\/\/jugulajm.net\/index.php?rest_route=\/wp\/v2\/types\/post"}],"author":[{"embeddable":true,"href":"https:\/\/jugulajm.net\/index.php?rest_route=\/wp\/v2\/users\/5"}],"replies":[{"embeddable":true,"href":"https:\/\/jugulajm.net\/index.php?rest_route=%2Fwp%2Fv2%2Fcomments&post=85175"}],"version-history":[{"count":1,"href":"https:\/\/jugulajm.net\/index.php?rest_route=\/wp\/v2\/posts\/85175\/revisions"}],"predecessor-version":[{"id":85177,"href":"https:\/\/jugulajm.net\/index.php?rest_route=\/wp\/v2\/posts\/85175\/revisions\/85177"}],"wp:featuredmedia":[{"embeddable":true,"href":"https:\/\/jugulajm.net\/index.php?rest_route=\/wp\/v2\/media\/85178"}],"wp:attachment":[{"href":"https:\/\/jugulajm.net\/index.php?rest_route=%2Fwp%2Fv2%2Fmedia&parent=85175"}],"wp:term":[{"taxonomy":"category","embeddable":true,"href":"https:\/\/jugulajm.net\/index.php?rest_route=%2Fwp%2Fv2%2Fcategories&post=85175"},{"taxonomy":"post_tag","embeddable":true,"href":"https:\/\/jugulajm.net\/index.php?rest_route=%2Fwp%2Fv2%2Ftags&post=85175"}],"curies":[{"name":"wp","href":"https:\/\/api.w.org\/{rel}","templated":true}]}}