{"id":85134,"date":"2025-03-06T09:33:03","date_gmt":"2025-03-06T08:33:03","guid":{"rendered":"https:\/\/jugulajm.net\/?p=85134"},"modified":"2025-03-06T09:33:03","modified_gmt":"2025-03-06T08:33:03","slug":"vota-e-diaspores-ekspertet-do-te-kete-ndikim-ne-rreth-20-mandate-parlamentare","status":"publish","type":"post","link":"https:\/\/jugulajm.net\/?p=85134","title":{"rendered":"Vota e diaspor\u00ebs, ekspert\u00ebt: Do t\u00eb ket\u00eb ndikim n\u00eb rreth 20 mandate parlamentare"},"content":{"rendered":"<p>Regjistrimi i shqiptar\u00ebve jasht\u00eb vendit p\u00ebr t\u00eb marr\u00eb pjes\u00eb n\u00eb zgjedhjet parlamentare t\u00eb 11 majit p\u00ebrfundoi t\u00eb mart\u00ebn, me 234 mij\u00eb votues t\u00eb regjistruar.<\/p>\n<p>Ky proces, i cili po zhvillohet p\u00ebr her\u00eb t\u00eb par\u00eb, tejkaloi pritshm\u00ebrit\u00eb fillestare, por mbetet i kufizuar, duke p\u00ebrfshir\u00eb vet\u00ebm 15-20% t\u00eb emigrant\u00ebve shqiptar\u00eb me t\u00eb drejt\u00eb vote.<\/p>\n<p>Sipas ekspert\u00ebve zgjedhor\u00eb, vota e emigrant\u00ebve do t\u00eb ndikoj\u00eb ndjesh\u00ebm n\u00eb rezultatin e zgjedhjeve, ve\u00e7an\u00ebrisht n\u00eb qarqet ku diferenca mes mandateve \u00ebsht\u00eb e vog\u00ebl.<\/p>\n<p>Kristaq Kume, drejtues i Institutit p\u00ebr Zhvillimin e Sistemeve Zgjedhore, thekson se shp\u00ebrndarja e mandateve n\u00eb disa qarqe mund t\u00eb ndryshoj\u00eb edhe me nj\u00eb diferenc\u00eb prej 50-100 votash.<\/p>\n<p>Nj\u00eb studim i Koalicionit p\u00ebr Reforma, Integrim dhe Institucione t\u00eb Konsoliduara (KRIIK) parashikon se votat nga diaspora do t\u00eb ndikojn\u00eb n\u00eb rreth 19-20 mandate n\u00eb t\u00eb 12 qarqet e vendit.<\/p>\n<p>Sipas k\u00ebtij studimi, Tirana pritet t\u00eb ndikohet m\u00eb s\u00eb shumti me 4 mandate, Fieri me 3, nd\u00ebrsa Durr\u00ebsi, Elbasani, Vlora dhe Shkodra me nga 2. Qarqet e tjera, si Berati, Kor\u00e7a, Gjirokastra dhe Lezha, do t\u00eb ndihen me nga 1 mandat, nd\u00ebrsa ndikimi n\u00eb Dib\u00ebr dhe Kuk\u00ebs pritet t\u00eb jet\u00eb i pap\u00ebrfillsh\u00ebm.<\/p>\n<p>Ekspert\u00ebt sugjerojn\u00eb se pjes\u00ebmarrja e emigrant\u00ebve n\u00eb zgjedhje do t\u00eb ishte m\u00eb e lart\u00eb n\u00ebse partit\u00eb politike do t\u00eb p\u00ebrfshinin figura t\u00eb njohura nga diaspora n\u00eb listat e tyre.<\/p>\n<p>N\u00eb k\u00ebt\u00eb m\u00ebnyr\u00eb, ata do t\u00eb ndiheshin m\u00eb t\u00eb p\u00ebrfaq\u00ebsuar dhe m\u00eb t\u00eb motivuar p\u00ebr t\u00eb marr\u00eb pjes\u00eb n\u00eb votim.<\/p>\n<p>Kristaq Kume thekson se nj\u00eb faktor ky\u00e7 do t\u00eb jet\u00eb vendosja e kandidat\u00ebve nga diaspora n\u00eb pjes\u00ebn e sip\u00ebrme t\u00eb listave, ku mund\u00ebsit\u00eb p\u00ebr t\u2019u zgjedhur jan\u00eb m\u00eb t\u00eb m\u00ebdha.<\/p>\n<p>\u201cUn\u00eb do t\u00eb isha m\u00eb i prirur t\u00eb votoja nj\u00eb kandidat bashk\u00ebqytetar emigrant sesa dik\u00eb q\u00eb jeton n\u00eb Shqip\u00ebri,\u201d shprehet ai.<\/p>\n<p>Nj\u00eb tjet\u00ebr sugjerim \u00ebsht\u00eb krijimi i nj\u00eb grupi parlamentar t\u00eb dedikuar p\u00ebr diaspor\u00ebn, p\u00ebr t\u00eb garantuar q\u00eb z\u00ebri i emigrant\u00ebve t\u00eb d\u00ebgjohet n\u00eb Kuvendin e Shqip\u00ebris\u00eb.<\/p>\n<p>KRIIK ka theksuar se idealja do t\u00eb ishte nj\u00eb p\u00ebrfaq\u00ebsim i dedikuar p\u00ebr emigrant\u00ebt, me deputet\u00eb t\u00eb zgjedhur posa\u00e7\u00ebrisht prej tyre.<\/p>\n<p>Tashm\u00eb, v\u00ebmendja \u00ebsht\u00eb e p\u00ebrqendruar tek listat e kandidat\u00ebve q\u00eb partit\u00eb politike do t\u00eb dor\u00ebzojn\u00eb deri m\u00eb 12 mars. Ekspert\u00ebt besojn\u00eb se ato parti q\u00eb do t\u00eb angazhojn\u00eb m\u00eb shum\u00eb kandidat\u00eb nga diaspora do t\u00eb jen\u00eb m\u00eb t\u00eb favorizuara p\u00ebr t\u00eb marr\u00eb vot\u00ebn e emigrant\u00ebve.<\/p>\n<p>Megjithat\u00eb, mbetet p\u00ebr t\u2019u par\u00eb se sa seriozisht partit\u00eb do ta trajtojn\u00eb k\u00ebt\u00eb aspekt dhe n\u00ebse diaspora do t\u00eb arrij\u00eb t\u00eb ket\u00eb nj\u00eb ndikim t\u00eb strukturuar n\u00eb politik\u00ebn shqiptare.<\/p>\n<p>Burimi : &#8220;VOA&#8221;<\/p>\n","protected":false},"excerpt":{"rendered":"<p>Regjistrimi i shqiptar\u00ebve jasht\u00eb vendit p\u00ebr t\u00eb marr\u00eb pjes\u00eb n\u00eb zgjedhjet parlamentare t\u00eb 11 majit p\u00ebrfundoi t\u00eb mart\u00ebn, me 234 mij\u00eb votues t\u00eb regjistruar. Ky proces, i cili po zhvillohet p\u00ebr her\u00eb t\u00eb par\u00eb, tejkaloi pritshm\u00ebrit\u00eb fillestare, por mbetet i kufizuar, duke p\u00ebrfshir\u00eb vet\u00ebm 15-20% t\u00eb emigrant\u00ebve shqiptar\u00eb me t\u00eb drejt\u00eb vote. Sipas ekspert\u00ebve zgjedhor\u00eb, [&hellip;]<\/p>\n","protected":false},"author":5,"featured_media":84754,"comment_status":"closed","ping_status":"closed","sticky":false,"template":"","format":"standard","meta":{"footnotes":""},"categories":[1,6332],"tags":[35225,35224],"class_list":{"0":"post-85134","1":"post","2":"type-post","3":"status-publish","4":"format-standard","5":"has-post-thumbnail","7":"category-aktualitet","8":"category-te-fundit","9":"tag-ekspertet-pritet-ndikim-ne-rreth-20-mandate-parlamentare","10":"tag-vota-e-diaspores"},"_links":{"self":[{"href":"https:\/\/jugulajm.net\/index.php?rest_route=\/wp\/v2\/posts\/85134","targetHints":{"allow":["GET"]}}],"collection":[{"href":"https:\/\/jugulajm.net\/index.php?rest_route=\/wp\/v2\/posts"}],"about":[{"href":"https:\/\/jugulajm.net\/index.php?rest_route=\/wp\/v2\/types\/post"}],"author":[{"embeddable":true,"href":"https:\/\/jugulajm.net\/index.php?rest_route=\/wp\/v2\/users\/5"}],"replies":[{"embeddable":true,"href":"https:\/\/jugulajm.net\/index.php?rest_route=%2Fwp%2Fv2%2Fcomments&post=85134"}],"version-history":[{"count":1,"href":"https:\/\/jugulajm.net\/index.php?rest_route=\/wp\/v2\/posts\/85134\/revisions"}],"predecessor-version":[{"id":85135,"href":"https:\/\/jugulajm.net\/index.php?rest_route=\/wp\/v2\/posts\/85134\/revisions\/85135"}],"wp:featuredmedia":[{"embeddable":true,"href":"https:\/\/jugulajm.net\/index.php?rest_route=\/wp\/v2\/media\/84754"}],"wp:attachment":[{"href":"https:\/\/jugulajm.net\/index.php?rest_route=%2Fwp%2Fv2%2Fmedia&parent=85134"}],"wp:term":[{"taxonomy":"category","embeddable":true,"href":"https:\/\/jugulajm.net\/index.php?rest_route=%2Fwp%2Fv2%2Fcategories&post=85134"},{"taxonomy":"post_tag","embeddable":true,"href":"https:\/\/jugulajm.net\/index.php?rest_route=%2Fwp%2Fv2%2Ftags&post=85134"}],"curies":[{"name":"wp","href":"https:\/\/api.w.org\/{rel}","templated":true}]}}