{"id":85111,"date":"2025-03-05T09:35:24","date_gmt":"2025-03-05T08:35:24","guid":{"rendered":"https:\/\/jugulajm.net\/?p=85111"},"modified":"2025-03-05T10:05:18","modified_gmt":"2025-03-05T09:05:18","slug":"lajm-i-fundit-pritet-doreheqja-e-termet-pecit-ja-arsyeja","status":"publish","type":"post","link":"https:\/\/jugulajm.net\/?p=85111","title":{"rendered":"LAJM I FUNDIT!!! Pritet dor\u00ebheqja e T\u00ebrmet Pe\u00e7it, ja arsyeja&#8230;"},"content":{"rendered":"<p>Kryebashkiaku i Tepelenes, Termet Pe\u00e7i, pritet te jape doreheqjen brenda kesaj jave.<\/p>\n<p>Arsyeja eshte kerkesa qe i ka bere kryeministri Edi Rama, per te qene ne listen e kandidateve per deputete ne Qarkun e Gjirokastres.<\/p>\n<p>Kjo levizje nxitet nga nevojshmeria qe ka PS ne Qarkun e Gjirokastres per te fituar me patjeter 3 deputete ne zgjedhjet e ardhshme te 11 majit.<\/p>\n<p>Duke ditur se Mirela Kumbaro nuk ngjall asnje shprese dhe me kuota dramatikisht te uleta tek socialistet dhe gjithashtu neverine qe ka nxitur tek socialistet e thjeshte per veprimet arbitrare, qe ka bere se bashku me Golemin e Gjirokastres, Rama e ka pare te arsyeshme qe te hedhe ne fushen e lojes hambarin e votave te socialisteve, sikurse eshte Termet Pe\u00e7i nje figure e dashur tek socialistet tepelenas e me gjere.<\/p>\n<p>Termet Pe\u00e7i perzgjidhet ne kete rast nga Rama per dy arsye.<\/p>\n<p>E para, pasi pas 2 vitesh ai nuk do te kete me mundesi te rikandidoje si kryebashkiak, pasi nuk e lejon kushtetuta dhe e dyta, pasi T\u00ebrmet Pe\u00e7i ne te gjitha perballjet elektorale ne Tepelene qysh prej vitit 2011, qe kandidoi per here te pare dhe deri dy vite te shkuara, ka fituar me nje diference te thelle votash karshi kandidateve te opozites.<\/p>\n<p>Kjo ka nxitur Ramen qe te tentoje per te \u00e7entruar deputetin e trete ne listen e kandidateve ne Qarkun e Gjirokastres.<\/p>\n<p>Pe\u00e7i do te jete ne listen e hapur, nderkohe qe ngelet ende e paqarte nese ne kete liste do te jete Kumbaro apo\u00a0 ajo do te jete ne listen e sigurt.<\/p>\n<p>Spekulohet se kryesuese e kesaj liste, qe do te jete dhe ne listen e sigurt do te jete Megi Fino, vajza e ish-kryebashkiakut te Gjirokastres, Bashkim Finos, e cila aktualisht mban postin e zv-ministres se jashtme.<\/p>\n","protected":false},"excerpt":{"rendered":"<p>Kryebashkiaku i Tepelenes, Termet Pe\u00e7i, pritet te jape doreheqjen brenda kesaj jave. Arsyeja eshte kerkesa qe i ka bere kryeministri Edi Rama, per te qene ne listen e kandidateve per deputete ne Qarkun e Gjirokastres. Kjo levizje nxitet nga nevojshmeria qe ka PS ne Qarkun e Gjirokastres per te fituar me patjeter 3 deputete ne [&hellip;]<\/p>\n","protected":false},"author":5,"featured_media":85112,"comment_status":"closed","ping_status":"closed","sticky":false,"template":"","format":"standard","meta":{"footnotes":""},"categories":[6326,6332,29228],"tags":[30387,35217],"class_list":{"0":"post-85111","1":"post","2":"type-post","3":"status-publish","4":"format-standard","5":"has-post-thumbnail","7":"category-politike","8":"category-te-fundit","9":"category-vendi","10":"tag-tepelena","11":"tag-termet-peci"},"_links":{"self":[{"href":"https:\/\/jugulajm.net\/index.php?rest_route=\/wp\/v2\/posts\/85111","targetHints":{"allow":["GET"]}}],"collection":[{"href":"https:\/\/jugulajm.net\/index.php?rest_route=\/wp\/v2\/posts"}],"about":[{"href":"https:\/\/jugulajm.net\/index.php?rest_route=\/wp\/v2\/types\/post"}],"author":[{"embeddable":true,"href":"https:\/\/jugulajm.net\/index.php?rest_route=\/wp\/v2\/users\/5"}],"replies":[{"embeddable":true,"href":"https:\/\/jugulajm.net\/index.php?rest_route=%2Fwp%2Fv2%2Fcomments&post=85111"}],"version-history":[{"count":3,"href":"https:\/\/jugulajm.net\/index.php?rest_route=\/wp\/v2\/posts\/85111\/revisions"}],"predecessor-version":[{"id":85116,"href":"https:\/\/jugulajm.net\/index.php?rest_route=\/wp\/v2\/posts\/85111\/revisions\/85116"}],"wp:featuredmedia":[{"embeddable":true,"href":"https:\/\/jugulajm.net\/index.php?rest_route=\/wp\/v2\/media\/85112"}],"wp:attachment":[{"href":"https:\/\/jugulajm.net\/index.php?rest_route=%2Fwp%2Fv2%2Fmedia&parent=85111"}],"wp:term":[{"taxonomy":"category","embeddable":true,"href":"https:\/\/jugulajm.net\/index.php?rest_route=%2Fwp%2Fv2%2Fcategories&post=85111"},{"taxonomy":"post_tag","embeddable":true,"href":"https:\/\/jugulajm.net\/index.php?rest_route=%2Fwp%2Fv2%2Ftags&post=85111"}],"curies":[{"name":"wp","href":"https:\/\/api.w.org\/{rel}","templated":true}]}}