{"id":85074,"date":"2025-03-03T19:21:52","date_gmt":"2025-03-03T18:21:52","guid":{"rendered":"https:\/\/jugulajm.net\/?p=85074"},"modified":"2025-03-03T19:21:52","modified_gmt":"2025-03-03T18:21:52","slug":"rama-ne-berlin-nese-doni-te-ndiheni-si-perendi-ejani-ne-shqiperi","status":"publish","type":"post","link":"https:\/\/jugulajm.net\/?p=85074","title":{"rendered":"Rama n\u00eb Berlin: N\u00ebse doni t\u00eb ndiheni si per\u00ebndi ejani n\u00eb Shqip\u00ebri"},"content":{"rendered":"<p>Kryeministri, Edi Rama, n\u00eb fjal\u00ebn e mbajtur n\u00eb panairin e Turizmit t\u00eb zhvilluar dit\u00ebn e sotme n\u00eb Berlin, ka promovuar vlerat e ve\u00e7anta t\u00eb Shqip\u00ebris\u00eb.<\/p>\n<p>Kryeministri Rama ka vendosur theksin tek mikprijta, nj\u00eb vler\u00eb e madhe e shqiptar\u00ebve dhe shqiptaris\u00eb, duke shtruar se nj\u00eb mik n\u00eb Shqip\u00ebris\u00eb, trajtohet si nj\u00eb per\u00ebndi.<\/p>\n<p>\u201cA keni d\u00ebgjuar ndonj\u00ebher\u00eb p\u00ebr nj\u00eb ligj n\u00eb vend q\u00eb deklaron sht\u00ebpit\u00eb ton\u00eb i p\u00ebrkasin zotit dhe mikut. Nj\u00eb ligj i till\u00eb i shkruar n\u00eb mesjet\u00eb \u00ebsht\u00eb b\u00ebr\u00eb pjes\u00eb e m\u00ebnyr\u00eb s\u00eb jetes\u00ebs n\u00eb Shqip\u00ebri. Shqippritje, n\u00eb shqip do t\u00eb thot\u00eb t\u00eb b\u00ebsh t\u00eb pamundur p\u00ebr t\u00eb nderuar emrin, sht\u00ebpin\u00eb dhe mikun. Kulmi i mikpritjes shqiptare u d\u00ebshmua gjat\u00eb luft\u00ebs s\u00eb dyt\u00eb bot\u00ebrore m\u00eb pritjen e hebrenjve.<\/p>\n<p>Kur u p\u00ebrball\u00ebm me zgjedhjen mes hebrenjve dhe djallit paraardh\u00ebsit tan\u00eb q\u00ebndruan shum\u00eb pran\u00eb hebrenjve. Kush troket n\u00eb der\u00eb t\u00eb sht\u00ebpis\u00eb s\u00eb shqiptarit e b\u00ebn k\u00ebt\u00eb prej vullnetit t\u00eb zotit, duke hapur dyert ne mir\u00ebpresim nj\u00eb mik q\u00eb trajtohet si per\u00ebndi. Kush troket n\u00eb der\u00eb t\u00eb sht\u00ebpis\u00eb s\u00eb shqiptarit e b\u00ebn prej vullnetit t\u00eb zotit, duke hapur dyer ne mir\u00ebpresim nj\u00eb mik q\u00eb trajtohet si per\u00ebndi. N\u00ebse do t\u00eb ndiheni si Per\u00ebndi, ejani n\u00eb Shqip\u00ebri\u201d. N\u00ebse doni q\u00eb t\u00eb takoni drejtues taksish q\u00eb sillen si per\u00ebndi, shkoni n\u00eb Greqi\u201d, u shpreh Rama.<\/p>\n","protected":false},"excerpt":{"rendered":"<p>Kryeministri, Edi Rama, n\u00eb fjal\u00ebn e mbajtur n\u00eb panairin e Turizmit t\u00eb zhvilluar dit\u00ebn e sotme n\u00eb Berlin, ka promovuar vlerat e ve\u00e7anta t\u00eb Shqip\u00ebris\u00eb. Kryeministri Rama ka vendosur theksin tek mikprijta, nj\u00eb vler\u00eb e madhe e shqiptar\u00ebve dhe shqiptaris\u00eb, duke shtruar se nj\u00eb mik n\u00eb Shqip\u00ebris\u00eb, trajtohet si nj\u00eb per\u00ebndi. \u201cA keni d\u00ebgjuar ndonj\u00ebher\u00eb [&hellip;]<\/p>\n","protected":false},"author":5,"featured_media":75048,"comment_status":"closed","ping_status":"closed","sticky":false,"template":"","format":"standard","meta":{"footnotes":""},"categories":[6332,6333],"tags":[35205],"class_list":{"0":"post-85074","1":"post","2":"type-post","3":"status-publish","4":"format-standard","5":"has-post-thumbnail","7":"category-te-fundit","8":"category-turizem","9":"tag-rama-ne-berlin-nese-doni-te-ndiheni-si-perendi-ejani-ne-shqiperi"},"_links":{"self":[{"href":"https:\/\/jugulajm.net\/index.php?rest_route=\/wp\/v2\/posts\/85074","targetHints":{"allow":["GET"]}}],"collection":[{"href":"https:\/\/jugulajm.net\/index.php?rest_route=\/wp\/v2\/posts"}],"about":[{"href":"https:\/\/jugulajm.net\/index.php?rest_route=\/wp\/v2\/types\/post"}],"author":[{"embeddable":true,"href":"https:\/\/jugulajm.net\/index.php?rest_route=\/wp\/v2\/users\/5"}],"replies":[{"embeddable":true,"href":"https:\/\/jugulajm.net\/index.php?rest_route=%2Fwp%2Fv2%2Fcomments&post=85074"}],"version-history":[{"count":1,"href":"https:\/\/jugulajm.net\/index.php?rest_route=\/wp\/v2\/posts\/85074\/revisions"}],"predecessor-version":[{"id":85075,"href":"https:\/\/jugulajm.net\/index.php?rest_route=\/wp\/v2\/posts\/85074\/revisions\/85075"}],"wp:featuredmedia":[{"embeddable":true,"href":"https:\/\/jugulajm.net\/index.php?rest_route=\/wp\/v2\/media\/75048"}],"wp:attachment":[{"href":"https:\/\/jugulajm.net\/index.php?rest_route=%2Fwp%2Fv2%2Fmedia&parent=85074"}],"wp:term":[{"taxonomy":"category","embeddable":true,"href":"https:\/\/jugulajm.net\/index.php?rest_route=%2Fwp%2Fv2%2Fcategories&post=85074"},{"taxonomy":"post_tag","embeddable":true,"href":"https:\/\/jugulajm.net\/index.php?rest_route=%2Fwp%2Fv2%2Ftags&post=85074"}],"curies":[{"name":"wp","href":"https:\/\/api.w.org\/{rel}","templated":true}]}}