{"id":84985,"date":"2025-02-27T18:04:15","date_gmt":"2025-02-27T17:04:15","guid":{"rendered":"https:\/\/jugulajm.net\/?p=84985"},"modified":"2025-02-27T18:04:15","modified_gmt":"2025-02-27T17:04:15","slug":"emri-20-vjecari-vritet-me-arme-zjarri","status":"publish","type":"post","link":"https:\/\/jugulajm.net\/?p=84985","title":{"rendered":"EMRI\/ 20-vje\u00e7ari vritet me arm\u00eb zjarri"},"content":{"rendered":"<p>Nj\u00eb 20-vje\u00e7ar\u00a0\u00ebsht\u00eb vrar\u00eb me arm\u00eb zjarri n\u00eb fshatin Guci e Re n\u00eb Shkod\u00ebr.<\/p>\n<p>Rreth or\u00ebs 14:50, n\u00eb fshatin \u201cGuci e Re\u201d, \u00ebsht\u00eb gjetur pa shenja jete shtetasi, Pavlin Preka, rreth 20 vje\u00e7, dyshohet i vrar\u00eb me arm\u00eb zjarri.<\/p>\n<p>Menj\u00ebher\u00eb n\u00eb vendngjarje kan\u00eb shkuar sh\u00ebrbimet e policis\u00eb dhe grupe t\u00eb Forc\u00ebs Komb\u00ebtare t\u00eb Siguris\u00eb, Nj\u00ebsia Shkod\u00ebr.<\/p>\n<p>Nd\u00ebrkoh\u00eb \u00ebdht\u00eb ngritur nj\u00eb grup i posa\u00e7\u00ebm hetimor dhe n\u00ebn drejtimin e Prokuroris\u00eb po punon intensivisht p\u00ebr sqarimin e rrethanave, dokumentimin ligjor, identifikimin dhe kapjen e autorit\/ve.<\/p>\n","protected":false},"excerpt":{"rendered":"<p>Nj\u00eb 20-vje\u00e7ar\u00a0\u00ebsht\u00eb vrar\u00eb me arm\u00eb zjarri n\u00eb fshatin Guci e Re n\u00eb Shkod\u00ebr. Rreth or\u00ebs 14:50, n\u00eb fshatin \u201cGuci e Re\u201d, \u00ebsht\u00eb gjetur pa shenja jete shtetasi, Pavlin Preka, rreth 20 vje\u00e7, dyshohet i vrar\u00eb me arm\u00eb zjarri. Menj\u00ebher\u00eb n\u00eb vendngjarje kan\u00eb shkuar sh\u00ebrbimet e policis\u00eb dhe grupe t\u00eb Forc\u00ebs Komb\u00ebtare t\u00eb Siguris\u00eb, Nj\u00ebsia Shkod\u00ebr. [&hellip;]<\/p>\n","protected":false},"author":5,"featured_media":64318,"comment_status":"closed","ping_status":"closed","sticky":false,"template":"","format":"standard","meta":{"footnotes":""},"categories":[1,6332,29228],"tags":[35176],"class_list":{"0":"post-84985","1":"post","2":"type-post","3":"status-publish","4":"format-standard","5":"has-post-thumbnail","7":"category-aktualitet","8":"category-te-fundit","9":"category-vendi","10":"tag-emri-20-vjecari-vritet-me-arme-zjarri"},"_links":{"self":[{"href":"https:\/\/jugulajm.net\/index.php?rest_route=\/wp\/v2\/posts\/84985","targetHints":{"allow":["GET"]}}],"collection":[{"href":"https:\/\/jugulajm.net\/index.php?rest_route=\/wp\/v2\/posts"}],"about":[{"href":"https:\/\/jugulajm.net\/index.php?rest_route=\/wp\/v2\/types\/post"}],"author":[{"embeddable":true,"href":"https:\/\/jugulajm.net\/index.php?rest_route=\/wp\/v2\/users\/5"}],"replies":[{"embeddable":true,"href":"https:\/\/jugulajm.net\/index.php?rest_route=%2Fwp%2Fv2%2Fcomments&post=84985"}],"version-history":[{"count":1,"href":"https:\/\/jugulajm.net\/index.php?rest_route=\/wp\/v2\/posts\/84985\/revisions"}],"predecessor-version":[{"id":84986,"href":"https:\/\/jugulajm.net\/index.php?rest_route=\/wp\/v2\/posts\/84985\/revisions\/84986"}],"wp:featuredmedia":[{"embeddable":true,"href":"https:\/\/jugulajm.net\/index.php?rest_route=\/wp\/v2\/media\/64318"}],"wp:attachment":[{"href":"https:\/\/jugulajm.net\/index.php?rest_route=%2Fwp%2Fv2%2Fmedia&parent=84985"}],"wp:term":[{"taxonomy":"category","embeddable":true,"href":"https:\/\/jugulajm.net\/index.php?rest_route=%2Fwp%2Fv2%2Fcategories&post=84985"},{"taxonomy":"post_tag","embeddable":true,"href":"https:\/\/jugulajm.net\/index.php?rest_route=%2Fwp%2Fv2%2Ftags&post=84985"}],"curies":[{"name":"wp","href":"https:\/\/api.w.org\/{rel}","templated":true}]}}