{"id":84981,"date":"2025-02-27T14:06:03","date_gmt":"2025-02-27T13:06:03","guid":{"rendered":"https:\/\/jugulajm.net\/?p=84981"},"modified":"2025-02-27T14:06:03","modified_gmt":"2025-02-27T13:06:03","slug":"kakavije-neser-greve-nga-pala-greke-ja-oraret-e-ndalimit","status":"publish","type":"post","link":"https:\/\/jugulajm.net\/?p=84981","title":{"rendered":"Kakavije, nes\u00ebr grev\u00eb nga pala greke, ja oraret e ndalimit&#8230;"},"content":{"rendered":"<p>Grev\u00eb n\u00eb Dogan\u00ebn Greke n\u00eb dat\u00ebn 28 shkurt. Kufizime drastike p\u00ebr mjetet, nd\u00ebrsa k\u00ebmb\u00ebsor\u00ebt lejohen t\u00eb kalojn\u00eb<\/p>\n<p>Me efekt t\u00eb drejtp\u00ebrdrejt\u00eb n\u00eb kryq\u00ebzimet kufitare, nes\u00ebr, nga ora 08:00 deri n\u00eb 24:00 (me or\u00ebn greke), dogana greke do t\u00eb operoj\u00eb me grev\u00eb.<\/p>\n<p>Sipas burimeve t\u00eb fundit, p\u00ebrve\u00e7 ambulancave dhe makinave funerale, asnj\u00eb mjet transporti nuk do t\u00eb ket\u00eb leje kalimi.<\/p>\n<p>N\u00eb k\u00ebto kushte, nd\u00ebrsa mjetet mbeten t\u00eb bllokuara, qytetar\u00ebt q\u00eb ecin n\u00eb k\u00ebmb\u00eb do t\u00eb ken\u00eb mund\u00ebsi t\u00eb kalojn\u00eb.<\/p>\n","protected":false},"excerpt":{"rendered":"<p>Grev\u00eb n\u00eb Dogan\u00ebn Greke n\u00eb dat\u00ebn 28 shkurt. Kufizime drastike p\u00ebr mjetet, nd\u00ebrsa k\u00ebmb\u00ebsor\u00ebt lejohen t\u00eb kalojn\u00eb Me efekt t\u00eb drejtp\u00ebrdrejt\u00eb n\u00eb kryq\u00ebzimet kufitare, nes\u00ebr, nga ora 08:00 deri n\u00eb 24:00 (me or\u00ebn greke), dogana greke do t\u00eb operoj\u00eb me grev\u00eb. Sipas burimeve t\u00eb fundit, p\u00ebrve\u00e7 ambulancave dhe makinave funerale, asnj\u00eb mjet transporti nuk do [&hellip;]<\/p>\n","protected":false},"author":5,"featured_media":48889,"comment_status":"closed","ping_status":"closed","sticky":false,"template":"","format":"standard","meta":{"footnotes":""},"categories":[1,6332],"tags":[35175,22558,35174],"class_list":{"0":"post-84981","1":"post","2":"type-post","3":"status-publish","4":"format-standard","5":"has-post-thumbnail","7":"category-aktualitet","8":"category-te-fundit","9":"tag-ja-oraret-e-ndalimit","10":"tag-kakavije","11":"tag-neser-greve-nga-pala-greke"},"_links":{"self":[{"href":"https:\/\/jugulajm.net\/index.php?rest_route=\/wp\/v2\/posts\/84981","targetHints":{"allow":["GET"]}}],"collection":[{"href":"https:\/\/jugulajm.net\/index.php?rest_route=\/wp\/v2\/posts"}],"about":[{"href":"https:\/\/jugulajm.net\/index.php?rest_route=\/wp\/v2\/types\/post"}],"author":[{"embeddable":true,"href":"https:\/\/jugulajm.net\/index.php?rest_route=\/wp\/v2\/users\/5"}],"replies":[{"embeddable":true,"href":"https:\/\/jugulajm.net\/index.php?rest_route=%2Fwp%2Fv2%2Fcomments&post=84981"}],"version-history":[{"count":1,"href":"https:\/\/jugulajm.net\/index.php?rest_route=\/wp\/v2\/posts\/84981\/revisions"}],"predecessor-version":[{"id":84982,"href":"https:\/\/jugulajm.net\/index.php?rest_route=\/wp\/v2\/posts\/84981\/revisions\/84982"}],"wp:featuredmedia":[{"embeddable":true,"href":"https:\/\/jugulajm.net\/index.php?rest_route=\/wp\/v2\/media\/48889"}],"wp:attachment":[{"href":"https:\/\/jugulajm.net\/index.php?rest_route=%2Fwp%2Fv2%2Fmedia&parent=84981"}],"wp:term":[{"taxonomy":"category","embeddable":true,"href":"https:\/\/jugulajm.net\/index.php?rest_route=%2Fwp%2Fv2%2Fcategories&post=84981"},{"taxonomy":"post_tag","embeddable":true,"href":"https:\/\/jugulajm.net\/index.php?rest_route=%2Fwp%2Fv2%2Ftags&post=84981"}],"curies":[{"name":"wp","href":"https:\/\/api.w.org\/{rel}","templated":true}]}}