{"id":84953,"date":"2025-02-26T12:05:47","date_gmt":"2025-02-26T11:05:47","guid":{"rendered":"https:\/\/jugulajm.net\/?p=84953"},"modified":"2025-02-26T12:05:47","modified_gmt":"2025-02-26T11:05:47","slug":"futi-ne-burg-veliajn-gjyqtari-bani-i-pergjigjet-kryebashkiakut-po-ke-ankesa-shko-te-organet-kompetente-ndryshe","status":"publish","type":"post","link":"https:\/\/jugulajm.net\/?p=84953","title":{"rendered":"Futi n\u00eb burg Veliajn, gjyqtari Bani i p\u00ebrgjigjet kryebashkiakut: Po ke ankesa shko te organet kompetente, ndryshe&#8230;"},"content":{"rendered":"<p>Pas sulmeve t\u00eb b\u00ebra prej dit\u00ebsh tanim\u00eb nga kryebashkiaku Erion Veliaj, por jo vet\u00ebm, gjyqtari i Gjykat\u00ebs s\u00eb Posa\u00e7me kund\u00ebr Korrupsionit dhe Krimit t\u00eb Organizuar, Erjon Bani ka dal\u00eb p\u00ebr her\u00eb t\u00eb par\u00eb para mediave.<\/p>\n<p>Gjat\u00eb fjal\u00ebs s\u00eb tij, Bani u ndal te integriteti i gjyqtar\u00ebve, prokuror\u00ebve dhe oficer\u00ebve t\u00eb BKH-s\u00eb duke theksuar se jan\u00eb institucionet m\u00eb t\u00eb monitoruara dhe vet\u00eb ata kan\u00eb kaluar n\u00eb disa filtra.<\/p>\n<p>Sa i p\u00ebrket akuzave t\u00eb b\u00ebra n\u00eb drejtim t\u00eb tij, apo dhe koleg\u00ebve, Bani e tha qart\u00eb dhe past\u00ebr q\u00eb cilido q\u00eb ka v\u00ebrejtje dhe ankesa t\u2019i adresoj\u00eb ato n\u00eb organet kopetente dhe jo t\u2019i b\u00ebj\u00eb gjyqtarit gjyqin n\u00eb publik, duke iu referuar k\u00ebshtu dhe akuzave q\u00eb kryetari i Bashkis\u00eb s\u00eb Tiran\u00ebs, Erjon Veliaj ka l\u00ebshuar drejt tij.<\/p>\n<p><em>\u201cLidhur me integritetin e gjyqtar\u00ebve dhe ndoshta at q\u00eb tha Dumani si SPAK dhe GJKKO dhe BKH, jan\u00eb institucione m\u00eb t\u00eb monitoruara p\u00ebr shkak t\u00eb ligjit dhe kushtetut\u00ebs. Familjar\u00ebt, jo vet\u00ebm gjyqtar\u00ebt por edhe familjar\u00ebt tani i n\u00ebnshtrohen kontrolli periodik t\u00eb pasuris\u00eb, p\u00ebrgjohen n\u00eb koh\u00eb reale t\u00eb gjitha komunikimet mesazhet p\u00ebr sa i p\u00ebrket integritetit duhet t\u00eb theksojm\u00eb nj\u00eb fakt se parimet komb\u00ebtare jan\u00eb t\u00eb r\u00ebnd\u00ebsishme se pezumohet integriteti\u00a0 e besueshm\u00ebria\u00a0 n\u00eb momentin q\u00eb jan\u00eb em\u00ebruar. Nuk duhet t\u00eb provojm\u00eb gjyqtar\u00ebt, kjo gj\u00eb pezumohet.<\/em><\/p>\n<p><em>Kush lidhur me integritetit duhet ti adresoj\u00eb n\u00eb organet kompetente.\u00a0 Nuk mund t\u00eb b\u00ebhet gjyqi i gjyqtarit, gjyqi i gjyqtarit b\u00ebhet vet\u00ebm n\u00eb Gjykat\u00ebn e Lart\u00eb. Sa i p\u00ebrket kriteret ka nj\u00eb kontroll t\u00eb posa\u00e7\u00ebm n\u00eb organet e vettingut, por vetting ishte akoma dhe m\u00eb i thell\u00eb dhe q\u00ebllimi \u00ebsht\u00eb b\u00ebr\u00eb p\u00ebr t\u00eb kthyer besimin e qytetar\u00ebve te sistemi i drejt\u00ebsis\u00eb.<\/em><\/p>\n<p><em>N\u00eb momentin q\u00eb kalon ky filt\u00ebr kalon dhe nj\u00eb filt\u00ebr tjet\u00ebr nga KGJ \u00ebsht\u00eb dhe nj\u00eb komision i posa\u00e7\u00ebm i prokuroris\u00eb t\u00eb posa\u00e7me q\u00eb garanton nj\u00eb filt\u00ebr ndryshe nga gjith\u00eb gjyqtar\u00ebt e tjer\u00eb q\u00eb duhet t\u00eb kalosh dhe k\u00ebt\u00eb filt\u00ebr.\u00a0 K\u00ebshtu \u00ebsht\u00eb \u00a0institucioni m\u00eb i monitoruar\u201d,<\/em>\u00a0tha Bani.<\/p>\n","protected":false},"excerpt":{"rendered":"<p>Pas sulmeve t\u00eb b\u00ebra prej dit\u00ebsh tanim\u00eb nga kryebashkiaku Erion Veliaj, por jo vet\u00ebm, gjyqtari i Gjykat\u00ebs s\u00eb Posa\u00e7me kund\u00ebr Korrupsionit dhe Krimit t\u00eb Organizuar, Erjon Bani ka dal\u00eb p\u00ebr her\u00eb t\u00eb par\u00eb para mediave. Gjat\u00eb fjal\u00ebs s\u00eb tij, Bani u ndal te integriteti i gjyqtar\u00ebve, prokuror\u00ebve dhe oficer\u00ebve t\u00eb BKH-s\u00eb duke theksuar se jan\u00eb [&hellip;]<\/p>\n","protected":false},"author":5,"featured_media":84954,"comment_status":"closed","ping_status":"closed","sticky":false,"template":"","format":"standard","meta":{"footnotes":""},"categories":[1,6332,29228],"tags":[35163,35164,20970],"class_list":{"0":"post-84953","1":"post","2":"type-post","3":"status-publish","4":"format-standard","5":"has-post-thumbnail","7":"category-aktualitet","8":"category-te-fundit","9":"category-vendi","10":"tag-futi-ne-burg-veliajn","11":"tag-gjyqtari-bani-i-pergjigjet-kryebashkiakut-po-ke-ankesa-shkote-organet-kompetente","12":"tag-se-ndryshe"},"_links":{"self":[{"href":"https:\/\/jugulajm.net\/index.php?rest_route=\/wp\/v2\/posts\/84953","targetHints":{"allow":["GET"]}}],"collection":[{"href":"https:\/\/jugulajm.net\/index.php?rest_route=\/wp\/v2\/posts"}],"about":[{"href":"https:\/\/jugulajm.net\/index.php?rest_route=\/wp\/v2\/types\/post"}],"author":[{"embeddable":true,"href":"https:\/\/jugulajm.net\/index.php?rest_route=\/wp\/v2\/users\/5"}],"replies":[{"embeddable":true,"href":"https:\/\/jugulajm.net\/index.php?rest_route=%2Fwp%2Fv2%2Fcomments&post=84953"}],"version-history":[{"count":1,"href":"https:\/\/jugulajm.net\/index.php?rest_route=\/wp\/v2\/posts\/84953\/revisions"}],"predecessor-version":[{"id":84955,"href":"https:\/\/jugulajm.net\/index.php?rest_route=\/wp\/v2\/posts\/84953\/revisions\/84955"}],"wp:featuredmedia":[{"embeddable":true,"href":"https:\/\/jugulajm.net\/index.php?rest_route=\/wp\/v2\/media\/84954"}],"wp:attachment":[{"href":"https:\/\/jugulajm.net\/index.php?rest_route=%2Fwp%2Fv2%2Fmedia&parent=84953"}],"wp:term":[{"taxonomy":"category","embeddable":true,"href":"https:\/\/jugulajm.net\/index.php?rest_route=%2Fwp%2Fv2%2Fcategories&post=84953"},{"taxonomy":"post_tag","embeddable":true,"href":"https:\/\/jugulajm.net\/index.php?rest_route=%2Fwp%2Fv2%2Ftags&post=84953"}],"curies":[{"name":"wp","href":"https:\/\/api.w.org\/{rel}","templated":true}]}}