{"id":84871,"date":"2025-02-22T19:08:13","date_gmt":"2025-02-22T18:08:13","guid":{"rendered":"https:\/\/jugulajm.net\/?p=84871"},"modified":"2025-02-22T19:09:08","modified_gmt":"2025-02-22T18:09:08","slug":"kengetarja-gjirokastrite-juli-ndan-kujtimet-jetoja-ne-lagjen-11-janari-ish-poliklinika-e-qytetit-dhe","status":"publish","type":"post","link":"https:\/\/jugulajm.net\/?p=84871","title":{"rendered":"K\u00ebng\u00ebtarja gjirokastrite ndan kujtimet: Un\u00eb jetoja n\u00eb lagjen \u201911 Janari\u2019, \u2018ish-Poliklinika\u2019 e qytetit dhe&#8230;"},"content":{"rendered":"<header class=\"scrolled hide-header\">\n<div class=\"container relative\">\n<nav class=\"flex space-between\">\n<div class=\"flex\"><em>\u201cLum si un\u00eb q\u00eb kam kaluar ato vite\u201d,<\/em> k\u00ebshtu tha k\u00ebng\u00ebtarja e njohur Juli \u00c7enko n\u00eb Tv Klan.<\/div>\n<div class=\"flex\">K\u00ebt\u00eb t\u00eb shtun\u00eb ajo vendosi q\u00eb t\u00eb ndaj\u00eb me publikun disa nga kujtimet e saj t\u00eb f\u00ebmij\u00ebris\u00eb n\u00eb rrug\u00ebt e kalldr\u00ebmta t\u00eb Gjirokastr\u00ebs.<\/div>\n<\/nav>\n<\/div>\n<\/header>\n<div class=\"container overflow-mob-x\">\n<div class=\"post-wrapper\">\n<div class=\"post-container\">\n<div class=\"content-related-wrapper\">\n<div class=\"post-content\">\n<p>Me vendin e saj t\u00eb lindjes ajo ka nj\u00eb lidhje shum\u00eb t\u00eb ngusht\u00eb dhe k\u00ebt\u00eb e ka shprehur jo pak her\u00eb n\u00eb publik. Madje sapo \u00ebsht\u00eb kthyer nga emigrimi, k\u00ebng\u00ebn e par\u00eb ia ka kushtuar Gjirokastr\u00ebs.<\/p>\n<p><em>\u201cMua m\u00eb duhen dit\u00eb e net\u00eb t\u00eb t\u00ebra p\u00ebr t\u00eb folur. Un\u00eb jam shum\u00eb krenare p\u00ebr Gjirokastr\u00ebn p\u00ebr andej nga jam. Jo vet\u00ebm un\u00eb, po kushdo, \u00e7do njeri \u00ebsht\u00eb krenar p\u00ebr vendlindjen e vet. Un\u00eb ndoshta jam pak e p\u00ebrk\u00ebdhelur aty, sepse e kam filluar me k\u00ebng\u00eb q\u00eb kur kam qen\u00eb e vog\u00ebl dhe kam qen\u00eb e privilegjuar kudo. Kam shum\u00eb p\u00ebr t\u00eb folur dhe un\u00eb gjithmon\u00eb i kam th\u00ebn\u00eb me k\u00ebng\u00eb fjal\u00ebt e mia dhe pas shum\u00eb viteve q\u00eb isha n\u00eb m\u00ebrgim, q\u00eb u ktheva n\u00eb Shqip\u00ebri un\u00eb u ktheva me k\u00ebng\u00ebn p\u00ebr Gjirokastr\u00ebn\u201d,<\/em>\u00a0tregoi Juli \u00c7enko.<\/p>\n<p>K\u00ebng\u00ebtarja u kthye n\u00eb kujtimet e f\u00ebmij\u00ebris\u00eb s\u00eb saj. N\u00eb dit\u00ebt e ftohta me d\u00ebbor\u00eb, ku rrug\u00ebt e ngrira dhe acari mbyllte n\u00ebp\u00ebr sht\u00ebpi gjirokastrit\u00ebt, Juli \u00c7enko rr\u00ebfen mes batutash momentet kur ajo dhe moshatar\u00ebt e saj kthenin \u00e7antat e shpin\u00ebs n\u00eb \u201cslita\u201d p\u00ebr t\u00eb kaluar rrug\u00ebn.<\/p>\n<p><em>\u201cN\u00eb Gjirokast\u00ebr dikur binte bor\u00eb, \u00e7do vit. Kuptohet q\u00eb rrug\u00ebt ngrinin nga t\u00eb ftoht\u00ebt dhe ngaq\u00eb ishte dishez\u00eb, malore ishte shum\u00eb e v\u00ebshtir\u00eb q\u00eb t\u00eb ecnim. Njer\u00ebzit at\u00ebher\u00eb p\u00ebsonin dhe d\u00ebme n\u00ebp\u00ebr k\u00ebmb\u00eb e duar. Ne n\u00eb shkoll\u00ebn fillore dhe n\u00eb 8-vje\u00e7are kishim \u00e7antat e shkoll\u00ebs. Un\u00eb jetoja n\u00eb lagjen \u201911 Janari\u2019, \u2018ish-Poliklinika\u2019 e qytetit, ne merrnim \u00e7antat i vendosnim posht\u00eb dhe rr\u00ebshqisnim deri tek shkolla se ndryshe nuk mund t\u00eb shkonim duke u mbajtur n\u00ebp\u00ebr mure, sepse kjo ishte zgjidhja e vetme. Ne mbylleshim n\u00ebp\u00ebr sht\u00ebpi at\u00ebher\u00eb kur ishte puna p\u00ebr t\u00eb dal\u00eb, ose p\u00ebr t\u00eb bler\u00eb di\u00e7ka rrinim brenda\u201d,<\/em>\u00a0p\u00ebrfundoi k\u00ebng\u00ebtarja.<\/p>\n<\/div>\n<\/div>\n<\/div>\n<\/div>\n<\/div>\n","protected":false},"excerpt":{"rendered":"<p>\u201cLum si un\u00eb q\u00eb kam kaluar ato vite\u201d, k\u00ebshtu tha k\u00ebng\u00ebtarja e njohur Juli \u00c7enko n\u00eb Tv Klan. K\u00ebt\u00eb t\u00eb shtun\u00eb ajo vendosi q\u00eb t\u00eb ndaj\u00eb me publikun disa nga kujtimet e saj t\u00eb f\u00ebmij\u00ebris\u00eb n\u00eb rrug\u00ebt e kalldr\u00ebmta t\u00eb Gjirokastr\u00ebs. Me vendin e saj t\u00eb lindjes ajo ka nj\u00eb lidhje shum\u00eb t\u00eb ngusht\u00eb dhe [&hellip;]<\/p>\n","protected":false},"author":5,"featured_media":84873,"comment_status":"closed","ping_status":"closed","sticky":false,"template":"","format":"standard","meta":{"footnotes":""},"categories":[7665,6332,29228],"tags":[35136,35137],"class_list":{"0":"post-84871","1":"post","2":"type-post","3":"status-publish","4":"format-standard","5":"has-post-thumbnail","7":"category-art","8":"category-te-fundit","9":"category-vendi","10":"tag-ish-poliklinika-e-qytetit-dhe","11":"tag-kengetarja-gjirokastrite-ndan-kujtimet-une-jetoja-ne-lagjen-11-janari"},"_links":{"self":[{"href":"https:\/\/jugulajm.net\/index.php?rest_route=\/wp\/v2\/posts\/84871","targetHints":{"allow":["GET"]}}],"collection":[{"href":"https:\/\/jugulajm.net\/index.php?rest_route=\/wp\/v2\/posts"}],"about":[{"href":"https:\/\/jugulajm.net\/index.php?rest_route=\/wp\/v2\/types\/post"}],"author":[{"embeddable":true,"href":"https:\/\/jugulajm.net\/index.php?rest_route=\/wp\/v2\/users\/5"}],"replies":[{"embeddable":true,"href":"https:\/\/jugulajm.net\/index.php?rest_route=%2Fwp%2Fv2%2Fcomments&post=84871"}],"version-history":[{"count":2,"href":"https:\/\/jugulajm.net\/index.php?rest_route=\/wp\/v2\/posts\/84871\/revisions"}],"predecessor-version":[{"id":84874,"href":"https:\/\/jugulajm.net\/index.php?rest_route=\/wp\/v2\/posts\/84871\/revisions\/84874"}],"wp:featuredmedia":[{"embeddable":true,"href":"https:\/\/jugulajm.net\/index.php?rest_route=\/wp\/v2\/media\/84873"}],"wp:attachment":[{"href":"https:\/\/jugulajm.net\/index.php?rest_route=%2Fwp%2Fv2%2Fmedia&parent=84871"}],"wp:term":[{"taxonomy":"category","embeddable":true,"href":"https:\/\/jugulajm.net\/index.php?rest_route=%2Fwp%2Fv2%2Fcategories&post=84871"},{"taxonomy":"post_tag","embeddable":true,"href":"https:\/\/jugulajm.net\/index.php?rest_route=%2Fwp%2Fv2%2Ftags&post=84871"}],"curies":[{"name":"wp","href":"https:\/\/api.w.org\/{rel}","templated":true}]}}