{"id":84835,"date":"2025-02-21T12:17:46","date_gmt":"2025-02-21T11:17:46","guid":{"rendered":"https:\/\/jugulajm.net\/?p=84835"},"modified":"2025-02-21T12:17:46","modified_gmt":"2025-02-21T11:17:46","slug":"analisti-curi-spak-po-kerkon-1-politikan-me-te-rendesishem-se-veliaj-dyshohet-se","status":"publish","type":"post","link":"https:\/\/jugulajm.net\/?p=84835","title":{"rendered":"Analisti Curi: SPAK po k\u00ebrkon 1 politikan m\u00eb t\u00eb r\u00ebnd\u00ebsish\u00ebm se Veliaj, dyshohet se&#8230;"},"content":{"rendered":"<p>Analisti p\u00ebrmetar, Arjan Curi, deklaroi n\u00eb &#8220;Top Story&#8221; se dy dit\u00eb m\u00eb par\u00eb BKH ka pasur nj\u00eb kontroll n\u00eb zyr\u00ebn e nj\u00eb zyrtari shum\u00eb t\u00eb lart\u00eb.<\/p>\n<p>Ai tha po ashtu se SPAK \u00ebsht\u00eb v\u00ebn\u00eb n\u00eb k\u00ebrkim t\u00eb nj\u00eb tjet\u00ebr zyrtari t\u00eb lart\u00eb i cili sipas Curit \u00ebsht\u00eb arratisur dhe nuk ndodhet n\u00eb territorin shqiptar, por t\u00eb dyja k\u00ebto raste nuk dha em\u00ebr.<\/p>\n<p>\u201cSPAK po vepron tani sepse po k\u00ebrc\u00ebnohet p\u00ebr ekzistenc\u00ebn e tij, dhe ka nj\u00eb llogari p\u00ebr t\u00eb dh\u00ebn\u00eb ndaj amerikan\u00ebve dhe do i k\u00ebrkojn\u00eb kokat e prera.<\/p>\n<p>Para dy dit\u00ebsh n\u00eb nj\u00eb shum\u00ebkat\u00ebshe p\u00ebrball\u00eb katedrales katolike, BKH ka m\u00ebsyr\u00eb n\u00eb zyr\u00eb e nj\u00eb politikani t\u00eb lart\u00eb nga ata q\u00eb flasin p\u00ebr p\u00ebrmir\u00ebsim, etj, dhe i ka marr\u00eb laptop dhe \u00e7do gj\u00eb q\u00eb \u00ebsht\u00eb gjetur n\u00eb at\u00eb zyr\u00eb.<\/p>\n<p>\u00cbsht\u00eb b\u00ebr\u00eb nj\u00eb sulm m\u00eb i r\u00ebnd\u00ebsish\u00ebm se sulmi i Veliajt, ky personazh \u00ebsht\u00eb m\u00eb i r\u00ebnd\u00ebsish\u00ebm.<\/p>\n<p>K\u00ebto dit\u00ebt e fundit \u00ebsht\u00eb dh\u00ebn\u00eb alarmi \u2018le t\u00eb arratiset kush t\u00eb mundet\u2019, ve\u00e7 disa drejtor\u00ebve t\u00eb r\u00ebnd\u00ebsish\u00ebm, \u00ebsht\u00eb arratisur nj\u00eb nga personazh politikan dhe funksionar i lart\u00eb q\u00eb nuk gjendet n\u00eb territor dhe po e k\u00ebrkon SPAK. Un\u00eb personalisht jam pro arratisjes, sepse po nuk arratise k\u00ebta t\u00eb arrestojn\u00eb\u201d, tha Curi.<\/p>\n","protected":false},"excerpt":{"rendered":"<p>Analisti p\u00ebrmetar, Arjan Curi, deklaroi n\u00eb &#8220;Top Story&#8221; se dy dit\u00eb m\u00eb par\u00eb BKH ka pasur nj\u00eb kontroll n\u00eb zyr\u00ebn e nj\u00eb zyrtari shum\u00eb t\u00eb lart\u00eb. Ai tha po ashtu se SPAK \u00ebsht\u00eb v\u00ebn\u00eb n\u00eb k\u00ebrkim t\u00eb nj\u00eb tjet\u00ebr zyrtari t\u00eb lart\u00eb i cili sipas Curit \u00ebsht\u00eb arratisur dhe nuk ndodhet n\u00eb territorin shqiptar, por [&hellip;]<\/p>\n","protected":false},"author":5,"featured_media":84836,"comment_status":"closed","ping_status":"closed","sticky":false,"template":"","format":"standard","meta":{"footnotes":""},"categories":[1,6332,29228],"tags":[35116,23094],"class_list":{"0":"post-84835","1":"post","2":"type-post","3":"status-publish","4":"format-standard","5":"has-post-thumbnail","7":"category-aktualitet","8":"category-te-fundit","9":"category-vendi","10":"tag-analisti-spak-po-kerkon-1-politikan-me-te-rendesishem-se-veliaj","11":"tag-dyshohet-se"},"_links":{"self":[{"href":"https:\/\/jugulajm.net\/index.php?rest_route=\/wp\/v2\/posts\/84835","targetHints":{"allow":["GET"]}}],"collection":[{"href":"https:\/\/jugulajm.net\/index.php?rest_route=\/wp\/v2\/posts"}],"about":[{"href":"https:\/\/jugulajm.net\/index.php?rest_route=\/wp\/v2\/types\/post"}],"author":[{"embeddable":true,"href":"https:\/\/jugulajm.net\/index.php?rest_route=\/wp\/v2\/users\/5"}],"replies":[{"embeddable":true,"href":"https:\/\/jugulajm.net\/index.php?rest_route=%2Fwp%2Fv2%2Fcomments&post=84835"}],"version-history":[{"count":1,"href":"https:\/\/jugulajm.net\/index.php?rest_route=\/wp\/v2\/posts\/84835\/revisions"}],"predecessor-version":[{"id":84837,"href":"https:\/\/jugulajm.net\/index.php?rest_route=\/wp\/v2\/posts\/84835\/revisions\/84837"}],"wp:featuredmedia":[{"embeddable":true,"href":"https:\/\/jugulajm.net\/index.php?rest_route=\/wp\/v2\/media\/84836"}],"wp:attachment":[{"href":"https:\/\/jugulajm.net\/index.php?rest_route=%2Fwp%2Fv2%2Fmedia&parent=84835"}],"wp:term":[{"taxonomy":"category","embeddable":true,"href":"https:\/\/jugulajm.net\/index.php?rest_route=%2Fwp%2Fv2%2Fcategories&post=84835"},{"taxonomy":"post_tag","embeddable":true,"href":"https:\/\/jugulajm.net\/index.php?rest_route=%2Fwp%2Fv2%2Ftags&post=84835"}],"curies":[{"name":"wp","href":"https:\/\/api.w.org\/{rel}","templated":true}]}}