{"id":84778,"date":"2025-02-19T18:02:01","date_gmt":"2025-02-19T17:02:01","guid":{"rendered":"https:\/\/jugulajm.net\/?p=84778"},"modified":"2025-02-19T18:02:40","modified_gmt":"2025-02-19T17:02:40","slug":"eurodeputeti-beleri-kallezon-ne-spak-ish-kryebashkiakun-e-himares-goro-deputeten-xhacka-dhe-bashkeshortin-e-saj","status":"publish","type":"post","link":"https:\/\/jugulajm.net\/?p=84778","title":{"rendered":"Eurodeputeti Beleri kall\u00ebzon n\u00eb SPAK ish-kryebashkiakun e Himar\u00ebs, Goro, deputeten Xha\u00e7ka dhe bashk\u00ebshortin e saj"},"content":{"rendered":"<p>Eurodeputeti, Fredi Beleri, i \u00ebsht\u00eb drejtuar sot Gjykat\u00ebs s\u00eb Posa\u00e7me t\u00eb Shkall\u00ebs s\u00eb Par\u00eb Kund\u00ebr Korrupsionit dhe Krimit t\u00eb Organizuar p\u00ebr t\u00eb b\u00ebr\u00eb nj\u00eb kall\u00ebzim penal. Beleri ka b\u00ebr\u00eb nj\u00eb kall\u00ebzim penal pran\u00eb ndaj Jorgo Goros, Artan Ga\u00e7it dhe deputetes Olta Xha\u00e7ka.<\/p>\n<p>N\u00eb kall\u00ebzimin e tij, Beleri ka k\u00ebrkuar \u2018shfuqizimin e vendimit\/shkres\u00ebs nr. Prot 22920\/1 dat\u00eb 27.12.2024 t\u00eb Prokuroris\u00eb s\u00eb Posa\u00e7me p\u00ebr Korrupsionin dhe Krimin e Organizuar, me t\u00eb cilin njoftohet mosfillimi i procedimit penal ndaj shtetasve t\u00eb kall\u00ebzuar Olta Xha\u00e7ka dhe Artan Ga\u00e7i.\u2019<\/p>\n<p>Beleri ka k\u00ebrkuar nga Gjykata, urdh\u00ebrimin e regjistrimit t\u00eb procedimit penal p\u00ebr vepr\u00ebn penale t\u00eb kall\u00ebzuar dhe kryerjen e veprimeve hetimore p\u00ebrkat\u00ebse<strong>.<\/strong><\/p>\n","protected":false},"excerpt":{"rendered":"<p>Eurodeputeti, Fredi Beleri, i \u00ebsht\u00eb drejtuar sot Gjykat\u00ebs s\u00eb Posa\u00e7me t\u00eb Shkall\u00ebs s\u00eb Par\u00eb Kund\u00ebr Korrupsionit dhe Krimit t\u00eb Organizuar p\u00ebr t\u00eb b\u00ebr\u00eb nj\u00eb kall\u00ebzim penal. Beleri ka b\u00ebr\u00eb nj\u00eb kall\u00ebzim penal pran\u00eb ndaj Jorgo Goros, Artan Ga\u00e7it dhe deputetes Olta Xha\u00e7ka. N\u00eb kall\u00ebzimin e tij, Beleri ka k\u00ebrkuar \u2018shfuqizimin e vendimit\/shkres\u00ebs nr. Prot 22920\/1 [&hellip;]<\/p>\n","protected":false},"author":5,"featured_media":84779,"comment_status":"closed","ping_status":"closed","sticky":false,"template":"","format":"standard","meta":{"footnotes":""},"categories":[1,6332,29228],"tags":[35093,35092],"class_list":{"0":"post-84778","1":"post","2":"type-post","3":"status-publish","4":"format-standard","5":"has-post-thumbnail","7":"category-aktualitet","8":"category-te-fundit","9":"category-vendi","10":"tag-deputeten-xhacka-dhe-bashkeshortin-e-saj","11":"tag-eurodeputeti-beleri-kallezon-ne-spak-ish-kryebashkiakun-e-himares-goro"},"_links":{"self":[{"href":"https:\/\/jugulajm.net\/index.php?rest_route=\/wp\/v2\/posts\/84778","targetHints":{"allow":["GET"]}}],"collection":[{"href":"https:\/\/jugulajm.net\/index.php?rest_route=\/wp\/v2\/posts"}],"about":[{"href":"https:\/\/jugulajm.net\/index.php?rest_route=\/wp\/v2\/types\/post"}],"author":[{"embeddable":true,"href":"https:\/\/jugulajm.net\/index.php?rest_route=\/wp\/v2\/users\/5"}],"replies":[{"embeddable":true,"href":"https:\/\/jugulajm.net\/index.php?rest_route=%2Fwp%2Fv2%2Fcomments&post=84778"}],"version-history":[{"count":2,"href":"https:\/\/jugulajm.net\/index.php?rest_route=\/wp\/v2\/posts\/84778\/revisions"}],"predecessor-version":[{"id":84781,"href":"https:\/\/jugulajm.net\/index.php?rest_route=\/wp\/v2\/posts\/84778\/revisions\/84781"}],"wp:featuredmedia":[{"embeddable":true,"href":"https:\/\/jugulajm.net\/index.php?rest_route=\/wp\/v2\/media\/84779"}],"wp:attachment":[{"href":"https:\/\/jugulajm.net\/index.php?rest_route=%2Fwp%2Fv2%2Fmedia&parent=84778"}],"wp:term":[{"taxonomy":"category","embeddable":true,"href":"https:\/\/jugulajm.net\/index.php?rest_route=%2Fwp%2Fv2%2Fcategories&post=84778"},{"taxonomy":"post_tag","embeddable":true,"href":"https:\/\/jugulajm.net\/index.php?rest_route=%2Fwp%2Fv2%2Ftags&post=84778"}],"curies":[{"name":"wp","href":"https:\/\/api.w.org\/{rel}","templated":true}]}}