{"id":84644,"date":"2025-02-13T18:03:02","date_gmt":"2025-02-13T17:03:02","guid":{"rendered":"https:\/\/jugulajm.net\/?p=84644"},"modified":"2025-02-13T18:03:02","modified_gmt":"2025-02-13T17:03:02","slug":"foto-prezantohet-linja-e-gjelbert-per-mbrojtjen-e-konsumatoreve-per-sigurine-ushqimore","status":"publish","type":"post","link":"https:\/\/jugulajm.net\/?p=84644","title":{"rendered":"FOTO\/ Prezantohet &#8220;Linja e Gjelb\u00ebrt&#8221; p\u00ebr mbrojtjen e konsumator\u00ebve p\u00ebr sigurin\u00eb ushqimore"},"content":{"rendered":"<p>M\u00eb 12 shkurt 2025 u mbajt n\u00eb Tiran\u00eb aktiviteti prezantues i projektit \u201cLinja e gjelb\u00ebr p\u00ebr mbrojtjen e konsumatorit \u2013 Siguria ushqimore dhe forcimi i mbrojtjes s\u00eb t\u00eb drejtave t\u00eb konsumator\u00ebve n\u00eb Shqip\u00ebri n\u00ebp\u00ebrmjet fuqizimit t\u00eb OSHC-ve lokale\u201d,\u00a0<strong>financuar nga Bashkimi Evropian (IPA III\/2024)<\/strong>\u00a0dhe q\u00eb po zbatohet nga\u00a0<strong>Qendra ALERT<\/strong>\u00a0n\u00eb bashk\u00ebpunim me\u00a0<strong>L\u00ebvizjen Europiane n\u00eb Shqip\u00ebri (EMA)<\/strong>.<br \/>\nAktiviteti u hap nga Granit Sokolaj, Drejtuesi Ekzekutiv i Qendr\u00ebs ALERT, i cili prezantoi Green Line, linj\u00ebn telefonike t\u00eb thirrjeve falas 08002626, dedikuar konsumator\u00ebve p\u00ebr adresimin e problematikave dhe shqet\u00ebsimeve dhe theksoi asistenc\u00ebn e Bashkimit Evropian n\u00eb b\u00ebrjen e mundur t\u00eb k\u00ebtij mekanizmi. Gjithashtu Z. Sokolaj theksoi dhe rend\u00ebsin\u00eb e bashkepunimit midis akor\u00ebve q\u00eb p\u00ebrfshihen n\u00eb mbrojtjen e t\u00eb drejtave t\u00eb konsumatorit n\u00eb Shqip\u00ebri. Z.Sokolaj theksoi gjithashtu q\u00eb projekti synon edhe forcimin e kapaciteteve t\u00eb organizatave lokale t\u00eb shoq\u00ebris\u00eb civile p\u00ebr mbrojtjen e t\u00eb drejtave t\u00eb konsumator\u00ebve, me krijimin e nj\u00eb rrjeti OSHC-sh p\u00ebr avokimin t\u00eb p\u00ebrbashk\u00ebt.<br \/>\nN\u00eb k\u00ebt\u00eb takim ishte pjes\u00eb e tij dhe Z. Gledis Gjipali, Drejtori Ekzekutiv i L\u00ebvizjes Europiane n\u00eb Shqip\u00ebri, e cila \u00ebsht\u00eb organizata partner n\u00eb projekt, ku vler\u00ebsoi fokusin e vendosur n\u00eb projekt duke theksuar r\u00ebnd\u00ebsin\u00eb e harmonizimit t\u00eb standarteve dhe legjislacionit me at\u00eb t\u00eb bashkimit Evropian n\u00eb fush\u00ebn e mbrojtjes s\u00eb konsumatorit. \u201cN\u00ebp\u00ebrmjet k\u00ebtij projekti t\u00eb gjith\u00eb aktor\u00ebt e interesuar do t\u00eb angazhohen drejtp\u00ebrdrejt n\u00eb Tryezat e Diskutimit dhe Konsultimit t\u00eb Platform\u00ebs s\u00eb Partneritetit p\u00ebr Integrimin Europian (PPIE) p\u00ebr Kapitujt 28, 12 dhe 1, me synim harmonizimin e legjislacionit shqiptar me acquis t\u00eb BE-s\u00eb\u201d, theksoi Gjipali.<\/p>\n<div id=\"alert-605171738\" class=\"alert-content_12\"><a href=\"https:\/\/www.intermed.al\/\" aria-label=\"GIF-2024-01-04-15-12-26\"><img loading=\"lazy\" loading=\"lazy\" decoding=\"async\" src=\"https:\/\/alert.al\/wp-content\/uploads\/2023\/08\/GIF-2024-01-04-15-12-26.gif\" alt=\"\" width=\"300\" height=\"100\" \/><\/a><\/div>\n<ul id=\"photobox-gallery-1\" class=\"thumbnails photobox-gallery gallery gallery-columns-3\">\n<li><a class=\"thumbnail\" href=\"https:\/\/alert.al\/wp-content\/uploads\/2025\/02\/476295411_1048074904031798_3964364653343603636_n.jpg\"><img loading=\"lazy\" loading=\"lazy\" decoding=\"async\" class=\"attachment-large size-large\" src=\"https:\/\/alert.al\/wp-content\/uploads\/2025\/02\/476295411_1048074904031798_3964364653343603636_n-1024x537.jpg\" sizes=\"auto, (max-width: 940px) 100vw, 940px\" srcset=\"https:\/\/alert.al\/wp-content\/uploads\/2025\/02\/476295411_1048074904031798_3964364653343603636_n-1024x537.jpg 1024w, https:\/\/alert.al\/wp-content\/uploads\/2025\/02\/476295411_1048074904031798_3964364653343603636_n-300x157.jpg 300w, https:\/\/alert.al\/wp-content\/uploads\/2025\/02\/476295411_1048074904031798_3964364653343603636_n-768x402.jpg 768w, https:\/\/alert.al\/wp-content\/uploads\/2025\/02\/476295411_1048074904031798_3964364653343603636_n-1536x805.jpg 1536w, https:\/\/alert.al\/wp-content\/uploads\/2025\/02\/476295411_1048074904031798_3964364653343603636_n.jpg 2048w\" alt=\"\" width=\"940\" height=\"493\" \/><\/a><\/li>\n<li><a class=\"thumbnail\" href=\"https:\/\/alert.al\/wp-content\/uploads\/2025\/02\/476364314_1048075700698385_6410416795438737112_n.jpg\"><img loading=\"lazy\" loading=\"lazy\" decoding=\"async\" class=\"attachment-large size-large\" src=\"https:\/\/alert.al\/wp-content\/uploads\/2025\/02\/476364314_1048075700698385_6410416795438737112_n-1024x537.jpg\" sizes=\"auto, (max-width: 940px) 100vw, 940px\" srcset=\"https:\/\/alert.al\/wp-content\/uploads\/2025\/02\/476364314_1048075700698385_6410416795438737112_n-1024x537.jpg 1024w, https:\/\/alert.al\/wp-content\/uploads\/2025\/02\/476364314_1048075700698385_6410416795438737112_n-300x157.jpg 300w, https:\/\/alert.al\/wp-content\/uploads\/2025\/02\/476364314_1048075700698385_6410416795438737112_n-768x402.jpg 768w, https:\/\/alert.al\/wp-content\/uploads\/2025\/02\/476364314_1048075700698385_6410416795438737112_n-1536x805.jpg 1536w, https:\/\/alert.al\/wp-content\/uploads\/2025\/02\/476364314_1048075700698385_6410416795438737112_n.jpg 2048w\" alt=\"\" width=\"940\" height=\"493\" \/><\/a><\/li>\n<li><a class=\"thumbnail\" href=\"https:\/\/alert.al\/wp-content\/uploads\/2025\/02\/476680450_1048075970698358_2318194604989352708_n.jpg\"><img loading=\"lazy\" loading=\"lazy\" decoding=\"async\" class=\"attachment-large size-large\" src=\"https:\/\/alert.al\/wp-content\/uploads\/2025\/02\/476680450_1048075970698358_2318194604989352708_n-1024x537.jpg\" sizes=\"auto, (max-width: 940px) 100vw, 940px\" srcset=\"https:\/\/alert.al\/wp-content\/uploads\/2025\/02\/476680450_1048075970698358_2318194604989352708_n-1024x537.jpg 1024w, https:\/\/alert.al\/wp-content\/uploads\/2025\/02\/476680450_1048075970698358_2318194604989352708_n-300x157.jpg 300w, https:\/\/alert.al\/wp-content\/uploads\/2025\/02\/476680450_1048075970698358_2318194604989352708_n-768x403.jpg 768w, https:\/\/alert.al\/wp-content\/uploads\/2025\/02\/476680450_1048075970698358_2318194604989352708_n.jpg 1536w\" alt=\"\" width=\"940\" height=\"493\" \/><\/a><\/li>\n<li><a class=\"thumbnail\" href=\"https:\/\/alert.al\/wp-content\/uploads\/2025\/02\/479339986_1048075180698437_134899349072050418_n.jpg\"><img loading=\"lazy\" loading=\"lazy\" decoding=\"async\" class=\"attachment-large size-large\" src=\"https:\/\/alert.al\/wp-content\/uploads\/2025\/02\/479339986_1048075180698437_134899349072050418_n-1024x537.jpg\" sizes=\"auto, (max-width: 940px) 100vw, 940px\" srcset=\"https:\/\/alert.al\/wp-content\/uploads\/2025\/02\/479339986_1048075180698437_134899349072050418_n-1024x537.jpg 1024w, https:\/\/alert.al\/wp-content\/uploads\/2025\/02\/479339986_1048075180698437_134899349072050418_n-300x157.jpg 300w, https:\/\/alert.al\/wp-content\/uploads\/2025\/02\/479339986_1048075180698437_134899349072050418_n-768x403.jpg 768w, https:\/\/alert.al\/wp-content\/uploads\/2025\/02\/479339986_1048075180698437_134899349072050418_n.jpg 1536w\" alt=\"\" width=\"940\" height=\"493\" \/><\/a><\/li>\n<li><a class=\"thumbnail\" href=\"https:\/\/alert.al\/wp-content\/uploads\/2025\/02\/WhatsApp-Image-2025-02-13-at-12.03.27-1-scaled.jpeg\"><img loading=\"lazy\" loading=\"lazy\" decoding=\"async\" class=\"attachment-large size-large\" src=\"https:\/\/alert.al\/wp-content\/uploads\/2025\/02\/WhatsApp-Image-2025-02-13-at-12.03.27-1-1024x519.jpeg\" sizes=\"auto, (max-width: 940px) 100vw, 940px\" srcset=\"https:\/\/alert.al\/wp-content\/uploads\/2025\/02\/WhatsApp-Image-2025-02-13-at-12.03.27-1-1024x519.jpeg 1024w, https:\/\/alert.al\/wp-content\/uploads\/2025\/02\/WhatsApp-Image-2025-02-13-at-12.03.27-1-300x152.jpeg 300w, https:\/\/alert.al\/wp-content\/uploads\/2025\/02\/WhatsApp-Image-2025-02-13-at-12.03.27-1-768x389.jpeg 768w, https:\/\/alert.al\/wp-content\/uploads\/2025\/02\/WhatsApp-Image-2025-02-13-at-12.03.27-1-1536x778.jpeg 1536w, https:\/\/alert.al\/wp-content\/uploads\/2025\/02\/WhatsApp-Image-2025-02-13-at-12.03.27-1-2048x1038.jpeg 2048w\" alt=\"\" width=\"940\" height=\"476\" \/><\/a><\/li>\n<li><a class=\"thumbnail\" href=\"https:\/\/alert.al\/wp-content\/uploads\/2025\/02\/WhatsApp-Image-2025-02-13-at-12.03.27-4-scaled.jpeg\"><img loading=\"lazy\" loading=\"lazy\" decoding=\"async\" class=\"attachment-large size-large\" src=\"https:\/\/alert.al\/wp-content\/uploads\/2025\/02\/WhatsApp-Image-2025-02-13-at-12.03.27-4-1024x768.jpeg\" sizes=\"auto, (max-width: 940px) 100vw, 940px\" srcset=\"https:\/\/alert.al\/wp-content\/uploads\/2025\/02\/WhatsApp-Image-2025-02-13-at-12.03.27-4-1024x768.jpeg 1024w, https:\/\/alert.al\/wp-content\/uploads\/2025\/02\/WhatsApp-Image-2025-02-13-at-12.03.27-4-300x225.jpeg 300w, https:\/\/alert.al\/wp-content\/uploads\/2025\/02\/WhatsApp-Image-2025-02-13-at-12.03.27-4-768x576.jpeg 768w, https:\/\/alert.al\/wp-content\/uploads\/2025\/02\/WhatsApp-Image-2025-02-13-at-12.03.27-4-1536x1152.jpeg 1536w, https:\/\/alert.al\/wp-content\/uploads\/2025\/02\/WhatsApp-Image-2025-02-13-at-12.03.27-4-2048x1536.jpeg 2048w\" alt=\"\" width=\"940\" height=\"705\" \/><\/a><\/li>\n<\/ul>\n<p>Nd\u00ebrsa Z. L\u00e1szl\u00f3 \u00c1rend\u00e1s, Menaxher i Programit p\u00ebr Bujq\u00ebsi dhe Zhvillim Rural pran\u00eb Delegacionit t\u00eb BE-s\u00eb n\u00eb Shqip\u00ebri tha se, \u201cvendsoja e fokusit specifik n\u00eb sigurin\u00eb ushqimore, mbrojtjen e konsumatorit dhe \u2018food boorne diseases\u2019, jan\u00eb hapa t\u00eb sigurta drejt integrimit evropian. Z. Arendas p\u00ebrshkroi dhe situat\u00ebn aktuale t\u00eb harmonizimit t\u00eb legjislacionit n\u00eb kuad\u00ebr t\u00eb Kapitullit 12. Ai theksoi prezenc\u00ebn e vazhdushme t\u00eb Bashkimit Evropian n\u00eb asisistimin p\u00ebrgjat\u00eb procesit t\u00eb integrimit dhe rritjes s\u00eb besueshm\u00ebris\u00eb ndaj institucioneve publike si dhe infrastruktur\u00ebs s\u00eb p\u00ebrshtatshme t\u00eb mbrojtjes s\u00eb konsumatorit.<br \/>\nZ. Arian Jaupllari, Zv.Minist\u00ebr i Bujq\u00ebsis\u00eb dhe Zhvillimit Rural theksoi r\u00ebnd\u00ebsin\u00eb e bashkimit t\u00eb aktor\u00ebve t\u00eb p\u00ebrfshir\u00eb n\u00eb mbrojtjen e konsuimatorit dhe shtimin e hap\u00ebsirave ku t\u00eb nd\u00ebrveprojn\u00eb me nj\u00ebri-tjetrin. Ai u shpreh se \u201c\u00ebsht\u00eb e r\u00ebnd\u00ebsishme q\u00eb detyrat p\u00ebrkat\u00ebse t\u00eb aktor\u00ebve t\u00eb zbatohen n\u00eb m\u00ebnyr\u00eb sa m\u00eb efi\u00e7ente p\u00ebr t\u00eb siguruar nj\u00eb mdjeis t\u00eb sigurt p\u00ebr konsumatorin\u201d. Z. Jaupllari trajtoi dhe r\u00ebnd\u00ebsin\u00eb e parandalimit t\u00eb riskut, si nj\u00eb mekaniz\u00ebm me p\u00ebrfitime t\u00eb konsiderushme dhe nd\u00ebrgjegj\u00ebsimin sa m\u00eb t\u00eb larte t\u00eb konsumator\u00ebve si nj\u00eb hap afatgjat\u00eb.<br \/>\nZnj. Klotilda Neziri, nga Komisioni i Mbrojtjes s\u00eb Konsumatorit, Ministria e Ekonomis\u00eb, Kultur\u00ebs dhe Inovacionit, vler\u00ebsoi projektin si nj\u00eb mekaniz\u00ebm q\u00eb do japi kontribut t\u00eb ndjesh\u00ebm n\u00eb shoq\u00ebri duke i afruar m\u00eb shum\u00eb qytetar\u00ebt me ushtrimin e t\u00eb drejtave t\u00eb tyre si konsumator.<br \/>\nNd\u00ebrsa Znj. Alma Bilali, p\u00ebrfaq\u00ebsuese e Projektit SANECAII\/GIZ, theksoi gjithashtu r\u00ebnd\u00ebsin\u00eb e p\u00ebrcaktimit t\u00eb qart\u00eb t\u00eb p\u00ebrgjegj\u00ebsive dhe t\u00eb drejtave midis aktor\u00ebve p\u00ebr t\u00eb siguruar nj\u00eb infrastruktur\u00eb sa m\u00eb t\u00eb sigurt dhe t\u00eb q\u00ebndruesh\u00ebm.<\/p>\n<p>Znj. Edlira Muedini, Drejtore e Helvetas Shqip\u00ebri, e vendosi fokusin n\u00eb produktet q\u00eb vendosen p\u00ebr treg\u00ebtim dhe r\u00ebnd\u00ebsin\u00eb e bashkimit t\u00eb aktor\u00ebve n\u00eb m\u00ebnyr\u00eb q\u00eb k\u00ebto produkte t\u00eb jen\u00eb me standard sa m\u00eb t\u00eb larta n\u00eb tregun shqiptar dhe m\u00eb gjer\u00eb.<br \/>\nNd\u00ebrsaq Aina Hoti, Koordinatore p\u00ebr Komunikimin e Dhom\u00ebs s\u00eb Biznesit t\u00eb Diaspor\u00ebs Shqiptare, foli p\u00ebr cil\u00ebsin\u00eb dhe standardizimin e produkteve shqiptare, si vler\u00eb e shtuar e vendit ton\u00eb, kur ato tregtohen n\u00eb BE.<\/p>\n<p>Gjat\u00eb aktivitetit pjes\u00ebmarr\u00ebsit e pranish\u00ebm gjithashu u fokusuan n\u00eb rritjen e bashk\u00ebpunimit midis institucioneve publike, organizatave t\u00eb shoq\u00ebris\u00eb civile, donator\u00ebve, bizneseve, medias dhe akademis\u00eb p\u00ebr t\u00eb siguruar zhvillim t\u00eb q\u00ebndrush\u00ebm dhe me benefite t\u00eb ndjeshme p\u00ebr konsumatorin.<\/p>\n<p>Nj\u00eb \u00e7\u00ebshtje tjet\u00ebr q\u00eb u trajtua ishte dhe r\u00ebnd\u00ebsia e identifikim t\u00eb qart\u00eb t\u00eb problematikave t\u00eb p\u00ebrcjellura nga konsumator\u00ebt n\u00eb m\u00ebnyr\u00eb q\u00eb trajtimi i problemit t\u00eb kryhet n\u00eb m\u00ebnyr\u00eb sa m\u00eb efi\u00e7ente dhe aktor\u00ebt e p\u00ebrfshir\u00eb mos t\u00eb mbivendosen.<\/p>\n<ul id=\"photobox-gallery-2\" class=\"thumbnails photobox-gallery gallery gallery-columns-3\">\n<li><a class=\"thumbnail\" href=\"https:\/\/alert.al\/wp-content\/uploads\/2025\/02\/WhatsApp-Image-2025-02-13-at-12.03.27-10-scaled.jpeg\"><img loading=\"lazy\" loading=\"lazy\" decoding=\"async\" class=\"attachment-large size-large\" src=\"https:\/\/alert.al\/wp-content\/uploads\/2025\/02\/WhatsApp-Image-2025-02-13-at-12.03.27-10-768x1024.jpeg\" sizes=\"auto, (max-width: 768px) 100vw, 768px\" srcset=\"https:\/\/alert.al\/wp-content\/uploads\/2025\/02\/WhatsApp-Image-2025-02-13-at-12.03.27-10-768x1024.jpeg 768w, https:\/\/alert.al\/wp-content\/uploads\/2025\/02\/WhatsApp-Image-2025-02-13-at-12.03.27-10-225x300.jpeg 225w, https:\/\/alert.al\/wp-content\/uploads\/2025\/02\/WhatsApp-Image-2025-02-13-at-12.03.27-10-1152x1536.jpeg 1152w, https:\/\/alert.al\/wp-content\/uploads\/2025\/02\/WhatsApp-Image-2025-02-13-at-12.03.27-10-1536x2048.jpeg 1536w, https:\/\/alert.al\/wp-content\/uploads\/2025\/02\/WhatsApp-Image-2025-02-13-at-12.03.27-10-scaled.jpeg 1920w\" alt=\"\" width=\"768\" height=\"1024\" \/><\/a><\/li>\n<\/ul>\n<p style=\"text-align: left;\">M\u00eb posht\u00eb, mund t\u00eb gjeni pjes\u00eb nga fjala hap\u00ebse e Drejtorit t\u00eb Qendra ALERT, i cili prezantoi dhe nj\u00eb pjes\u00eb t\u00eb aktiviteteve:<br \/>\n\u201cKrijimi i Linj\u00ebs Jeshile p\u00ebr Konsumator\u00ebt ka qen\u00eb nj\u00eb ide dhe iniciativ\u00eb e para 4 viteve e Qendr\u00ebs ALERT dhe q\u00eb u finalizua fal\u00eb mb\u00ebshtetjes s\u00eb Delegacionit t\u00eb Bashkimit Evropian n\u00eb Shqip\u00ebri.<br \/>\nNj\u00ebher\u00ebsh, dua t\u00eb falenderoj Z.Gledis Gjipali, Drejtor i EMA dhe si partner n\u00eb k\u00ebt\u00eb projekt, p\u00ebr t\u00eb gjith\u00eb suportin e tij dhe bashk\u00ebpunimin e organizat\u00ebs q\u00eb drejton.<br \/>\nProjekti q\u00eb citova m\u00eb lart tashm\u00eb ka filluar dhe sot po e prezantojm\u00eb at\u00eb. Komponenti kryesor i tij, \u00ebsht\u00eb Linja Jeshile p\u00ebr Konsumator\u00ebt. \u00cbsht\u00eb nj\u00eb num\u00ebr ku \u00e7do konsumator do t\u00eb mund t\u00eb telefonoj\u00eb falas, p\u00ebr t\u00eb adresuar ankes\u00ebn apo denoncimin e tij dhe ne do t\u2019a ndjekim aty\u00eb at\u00eb pran\u00eb organeve t\u00eb duhura, sipas p\u00ebrgjegj\u00ebsis\u00eb ligjore.<br \/>\nDeri m\u00eb sot, nj\u00eb linj\u00eb e till\u00eb telefonike i ka munguar Shqip\u00ebris\u00eb dhe e gjykojm\u00eb si risi p\u00ebr mbrojtjen e konsumator\u00ebve e mund\u00ebsi p\u00ebr ata, n\u00eb koh\u00ebn kur shum\u00eb prej institucioneve publike apo inspektorateve ku qytetar\u00ebt mund dhe duhet t\u00eb ankohen, nuk kan\u00eb numra jeshil, n\u00eb disa nuk funksionojn\u00eb apo dhe n\u00eb diasa tjera, numrat fiks t\u00eb publikuar n\u00eb \u00ebebsitet e tyre, nuk eksiztojn\u00eb ose nuk p\u00ebrgjigjet njeri.<br \/>\nShqip\u00ebria \u00ebsht\u00eb ende n\u00eb hapa fillestar\u00eb p\u00ebrsa i takon mbrojtjes s\u00eb konsumator\u00ebve, nd\u00ebrsa vendet e BE dhe tjera t\u00eb zhvilluara, sloganin e 15 marsit 2025, q\u00eb p\u00ebrkon me Dit\u00ebn Bot\u00ebrore t\u00eb t\u00eb Drejtave t\u00eb Konsumatorit, e kan\u00eb quajtur \u201cNj\u00eb tranzicion i drejt\u00eb n\u00eb stile jetese t\u00eb q\u00ebndrueshme\u201d e q\u00eb lidhet me rritjen rekord t\u00eb temperaturave n\u00eb dekad\u00ebn e fundit, pra ngrohjen globale, motin ekstrem, humbjen e biodiversitetit dhe ndotjen e planetit, si nj\u00eb rrezik serioz p\u00ebr njer\u00ebzimin.<br \/>\nBashkimi Evropian ka nevoj\u00eb p\u00ebr vendet paraan\u00ebtar\u00ebsimit, t\u00eb cilat p\u00ebrpiqen te ecin n\u00eb t\u00eb nj\u00ebnt\u00ebn m\u00ebnyr\u00eb apo t\u00eb ndjekin ritmin e vendeve an\u00ebtare, n\u00eb mbrojtjen apo t\u00eb drejtat e konsumator\u00ebve e jovet\u00ebm.<br \/>\nNdaj, dhe ne e konsiderojm\u00eb k\u00ebt\u00eb nism\u00eb, si nj\u00eb risi, por edhe arritje p\u00ebr konsumator\u00ebt shqiptar.<br \/>\nP\u00ebtej Linj\u00ebs s\u00eb Konsumatorit, aktivitetet e projektit \u201cLinja e gjelb\u00ebr p\u00ebr mbrojtjen e konsumatorit \u2013 Siguria ushqimore dhe forcimi i mbrojtjes s\u00eb t\u00eb drejtave t\u00eb konsumator\u00ebve n\u00eb Shqip\u00ebri n\u00ebp\u00ebrmjet fuqizimit t\u00eb OSHC-ve lokale\u201d kan\u00eb t\u00eb b\u00ebjn\u00eb dhe me mentorimin dhe fuqizimin e organizatave lokale n\u00eb zona t\u00eb ndryshme t\u00eb Shqip\u00ebris\u00eb p\u00ebr t\u00eb drejtat e konsumator\u00ebve, me q\u00ebllim nd\u00ebrmarrjen edhe nga ana e tyre t\u00eb nismave p\u00ebr t\u00eb mbrojtur konsumator\u00ebt, p\u00ebr t\u00eb futur n\u00eb objekt t\u00eb pun\u00ebs s\u00eb tyre te drejtat e konsumator\u00ebve;<br \/>\nGjithashtu, aktivitetet tjera tonat kan\u00eb t\u00eb b\u00ebjn\u00eb;<br \/>\nMe pyet\u00ebsor\u00eb p\u00ebr konsumator\u00ebt dhe problematikat me t\u00eb cilat ata p\u00ebrballen;<br \/>\nMe raporte p\u00ebr natyr\u00ebn e ankesave t\u00eb konsumator\u00ebve dhe advokimin pran\u00eb instituicioneve politikb\u00ebr\u00ebse dhe ligjzbatuese;<br \/>\nMe edukim e nd\u00ebrgjegj\u00ebsim konsumatori n\u00ebp\u00ebrmjet mediave apo dhe \u201cface to face\u201d,<br \/>\nMe emisione televizive t\u00eb dedikuara p\u00ebr edukim e nd\u00ebrgjegj\u00ebsim konsumatori, ku dhe do t\u00eb publikohen n\u00eb form\u00eb denoncimi dhe ankesat\/denoncimet e konsumator\u00ebve n\u00eb rast q\u00eb nuk gjendet zgjidhja e tyre.<br \/>\nDhe e fundit n\u00eb fjal\u00ebn time, por jo p\u00ebr nga r\u00ebnd\u00ebsia dhe jo e fundit e aktiviteteve, n\u00eb platform\u00ebn alert.al, konsumator\u00ebt do t\u00eb ken\u00eb mund\u00ebsi t\u00eb ndjekin online ankes\u00ebn e tyre dhe n\u00eb cil\u00ebn faz\u00eb ndodhet ajo\u201d.<br \/>\nLinja e Gjelb\u00ebr p\u00ebr Mbrojtjen e Konsumator\u00ebve 08002626, \u00ebsht\u00eb nj\u00eb mund\u00ebsi p\u00ebr t\u00eb gjith\u00eb qytetar\u00ebt, q\u00eb t\u00eb adresojn\u00eb ankesat e shqet\u00ebsimet e tyre, q\u00eb kan\u00eb t\u00eb b\u00ebjn\u00eb me sigurin\u00eb ushqimore, produktet joushqimore, blerjet online, paketat e udh\u00ebtimeve, praktikat e padrejta tregtare, mashtrimet me produkte apo sh\u00ebrbime, p\u00ebr industrin\u00eb financiare bankare dhe jobankare e gjith\u00e7ka tjet\u00ebr si konsumator.<\/p>\n","protected":false},"excerpt":{"rendered":"<p>M\u00eb 12 shkurt 2025 u mbajt n\u00eb Tiran\u00eb aktiviteti prezantues i projektit \u201cLinja e gjelb\u00ebr p\u00ebr mbrojtjen e konsumatorit \u2013 Siguria ushqimore dhe forcimi i mbrojtjes s\u00eb t\u00eb drejtave t\u00eb konsumator\u00ebve n\u00eb Shqip\u00ebri n\u00ebp\u00ebrmjet fuqizimit t\u00eb OSHC-ve lokale\u201d,\u00a0financuar nga Bashkimi Evropian (IPA III\/2024)\u00a0dhe q\u00eb po zbatohet nga\u00a0Qendra ALERT\u00a0n\u00eb bashk\u00ebpunim me\u00a0L\u00ebvizjen Europiane n\u00eb Shqip\u00ebri (EMA). Aktiviteti [&hellip;]<\/p>\n","protected":false},"author":5,"featured_media":84645,"comment_status":"closed","ping_status":"closed","sticky":false,"template":"","format":"standard","meta":{"footnotes":""},"categories":[7652,6332,29228],"tags":[35025],"class_list":{"0":"post-84644","1":"post","2":"type-post","3":"status-publish","4":"format-standard","5":"has-post-thumbnail","7":"category-shendetesi","8":"category-te-fundit","9":"category-vendi","10":"tag-foto-prezantohet-linja-e-gjelbert-per-mbrojtjen-e-konsumatoreve-per-sigurine-ushqimore"},"_links":{"self":[{"href":"https:\/\/jugulajm.net\/index.php?rest_route=\/wp\/v2\/posts\/84644","targetHints":{"allow":["GET"]}}],"collection":[{"href":"https:\/\/jugulajm.net\/index.php?rest_route=\/wp\/v2\/posts"}],"about":[{"href":"https:\/\/jugulajm.net\/index.php?rest_route=\/wp\/v2\/types\/post"}],"author":[{"embeddable":true,"href":"https:\/\/jugulajm.net\/index.php?rest_route=\/wp\/v2\/users\/5"}],"replies":[{"embeddable":true,"href":"https:\/\/jugulajm.net\/index.php?rest_route=%2Fwp%2Fv2%2Fcomments&post=84644"}],"version-history":[{"count":1,"href":"https:\/\/jugulajm.net\/index.php?rest_route=\/wp\/v2\/posts\/84644\/revisions"}],"predecessor-version":[{"id":84646,"href":"https:\/\/jugulajm.net\/index.php?rest_route=\/wp\/v2\/posts\/84644\/revisions\/84646"}],"wp:featuredmedia":[{"embeddable":true,"href":"https:\/\/jugulajm.net\/index.php?rest_route=\/wp\/v2\/media\/84645"}],"wp:attachment":[{"href":"https:\/\/jugulajm.net\/index.php?rest_route=%2Fwp%2Fv2%2Fmedia&parent=84644"}],"wp:term":[{"taxonomy":"category","embeddable":true,"href":"https:\/\/jugulajm.net\/index.php?rest_route=%2Fwp%2Fv2%2Fcategories&post=84644"},{"taxonomy":"post_tag","embeddable":true,"href":"https:\/\/jugulajm.net\/index.php?rest_route=%2Fwp%2Fv2%2Ftags&post=84644"}],"curies":[{"name":"wp","href":"https:\/\/api.w.org\/{rel}","templated":true}]}}