{"id":84642,"date":"2025-02-13T16:49:03","date_gmt":"2025-02-13T15:49:03","guid":{"rendered":"https:\/\/jugulajm.net\/?p=84642"},"modified":"2025-02-13T16:49:03","modified_gmt":"2025-02-13T15:49:03","slug":"prangoset-32-vjecari-nga-luzati-ishte-ne-kerkim-per-dhenie-ndihme-ndaj-emigranteve-te-paligjshem","status":"publish","type":"post","link":"https:\/\/jugulajm.net\/?p=84642","title":{"rendered":"Prangoset 32-vje\u00e7ari nga Luzati, ishte n\u00eb k\u00ebrkim p\u00ebr dh\u00ebnie ndihme ndaj emigrant\u00ebve t\u00eb paligjsh\u00ebm"},"content":{"rendered":"<p>Policia ka v\u00ebn\u00eb n\u00eb pranga nj\u00eb 32-vje\u00e7ar nga fshati Luzat i Tepelen\u00ebs, i akuzuar si bashk\u00ebpun\u00ebtor n\u00eb nj\u00eb rast t\u00eb dh\u00ebnies ndihm\u00eb emigrant\u00ebve nga Vendet e Treta, p\u00ebr kalim t\u00eb paligjsh\u00ebm t\u00eb kufirit.<\/p>\n<p><strong>Njoftimi i policis\u00eb:<\/strong><\/p>\n<p>Finalizohet operacioni policor i koduar \u201cWanted 1\u201d, p\u00ebr kapjen e nj\u00eb shtetasi n\u00eb k\u00ebrkim.<\/p>\n<p>32-vje\u00e7ari i ndaluar, i akuzuar si bashk\u00ebpun\u00ebtor n\u00eb nj\u00eb rast t\u00eb dh\u00ebnies ndihm\u00eb emigrant\u00ebve nga Vendet e Treta, p\u00ebr kalim t\u00eb paligjsh\u00ebm t\u00eb kufirit.<\/p>\n<p>Specialist\u00ebt e Seksionit p\u00ebr Hetimin e Trafiqeve dhe Narkotik\u00ebve, n\u00eb bashk\u00ebpunim me Seksionin Operacional, t\u00eb DVP Gjirokast\u00ebr, dhe me Komisariatin e Policis\u00eb Tepelen\u00eb, bazuar n\u00eb informacionet e siguruara nga inteligjenca policore, p\u00ebr vendndodhjen e nj\u00eb shtetasi n\u00eb k\u00ebrkim, kan\u00eb organizuar dhe finalizuar operacionin policor t\u00eb koduar \u201c\u00cbanted 1\u201d.<\/p>\n<p>Gjat\u00eb k\u00ebtij operacioni, u kap n\u00eb fshatin Luzat, Tepelen\u00eb, dhe u vu n\u00eb pranga shtetasi K. Q., 32 vje\u00e7, banues n\u00eb fshatin Luzat.<\/p>\n<p>Ky shtetas ishte shpallur n\u00eb k\u00ebrkim pasi Gjykata e Shkall\u00ebs s\u00eb Par\u00eb e Juridiksionit t\u00eb P\u00ebrgjithsh\u00ebm Gjirokast\u00ebr, me vendimin e dat\u00ebs 19.02.2024, i ka caktuar mas\u00ebn e siguris\u00eb \u201cArrest n\u00eb burg\u201d, p\u00ebr vepr\u00ebn penale \u201dNdihma p\u00ebr kalim t\u00eb paligjsh\u00ebm t\u00eb kufijve\u201d, sepse m\u00eb dat\u00eb 10.03.2022, n\u00eb bashk\u00ebpunim me 2 shtetas t\u00eb tjer\u00eb (t\u00eb arrestuar n\u00eb datat 05.05.2022 dhe 20.02.2024), transportonte me furgon, kundrejt pages\u00ebs, 16 emigrant\u00eb nga Vendet e Treta, q\u00eb synonin t\u00eb kalonin ilegalisht kufirin.<\/p>\n<p>Materialet procedurale i kaluan Prokuroris\u00eb pran\u00eb Gjykat\u00ebs s\u00eb Shkall\u00ebs s\u00eb Par\u00eb t\u00eb Juridiksionit t\u00eb P\u00ebrgjithsh\u00ebm Gjirokast\u00ebr, p\u00ebr veprime t\u00eb m\u00ebtejshme.<\/p>\n","protected":false},"excerpt":{"rendered":"<p>Policia ka v\u00ebn\u00eb n\u00eb pranga nj\u00eb 32-vje\u00e7ar nga fshati Luzat i Tepelen\u00ebs, i akuzuar si bashk\u00ebpun\u00ebtor n\u00eb nj\u00eb rast t\u00eb dh\u00ebnies ndihm\u00eb emigrant\u00ebve nga Vendet e Treta, p\u00ebr kalim t\u00eb paligjsh\u00ebm t\u00eb kufirit. Njoftimi i policis\u00eb: Finalizohet operacioni policor i koduar \u201cWanted 1\u201d, p\u00ebr kapjen e nj\u00eb shtetasi n\u00eb k\u00ebrkim. 32-vje\u00e7ari i ndaluar, i akuzuar [&hellip;]<\/p>\n","protected":false},"author":5,"featured_media":78106,"comment_status":"closed","ping_status":"closed","sticky":false,"template":"","format":"standard","meta":{"footnotes":""},"categories":[1,6332,29228],"tags":[35024,35023],"class_list":{"0":"post-84642","1":"post","2":"type-post","3":"status-publish","4":"format-standard","5":"has-post-thumbnail","7":"category-aktualitet","8":"category-te-fundit","9":"category-vendi","10":"tag-ishte-ne-kerkim-per-dhenie-ndihme-ndaj-emigranteve-te-paligjshem","11":"tag-prangoset-32-vjecari-nga-luzati"},"_links":{"self":[{"href":"https:\/\/jugulajm.net\/index.php?rest_route=\/wp\/v2\/posts\/84642","targetHints":{"allow":["GET"]}}],"collection":[{"href":"https:\/\/jugulajm.net\/index.php?rest_route=\/wp\/v2\/posts"}],"about":[{"href":"https:\/\/jugulajm.net\/index.php?rest_route=\/wp\/v2\/types\/post"}],"author":[{"embeddable":true,"href":"https:\/\/jugulajm.net\/index.php?rest_route=\/wp\/v2\/users\/5"}],"replies":[{"embeddable":true,"href":"https:\/\/jugulajm.net\/index.php?rest_route=%2Fwp%2Fv2%2Fcomments&post=84642"}],"version-history":[{"count":1,"href":"https:\/\/jugulajm.net\/index.php?rest_route=\/wp\/v2\/posts\/84642\/revisions"}],"predecessor-version":[{"id":84643,"href":"https:\/\/jugulajm.net\/index.php?rest_route=\/wp\/v2\/posts\/84642\/revisions\/84643"}],"wp:featuredmedia":[{"embeddable":true,"href":"https:\/\/jugulajm.net\/index.php?rest_route=\/wp\/v2\/media\/78106"}],"wp:attachment":[{"href":"https:\/\/jugulajm.net\/index.php?rest_route=%2Fwp%2Fv2%2Fmedia&parent=84642"}],"wp:term":[{"taxonomy":"category","embeddable":true,"href":"https:\/\/jugulajm.net\/index.php?rest_route=%2Fwp%2Fv2%2Fcategories&post=84642"},{"taxonomy":"post_tag","embeddable":true,"href":"https:\/\/jugulajm.net\/index.php?rest_route=%2Fwp%2Fv2%2Ftags&post=84642"}],"curies":[{"name":"wp","href":"https:\/\/api.w.org\/{rel}","templated":true}]}}