{"id":84634,"date":"2025-02-13T11:10:46","date_gmt":"2025-02-13T10:10:46","guid":{"rendered":"https:\/\/jugulajm.net\/?p=84634"},"modified":"2025-02-13T11:11:31","modified_gmt":"2025-02-13T10:11:31","slug":"greqi-32-vjecari-shqiptar-humb-jeten-ne-aksident-plagoset-kunati-i-tij","status":"publish","type":"post","link":"https:\/\/jugulajm.net\/?p=84634","title":{"rendered":"Greqi, 32-vje\u00e7ari shqiptar humb jet\u00ebn n\u00eb aksident, plagoset kunati i tij"},"content":{"rendered":"<p>Mbr\u00ebmjen e djeshme nj\u00eb i ri shqiptar ka humbur jet\u00ebn, si pasoj\u00eb e nj\u00eb aksidenti t\u00eb r\u00ebnd\u00eb t\u00eb ndodhur n\u00eb Greqi.<\/p>\n<p>Protothema.gr, b\u00ebn me dije se ka humbur jet\u00ebn 32-vje\u00e7ari me origjin\u00eb shqiptare K.T, nd\u00ebrsa i palgosur r\u00ebnd\u00eb ka mbetur nj\u00eb 26-vje\u00e7ar.<\/p>\n<p>Aksidenti ka ndodhur rreth or\u00ebs 21:00 t\u00eb mbr\u00ebmjes s\u00eb t\u00eb m\u00ebrkur\u00ebs, 12 shkurt, n\u00eb rrug\u00ebn nacionale Antirrio-Janin\u00eb, n\u00eb af\u00ebrsi t\u00eb Evinochorit.<\/p>\n<p>Automjeti n\u00eb t\u00eb cilin udh\u00ebtonin dy t\u00eb rinjt\u00eb ka dal\u00eb nga rruga, \u00ebsht\u00eb p\u00ebrplasur me nj\u00eb mur dhe \u00ebsht\u00eb p\u00ebrmbysur.<\/p>\n<p>Shkaqet e aksidentit jan\u00eb ende duke u hetuar.<\/p>\n<p>Dy t\u00eb rinjt\u00eb u d\u00ebrguan fillimisht n\u00eb Spitalin e Messolongut ku u shpall i vdekur 32-vje\u00e7ari K.T.<\/p>\n<p>Nd\u00ebrsa 26-vje\u00e7ari \u00ebsht\u00eb intubuar dhe ndodhet n\u00eb gjendje t\u00eb r\u00ebnd\u00eb.<\/p>\n<p>K.T ishte me origjin\u00eb shqiptare dhe jetonte n\u00eb Agrinio. Ai ishte martuar me motr\u00ebn e 26-vje\u00e7arit.<\/p>\n","protected":false},"excerpt":{"rendered":"<p>Mbr\u00ebmjen e djeshme nj\u00eb i ri shqiptar ka humbur jet\u00ebn, si pasoj\u00eb e nj\u00eb aksidenti t\u00eb r\u00ebnd\u00eb t\u00eb ndodhur n\u00eb Greqi. Protothema.gr, b\u00ebn me dije se ka humbur jet\u00ebn 32-vje\u00e7ari me origjin\u00eb shqiptare K.T, nd\u00ebrsa i palgosur r\u00ebnd\u00eb ka mbetur nj\u00eb 26-vje\u00e7ar. Aksidenti ka ndodhur rreth or\u00ebs 21:00 t\u00eb mbr\u00ebmjes s\u00eb t\u00eb m\u00ebrkur\u00ebs, 12 shkurt, [&hellip;]<\/p>\n","protected":false},"author":5,"featured_media":56952,"comment_status":"closed","ping_status":"closed","sticky":false,"template":"","format":"standard","meta":{"footnotes":""},"categories":[1,6332],"tags":[28681,26537,35020],"class_list":{"0":"post-84634","1":"post","2":"type-post","3":"status-publish","4":"format-standard","5":"has-post-thumbnail","7":"category-aktualitet","8":"category-te-fundit","9":"tag-32-vjecari-shqiptar-humb-jeten-ne-aksident","10":"tag-greqi","11":"tag-plagoset-kunati-i-tij"},"_links":{"self":[{"href":"https:\/\/jugulajm.net\/index.php?rest_route=\/wp\/v2\/posts\/84634","targetHints":{"allow":["GET"]}}],"collection":[{"href":"https:\/\/jugulajm.net\/index.php?rest_route=\/wp\/v2\/posts"}],"about":[{"href":"https:\/\/jugulajm.net\/index.php?rest_route=\/wp\/v2\/types\/post"}],"author":[{"embeddable":true,"href":"https:\/\/jugulajm.net\/index.php?rest_route=\/wp\/v2\/users\/5"}],"replies":[{"embeddable":true,"href":"https:\/\/jugulajm.net\/index.php?rest_route=%2Fwp%2Fv2%2Fcomments&post=84634"}],"version-history":[{"count":2,"href":"https:\/\/jugulajm.net\/index.php?rest_route=\/wp\/v2\/posts\/84634\/revisions"}],"predecessor-version":[{"id":84636,"href":"https:\/\/jugulajm.net\/index.php?rest_route=\/wp\/v2\/posts\/84634\/revisions\/84636"}],"wp:featuredmedia":[{"embeddable":true,"href":"https:\/\/jugulajm.net\/index.php?rest_route=\/wp\/v2\/media\/56952"}],"wp:attachment":[{"href":"https:\/\/jugulajm.net\/index.php?rest_route=%2Fwp%2Fv2%2Fmedia&parent=84634"}],"wp:term":[{"taxonomy":"category","embeddable":true,"href":"https:\/\/jugulajm.net\/index.php?rest_route=%2Fwp%2Fv2%2Fcategories&post=84634"},{"taxonomy":"post_tag","embeddable":true,"href":"https:\/\/jugulajm.net\/index.php?rest_route=%2Fwp%2Fv2%2Ftags&post=84634"}],"curies":[{"name":"wp","href":"https:\/\/api.w.org\/{rel}","templated":true}]}}