{"id":84631,"date":"2025-02-13T09:56:20","date_gmt":"2025-02-13T08:56:20","guid":{"rendered":"https:\/\/jugulajm.net\/?p=84631"},"modified":"2025-02-13T09:56:20","modified_gmt":"2025-02-13T08:56:20","slug":"cfare-mielli-ke-marre-sta-kane-dhene-te-mire-rama-replika-me-qytetaret-mos-u","status":"publish","type":"post","link":"https:\/\/jugulajm.net\/?p=84631","title":{"rendered":"\u201c\u00c7far\u00eb mielli ke marr\u00eb, s\u2019ta kan\u00eb dh\u00ebn\u00eb t\u00eb mir\u00eb\u201d, Rama replika me qytetar\u00ebt: Mos u&#8230;"},"content":{"rendered":"<p>K\u00ebt\u00eb m\u00ebngjes kryeministri\u00a0 Edi Rama, ka replikuar me qytetar\u00ebt n\u00eb rubrik\u00ebn \u201cSy m\u00eb sy\u201d, teksa komentonte arrestimin e kryebashkiakut Erion Veliaj.<\/p>\n<p><strong>Edi Rama:<\/strong> T\u00eb mos m\u00eb b\u00ebj\u00eb mua njeri \u201clule mos prek\u201d, jam njeriu m\u00eb i sulmuar.<\/p>\n<p>Eh mos u b\u00ebni komplet qesharak\u00eb disa k\u00ebtu, \u00c7far\u00eb mielli ke marr\u00eb, s\u2019ta paskan dh\u00ebn\u00eb t\u00eb mir\u00eb, s\u2019kam nevoj\u00eb fare p\u00ebr at\u00eb, \u00ebsht\u00eb tjet\u00ebr droga ime.<\/p>\n<p>Nuk e dini ju fare \u00e7far\u00eb droge marr un\u00eb,. Q\u00eb i vog\u00ebl arti dhe m\u00eb pas beteja politike. k\u00ebto t\u00eb tjerat jan\u00eb muhabete q\u00eb ata ua thon\u00eb mbase i kan\u00eb provuar vet\u00eb t\u00eb gjitha.<\/p>\n<p>Pa i m\u00ebshuar tavolin\u00ebs nuk l\u00ebvizin gj\u00ebrat si duhet. Kush nuk i m\u00ebshon tavolin\u00ebs t\u00eb ik\u00eb n\u00eb pun\u00eb t\u00eb vet\u00eb.- u shpreh Rama.<\/p>\n","protected":false},"excerpt":{"rendered":"<p>K\u00ebt\u00eb m\u00ebngjes kryeministri\u00a0 Edi Rama, ka replikuar me qytetar\u00ebt n\u00eb rubrik\u00ebn \u201cSy m\u00eb sy\u201d, teksa komentonte arrestimin e kryebashkiakut Erion Veliaj. Edi Rama: T\u00eb mos m\u00eb b\u00ebj\u00eb mua njeri \u201clule mos prek\u201d, jam njeriu m\u00eb i sulmuar. Eh mos u b\u00ebni komplet qesharak\u00eb disa k\u00ebtu, \u00c7far\u00eb mielli ke marr\u00eb, s\u2019ta paskan dh\u00ebn\u00eb t\u00eb mir\u00eb, s\u2019kam [&hellip;]<\/p>\n","protected":false},"author":5,"featured_media":84632,"comment_status":"closed","ping_status":"closed","sticky":false,"template":"","format":"standard","meta":{"footnotes":""},"categories":[6326,6332,29228],"tags":[35017,35019,35018],"class_list":{"0":"post-84631","1":"post","2":"type-post","3":"status-publish","4":"format-standard","5":"has-post-thumbnail","7":"category-politike","8":"category-te-fundit","9":"category-vendi","10":"tag-cfare-mielli-ke-marre","11":"tag-rama-replika-me-qytetaret-mos-u","12":"tag-sta-kane-dhene-te-mire"},"_links":{"self":[{"href":"https:\/\/jugulajm.net\/index.php?rest_route=\/wp\/v2\/posts\/84631","targetHints":{"allow":["GET"]}}],"collection":[{"href":"https:\/\/jugulajm.net\/index.php?rest_route=\/wp\/v2\/posts"}],"about":[{"href":"https:\/\/jugulajm.net\/index.php?rest_route=\/wp\/v2\/types\/post"}],"author":[{"embeddable":true,"href":"https:\/\/jugulajm.net\/index.php?rest_route=\/wp\/v2\/users\/5"}],"replies":[{"embeddable":true,"href":"https:\/\/jugulajm.net\/index.php?rest_route=%2Fwp%2Fv2%2Fcomments&post=84631"}],"version-history":[{"count":1,"href":"https:\/\/jugulajm.net\/index.php?rest_route=\/wp\/v2\/posts\/84631\/revisions"}],"predecessor-version":[{"id":84633,"href":"https:\/\/jugulajm.net\/index.php?rest_route=\/wp\/v2\/posts\/84631\/revisions\/84633"}],"wp:featuredmedia":[{"embeddable":true,"href":"https:\/\/jugulajm.net\/index.php?rest_route=\/wp\/v2\/media\/84632"}],"wp:attachment":[{"href":"https:\/\/jugulajm.net\/index.php?rest_route=%2Fwp%2Fv2%2Fmedia&parent=84631"}],"wp:term":[{"taxonomy":"category","embeddable":true,"href":"https:\/\/jugulajm.net\/index.php?rest_route=%2Fwp%2Fv2%2Fcategories&post=84631"},{"taxonomy":"post_tag","embeddable":true,"href":"https:\/\/jugulajm.net\/index.php?rest_route=%2Fwp%2Fv2%2Ftags&post=84631"}],"curies":[{"name":"wp","href":"https:\/\/api.w.org\/{rel}","templated":true}]}}